{"id":1744,"date":"2023-10-10T07:37:00","date_gmt":"2023-10-10T07:37:00","guid":{"rendered":"https:\/\/lafuente.mx\/?p=1744"},"modified":"2023-10-10T15:45:39","modified_gmt":"2023-10-10T15:45:39","slug":"tema-del-dia-mundial-de-la-salud-mental","status":"publish","type":"post","link":"https:\/\/lafuente.mx\/?p=1744","title":{"rendered":"Tema del D\u00eda Mundial de la Salud Mental"},"content":{"rendered":"\n<hr class=\"wp-block-separator has-text-color has-vivid-cyan-blue-color has-alpha-channel-opacity has-vivid-cyan-blue-background-color has-background\"\/>\n\n\n\n<p class=\"has-large-font-size\"><strong>&#8216;LA SALUD MENTAL ES UN DERECHO HUMANO UNIVERSAL&#8217;<\/strong>&nbsp;<\/p>\n\n\n\n<p class=\"has-text-color has-medium-font-size\" style=\"color:#22465b\">El 10 de octubre de 2023 celebraremos el D\u00eda Mundial de la Salud Mental con el tema <strong>&#8216;La salud mental es un derecho humano universal&#8217;<\/strong> elegido mediante una votaci\u00f3n global abierta al p\u00fablico, incluidos los miembros, las partes interesadas y los partidarios de la Federaci\u00f3n Mundial de Salud Mental (WFMH).&nbsp;<\/p>\n\n\n\n<p class=\"has-text-color has-medium-font-size\" style=\"color:#22465b\">La celebraci\u00f3n del D\u00eda Mundial de la Salud Mental de este a\u00f1o coincide con el 75\u00ba aniversario de la fundaci\u00f3n de la WFMH en 1948. En su fundaci\u00f3n se hicieron una serie de recomendaciones, entre ellas que los organismos especializados de las Naciones Unidas (ONU) deber\u00edan hacer todo lo posible para coordinar sus actividades en aras del desarrollo de programas adecuados de salud mental dentro de cada naci\u00f3n miembro; y que la Organizaci\u00f3n Mundial de la Salud (OMS) preste la atenci\u00f3n adecuada a los principios de salud mental en sus programas de salud, recurriendo a la cooperaci\u00f3n de organizaciones profesionales internacionales.&nbsp;&nbsp;&nbsp;&nbsp;&nbsp;&nbsp;&nbsp;<\/p>\n\n\n\n<figure class=\"wp-block-image\"><img decoding=\"async\" loading=\"lazy\" width=\"640\" height=\"288\" src=\"https:\/\/i0.wp.com\/lafuente.mx\/wp-content\/uploads\/2023\/09\/salud-mental2-1024x461.jpeg?resize=640%2C288&#038;ssl=1\" alt=\"\" class=\"wp-image-1747\" srcset=\"https:\/\/i0.wp.com\/lafuente.mx\/wp-content\/uploads\/2023\/09\/salud-mental2.jpeg?resize=1024%2C461&amp;ssl=1 1024w, https:\/\/i0.wp.com\/lafuente.mx\/wp-content\/uploads\/2023\/09\/salud-mental2.jpeg?resize=300%2C135&amp;ssl=1 300w, https:\/\/i0.wp.com\/lafuente.mx\/wp-content\/uploads\/2023\/09\/salud-mental2.jpeg?resize=768%2C346&amp;ssl=1 768w, https:\/\/i0.wp.com\/lafuente.mx\/wp-content\/uploads\/2023\/09\/salud-mental2.jpeg?w=1500&amp;ssl=1 1500w, https:\/\/i0.wp.com\/lafuente.mx\/wp-content\/uploads\/2023\/09\/salud-mental2.jpeg?w=1280 1280w\" sizes=\"(max-width: 640px) 100vw, 640px\" data-recalc-dims=\"1\" \/><figcaption class=\"wp-element-caption\">Imagen: Amnist\u00eda Internacional<\/figcaption><\/figure>\n\n\n\n<p class=\"has-text-color has-medium-font-size\" style=\"color:#22465b\">El tema de este a\u00f1o nos permite redoblar nuestros esfuerzos para garantizar que todos reciban atenci\u00f3n de salud mental de calidad y que los derechos humanos y el bienestar de las personas con enfermedades mentales sean respetados en todas partes del mundo para que todas las personas con enfermedades mentales dificultad de salud tiene:&nbsp;<\/p>\n\n\n\n<ol start=\"1\">\n<li class=\"has-medium-font-size\">El derecho a ser protegido de da\u00f1os conocidos a la salud mental; un derecho universal que se aplica a toda la poblaci\u00f3n, pero especialmente a los vulnerables, incluidos los ni\u00f1os, las minor\u00edas y los pueblos desplazados.&nbsp;<\/li>\n<\/ol>\n\n\n\n<ol start=\"2\">\n<li class=\"has-medium-font-size\">El derecho a acceder a una atenci\u00f3n asequible y de calidad cuando una persona tiene dificultades con su salud mental.&nbsp;<\/li>\n<\/ol>\n\n\n\n<ol start=\"3\">\n<li class=\"has-medium-font-size\">El derecho a la libertad y a la dignidad, incluido el derecho a elegir.&nbsp;<\/li>\n<\/ol>\n\n\n\n<p class=\"has-text-color has-medium-font-size\" style=\"color:#22465b\">El tema del D\u00eda Mundial de la Salud Mental 2023, <strong>&#8216;La salud mental es un derecho humano universal&#8217;,<\/strong> nos brinda la oportunidad de reavivar nuestros esfuerzos para hacer del mundo un lugar mejor.&nbsp;<\/p>\n\n\n\n<hr class=\"wp-block-separator has-text-color has-vivid-cyan-blue-color has-alpha-channel-opacity has-vivid-cyan-blue-background-color has-background is-style-wide\"\/>\n\n\n\n<div class=\"wp-block-buttons is-layout-flex wp-block-buttons-is-layout-flex\">\n<div class=\"wp-block-button\"><a class=\"wp-block-button__link has-vivid-cyan-blue-background-color has-background wp-element-button\" href=\"https:\/\/wfmh.global\/news\/2023.23-06-01_2023-world-mental-health-global-awareness-campaign\">M\u00e1s informaci\u00f3n<\/a><\/div>\n<\/div>\n","protected":false},"excerpt":{"rendered":"<p>&#8216;LA SALUD MENTAL ES UN DERECHO HUMANO UNIVERSAL&#8217;&nbsp; El 10 de octubre de 2023 celebraremos el D\u00eda Mundial de la Salud Mental con el tema<\/p>\n","protected":false},"author":3,"featured_media":1747,"comment_status":"closed","ping_status":"closed","sticky":false,"template":"","format":"standard","meta":{"footnotes":"","jetpack_publicize_message":"","jetpack_is_tweetstorm":false,"jetpack_publicize_feature_enabled":true},"categories":[13],"tags":[458,457,98,21,32],"jetpack_publicize_connections":[],"yoast_head":"<!-- This site is optimized with the Yoast SEO plugin v19.4 - https:\/\/yoast.com\/wordpress\/plugins\/seo\/ -->\n<title>Tema del D\u00eda Mundial de la Salud Mental -<\/title>\n<meta name=\"description\" content=\"El 10 de octubre de 2023 celebraremos el D\u00eda Mundial de la Salud Mental con el tema &#039;La salud mental es un derecho humano universal&#039; elegido mediante una votaci\u00f3n global abierta al p\u00fablico, incluidos los miembros, las partes interesadas y los partidarios de la Federaci\u00f3n Mundial de Salud Mental (WFMH).\u00a0\" \/>\n<meta name=\"robots\" content=\"index, follow, max-snippet:-1, max-image-preview:large, max-video-preview:-1\" \/>\n<link rel=\"canonical\" href=\"https:\/\/lafuente.mx\/?p=1744\" \/>\n<meta property=\"og:locale\" content=\"es_MX\" \/>\n<meta property=\"og:type\" content=\"article\" \/>\n<meta property=\"og:title\" content=\"Tema del D\u00eda Mundial de la Salud Mental\" \/>\n<meta property=\"og:description\" content=\"El 10 de octubre de 2023 celebraremos el D\u00eda Mundial de la Salud Mental con el tema &#039;La salud mental es un derecho humano universal&#039; elegido mediante una votaci\u00f3n global abierta al p\u00fablico, incluidos los miembros, las partes interesadas y los partidarios de la Federaci\u00f3n Mundial de Salud Mental (WFMH).\u00a0\" \/>\n<meta property=\"og:url\" content=\"https:\/\/lafuente.mx\/?p=1744\" \/>\n<meta property=\"article:published_time\" content=\"2023-10-10T07:37:00+00:00\" \/>\n<meta property=\"article:modified_time\" content=\"2023-10-10T15:45:39+00:00\" \/>\n<meta property=\"og:image\" content=\"http:\/\/lafuente.mx\/wp-content\/uploads\/2023\/09\/salud-mental2.jpeg\" \/>\n\t<meta property=\"og:image:width\" content=\"1500\" \/>\n\t<meta property=\"og:image:height\" content=\"676\" \/>\n\t<meta property=\"og:image:type\" content=\"image\/jpeg\" \/>\n<meta name=\"author\" content=\"Claudia Gallardo\" \/>\n<meta name=\"twitter:card\" content=\"summary_large_image\" \/>\n<meta name=\"twitter:title\" content=\"Tema del D\u00eda Mundial de la Salud Mental\" \/>\n<meta name=\"twitter:label1\" content=\"Escrito por\" \/>\n\t<meta name=\"twitter:data1\" content=\"Claudia Gallardo\" \/>\n\t<meta name=\"twitter:label2\" content=\"Tiempo de lectura\" \/>\n\t<meta name=\"twitter:data2\" content=\"2 minutos\" \/>\n<script type=\"application\/ld+json\" class=\"yoast-schema-graph\">{\"@context\":\"https:\/\/schema.org\",\"@graph\":[{\"@type\":\"WebSite\",\"@id\":\"https:\/\/lafuente.mx\/#website\",\"url\":\"https:\/\/lafuente.mx\/\",\"name\":\"\",\"description\":\"Informaci\u00f3n confiable sobre salud mental\",\"potentialAction\":[{\"@type\":\"SearchAction\",\"target\":{\"@type\":\"EntryPoint\",\"urlTemplate\":\"https:\/\/lafuente.mx\/?s={search_term_string}\"},\"query-input\":\"required name=search_term_string\"}],\"inLanguage\":\"es-MX\"},{\"@type\":\"WebPage\",\"@id\":\"https:\/\/lafuente.mx\/?p=1744\",\"url\":\"https:\/\/lafuente.mx\/?p=1744\",\"name\":\"Tema del D\u00eda Mundial de la Salud Mental -\",\"isPartOf\":{\"@id\":\"https:\/\/lafuente.mx\/#website\"},\"datePublished\":\"2023-10-10T07:37:00+00:00\",\"dateModified\":\"2023-10-10T15:45:39+00:00\",\"author\":{\"@id\":\"https:\/\/lafuente.mx\/#\/schema\/person\/603f3aa8e2f6f7879021ab722d39d6b0\"},\"description\":\"El 10 de octubre de 2023 celebraremos el D\u00eda Mundial de la Salud Mental con el tema 'La salud mental es un derecho humano universal' elegido mediante una votaci\u00f3n global abierta al p\u00fablico, incluidos los miembros, las partes interesadas y los partidarios de la Federaci\u00f3n Mundial de Salud Mental (WFMH).\u00a0\",\"breadcrumb\":{\"@id\":\"https:\/\/lafuente.mx\/?p=1744#breadcrumb\"},\"inLanguage\":\"es-MX\",\"potentialAction\":[{\"@type\":\"ReadAction\",\"target\":[\"https:\/\/lafuente.mx\/?p=1744\"]}]},{\"@type\":\"BreadcrumbList\",\"@id\":\"https:\/\/lafuente.mx\/?p=1744#breadcrumb\",\"itemListElement\":[{\"@type\":\"ListItem\",\"position\":1,\"name\":\"Inicio\",\"item\":\"https:\/\/lafuente.mx\/\"},{\"@type\":\"ListItem\",\"position\":2,\"name\":\"Tema del D\u00eda Mundial de la Salud Mental\"}]},{\"@type\":\"Person\",\"@id\":\"https:\/\/lafuente.mx\/#\/schema\/person\/603f3aa8e2f6f7879021ab722d39d6b0\",\"name\":\"Claudia Gallardo\",\"image\":{\"@type\":\"ImageObject\",\"inLanguage\":\"es-MX\",\"@id\":\"https:\/\/lafuente.mx\/#\/schema\/person\/image\/\",\"url\":\"https:\/\/secure.gravatar.com\/avatar\/bfe9c966af1ccfb9d17bcdb9d04e8815?s=96&d=mm&r=g\",\"contentUrl\":\"https:\/\/secure.gravatar.com\/avatar\/bfe9c966af1ccfb9d17bcdb9d04e8815?s=96&d=mm&r=g\",\"caption\":\"Claudia Gallardo\"},\"url\":\"https:\/\/lafuente.mx\/?author=3\"}]}<\/script>\n<!-- \/ Yoast SEO plugin. -->","yoast_head_json":{"title":"Tema del D\u00eda Mundial de la Salud Mental -","description":"El 10 de octubre de 2023 celebraremos el D\u00eda Mundial de la Salud Mental con el tema 'La salud mental es un derecho humano universal' elegido mediante una votaci\u00f3n global abierta al p\u00fablico, incluidos los miembros, las partes interesadas y los partidarios de la Federaci\u00f3n Mundial de Salud Mental (WFMH).\u00a0","robots":{"index":"index","follow":"follow","max-snippet":"max-snippet:-1","max-image-preview":"max-image-preview:large","max-video-preview":"max-video-preview:-1"},"canonical":"https:\/\/lafuente.mx\/?p=1744","og_locale":"es_MX","og_type":"article","og_title":"Tema del D\u00eda Mundial de la Salud Mental","og_description":"El 10 de octubre de 2023 celebraremos el D\u00eda Mundial de la Salud Mental con el tema 'La salud mental es un derecho humano universal' elegido mediante una votaci\u00f3n global abierta al p\u00fablico, incluidos los miembros, las partes interesadas y los partidarios de la Federaci\u00f3n Mundial de Salud Mental (WFMH).\u00a0","og_url":"https:\/\/lafuente.mx\/?p=1744","article_published_time":"2023-10-10T07:37:00+00:00","article_modified_time":"2023-10-10T15:45:39+00:00","og_image":[{"width":1500,"height":676,"url":"http:\/\/lafuente.mx\/wp-content\/uploads\/2023\/09\/salud-mental2.jpeg","type":"image\/jpeg"}],"author":"Claudia Gallardo","twitter_card":"summary_large_image","twitter_title":"Tema del D\u00eda Mundial de la Salud Mental","twitter_misc":{"Escrito por":"Claudia Gallardo","Tiempo de lectura":"2 minutos"},"schema":{"@context":"https:\/\/schema.org","@graph":[{"@type":"WebSite","@id":"https:\/\/lafuente.mx\/#website","url":"https:\/\/lafuente.mx\/","name":"","description":"Informaci\u00f3n confiable sobre salud mental","potentialAction":[{"@type":"SearchAction","target":{"@type":"EntryPoint","urlTemplate":"https:\/\/lafuente.mx\/?s={search_term_string}"},"query-input":"required name=search_term_string"}],"inLanguage":"es-MX"},{"@type":"WebPage","@id":"https:\/\/lafuente.mx\/?p=1744","url":"https:\/\/lafuente.mx\/?p=1744","name":"Tema del D\u00eda Mundial de la Salud Mental -","isPartOf":{"@id":"https:\/\/lafuente.mx\/#website"},"datePublished":"2023-10-10T07:37:00+00:00","dateModified":"2023-10-10T15:45:39+00:00","author":{"@id":"https:\/\/lafuente.mx\/#\/schema\/person\/603f3aa8e2f6f7879021ab722d39d6b0"},"description":"El 10 de octubre de 2023 celebraremos el D\u00eda Mundial de la Salud Mental con el tema 'La salud mental es un derecho humano universal' elegido mediante una votaci\u00f3n global abierta al p\u00fablico, incluidos los miembros, las partes interesadas y los partidarios de la Federaci\u00f3n Mundial de Salud Mental (WFMH).\u00a0","breadcrumb":{"@id":"https:\/\/lafuente.mx\/?p=1744#breadcrumb"},"inLanguage":"es-MX","potentialAction":[{"@type":"ReadAction","target":["https:\/\/lafuente.mx\/?p=1744"]}]},{"@type":"BreadcrumbList","@id":"https:\/\/lafuente.mx\/?p=1744#breadcrumb","itemListElement":[{"@type":"ListItem","position":1,"name":"Inicio","item":"https:\/\/lafuente.mx\/"},{"@type":"ListItem","position":2,"name":"Tema del D\u00eda Mundial de la Salud Mental"}]},{"@type":"Person","@id":"https:\/\/lafuente.mx\/#\/schema\/person\/603f3aa8e2f6f7879021ab722d39d6b0","name":"Claudia Gallardo","image":{"@type":"ImageObject","inLanguage":"es-MX","@id":"https:\/\/lafuente.mx\/#\/schema\/person\/image\/","url":"https:\/\/secure.gravatar.com\/avatar\/bfe9c966af1ccfb9d17bcdb9d04e8815?s=96&d=mm&r=g","contentUrl":"https:\/\/secure.gravatar.com\/avatar\/bfe9c966af1ccfb9d17bcdb9d04e8815?s=96&d=mm&r=g","caption":"Claudia Gallardo"},"url":"https:\/\/lafuente.mx\/?author=3"}]}},"jetpack_featured_media_url":"https:\/\/i0.wp.com\/lafuente.mx\/wp-content\/uploads\/2023\/09\/salud-mental2.jpeg?fit=1500%2C676&ssl=1","jetpack-related-posts":[{"id":3486,"url":"https:\/\/lafuente.mx\/?p=3486","url_meta":{"origin":1744,"position":0},"title":"D\u00eda Internacional de los Derechos Humanos\u00a0","date":"diciembre 10, 2025","format":false,"excerpt":"10 de diciembre Derechos Humanos: Nuestros esenciales de cada d\u00eda\u00a0 En tiempos convulsos e impredecibles como los actuales, en los que muchas personas sienten una creciente sensaci\u00f3n de inseguridad, desencanto y alienaci\u00f3n, el tema del D\u00eda de los Derechos Humanos\u00a0 busca reafirmar los valores de los derechos humanos y mostrar\u2026","rel":"","context":"En &quot;Efem\u00e9rides de Salud Mental&quot;","img":{"alt_text":"","src":"https:\/\/i0.wp.com\/lafuente.mx\/wp-content\/uploads\/2025\/12\/image.png?fit=663%2C937&ssl=1&resize=350%2C200","width":350,"height":200},"classes":[]},{"id":1753,"url":"https:\/\/lafuente.mx\/?p=1753","url_meta":{"origin":1744,"position":1},"title":"Salud mental, salud mundial: un derecho universal","date":"octubre 9, 2023","format":false,"excerpt":"CONFERENCIA 10 de octubre 12:00 horas Hablemos de salud mental 10 DE CADA MES Ponentes: Shoshana Berenzon GornDiana Sheinbaum Lerner M\u00e1s informaci\u00f3n","rel":"","context":"En &quot;Eventos Acad\u00e9micos del INPRFM&quot;","img":{"alt_text":"","src":"https:\/\/i0.wp.com\/lafuente.mx\/wp-content\/uploads\/2023\/10\/WhatsApp-Image-2023-10-09-at-1.39.05-PM.jpeg?fit=1200%2C899&ssl=1&resize=350%2C200","width":350,"height":200},"classes":[]},{"id":3437,"url":"https:\/\/lafuente.mx\/?p=3437","url_meta":{"origin":1744,"position":2},"title":"D\u00eda Internacional del Hombre\u00a0","date":"noviembre 18, 2025","format":false,"excerpt":"19 de noviembre\u00a0 Foto INPRFM Esta fecha se conmemora desde 1992 con el prop\u00f3sito de reconocer el papel positivo de los hombres en la sociedad y promover su salud f\u00edsica y emocional.\u00a0El D\u00eda Internacional del Hombre busca tambi\u00e9n fomentar la igualdad de g\u00e9nero, la paz, la no violencia, la equidad,\u2026","rel":"","context":"En &quot;Efem\u00e9rides de Salud Mental&quot;","img":{"alt_text":"","src":"https:\/\/i0.wp.com\/lafuente.mx\/wp-content\/uploads\/2025\/10\/Fco-enriquez-scaled.jpg?fit=1200%2C1143&ssl=1&resize=350%2C200","width":350,"height":200},"classes":[]},{"id":414,"url":"https:\/\/lafuente.mx\/?p=414","url_meta":{"origin":1744,"position":3},"title":"D\u00eda Mundial de la Salud Mental","date":"octubre 10, 2022","format":false,"excerpt":"10 de octubre El cerebro. Imagen: medicalxpress.com El D\u00eda Mundial de la Salud Mental, que se celebra anualmente el 10 de octubre, tiene como objetivo concientizar acerca de los problemas de salud mental en todo el mundo.\u00a0 \u00a8Dale like a la salud mental. Por el derecho a crecer en bienestar\u00a8\u2026","rel":"","context":"En &quot;Efem\u00e9rides de Salud Mental&quot;","img":{"alt_text":"","src":"https:\/\/i0.wp.com\/lafuente.mx\/wp-content\/uploads\/2022\/10\/brain.jpeg?fit=800%2C480&ssl=1&resize=350%2C200","width":350,"height":200},"classes":[]},{"id":1914,"url":"https:\/\/lafuente.mx\/?p=1914","url_meta":{"origin":1744,"position":4},"title":"D\u00eda de los Derechos Humanos\u00a0","date":"diciembre 6, 2023","format":false,"excerpt":"10 de diciembre\u00a0 El 10 de diciembre de 2023 se cumplen 75 a\u00f1os de uno de los compromisos mundiales m\u00e1s revolucionarios: la Declaraci\u00f3n Universal de los Derechos Humanos (DUDH). Este documento hist\u00f3rico consagra los derechos inalienables que toda persona tiene como ser humano, independientemente de su raza, color, religi\u00f3n, sexo,\u2026","rel":"","context":"En &quot;Efem\u00e9rides de Salud Mental&quot;","img":{"alt_text":"","src":"https:\/\/i0.wp.com\/lafuente.mx\/wp-content\/uploads\/2023\/12\/dhuans.jpeg?fit=1000%2C667&ssl=1&resize=350%2C200","width":350,"height":200},"classes":[]},{"id":3025,"url":"https:\/\/lafuente.mx\/?p=3025","url_meta":{"origin":1744,"position":5},"title":"Tema del mes: Salud cerebral","date":"julio 25, 2025","format":false,"excerpt":"JULIO En el INPRFM trabajamos cada d\u00eda para generar conocimiento, brindar atenci\u00f3n especializada y promover el bienestar mental y cerebral de la poblaci\u00f3n. Cuidar el cerebro es una tarea de todos, en todas las edades.","rel":"","context":"En &quot;T\u00f3picos de salud mental&quot;","img":{"alt_text":"","src":"https:\/\/i0.wp.com\/lafuente.mx\/wp-content\/uploads\/2025\/07\/Captura-de-pantalla-2025-07-08-a-las-12.35.47.png?fit=1200%2C702&ssl=1&resize=350%2C200","width":350,"height":200},"classes":[]}],"jetpack_sharing_enabled":true,"jetpack_shortlink":"https:\/\/wp.me\/pe9WUx-s8","_links":{"self":[{"href":"https:\/\/lafuente.mx\/index.php?rest_route=\/wp\/v2\/posts\/1744"}],"collection":[{"href":"https:\/\/lafuente.mx\/index.php?rest_route=\/wp\/v2\/posts"}],"about":[{"href":"https:\/\/lafuente.mx\/index.php?rest_route=\/wp\/v2\/types\/post"}],"author":[{"embeddable":true,"href":"https:\/\/lafuente.mx\/index.php?rest_route=\/wp\/v2\/users\/3"}],"replies":[{"embeddable":true,"href":"https:\/\/lafuente.mx\/index.php?rest_route=%2Fwp%2Fv2%2Fcomments&post=1744"}],"version-history":[{"count":3,"href":"https:\/\/lafuente.mx\/index.php?rest_route=\/wp\/v2\/posts\/1744\/revisions"}],"predecessor-version":[{"id":1764,"href":"https:\/\/lafuente.mx\/index.php?rest_route=\/wp\/v2\/posts\/1744\/revisions\/1764"}],"wp:featuredmedia":[{"embeddable":true,"href":"https:\/\/lafuente.mx\/index.php?rest_route=\/wp\/v2\/media\/1747"}],"wp:attachment":[{"href":"https:\/\/lafuente.mx\/index.php?rest_route=%2Fwp%2Fv2%2Fmedia&parent=1744"}],"wp:term":[{"taxonomy":"category","embeddable":true,"href":"https:\/\/lafuente.mx\/index.php?rest_route=%2Fwp%2Fv2%2Fcategories&post=1744"},{"taxonomy":"post_tag","embeddable":true,"href":"https:\/\/lafuente.mx\/index.php?rest_route=%2Fwp%2Fv2%2Ftags&post=1744"}],"curies":[{"name":"wp","href":"https:\/\/api.w.org\/{rel}","templated":true}]}}