{"id":1724,"date":"2023-09-22T00:06:00","date_gmt":"2023-09-22T00:06:00","guid":{"rendered":"https:\/\/lafuente.mx\/?p=1724"},"modified":"2023-09-21T17:23:56","modified_gmt":"2023-09-21T17:23:56","slug":"borrador-automatico-es-dificil-ser-mujer-una-guia-para-entender-y-enfrentar-la-depresion","status":"publish","type":"post","link":"https:\/\/lafuente.mx\/?p=1724","title":{"rendered":"\u00a1Es dif\u00edcil ser mujer!: Una gu\u00eda para entender y enfrentar la depresi\u00f3n\u00a0"},"content":{"rendered":"\n<hr class=\"wp-block-separator has-text-color has-pale-pink-color has-alpha-channel-opacity has-pale-pink-background-color has-background is-style-wide\"\/>\n\n\n\n<p class=\"has-medium-font-size\">Para muchas personas, la depresi\u00f3n es solo una excusa de las mujeres para quedarse en cama, comer mal o llorar sin freno. Nada m\u00e1s alejado de la realidad: la Organizaci\u00f3n Mundial de la Salud ha declarado que padecen m\u00e1s este trastorno que los hombres debido a las exigencias que se les imponen, relacionadas con el rol de g\u00e9nero femenino.\u00a0<\/p>\n\n\n\n<p class=\"has-medium-font-size\"><em><strong>Es dif\u00edcil ser mujer<\/strong><\/em> explica de forma sencilla y clara los factores que pueden llevar a la depresi\u00f3n, lo que se siente cuando pasas por esta crisis y propone actividades efectivas para generar los cambios necesarios para combatirla.\u00a0<\/p>\n\n\n\n<hr class=\"wp-block-separator has-text-color has-pale-pink-color has-alpha-channel-opacity has-pale-pink-background-color has-background is-style-wide\"\/>\n\n\n<div class=\"wp-block-image\">\n<figure class=\"aligncenter size-large is-resized\"><img decoding=\"async\" loading=\"lazy\" src=\"https:\/\/i0.wp.com\/lafuente.mx\/wp-content\/uploads\/2023\/09\/image-2-690x1024.png?resize=517%2C767&#038;ssl=1\" alt=\"\" class=\"wp-image-1725\" style=\"width:517px;height:767px\" width=\"517\" height=\"767\" srcset=\"https:\/\/i0.wp.com\/lafuente.mx\/wp-content\/uploads\/2023\/09\/image-2.png?resize=690%2C1024&amp;ssl=1 690w, https:\/\/i0.wp.com\/lafuente.mx\/wp-content\/uploads\/2023\/09\/image-2.png?resize=202%2C300&amp;ssl=1 202w, https:\/\/i0.wp.com\/lafuente.mx\/wp-content\/uploads\/2023\/09\/image-2.png?resize=768%2C1140&amp;ssl=1 768w, https:\/\/i0.wp.com\/lafuente.mx\/wp-content\/uploads\/2023\/09\/image-2.png?resize=1035%2C1536&amp;ssl=1 1035w, https:\/\/i0.wp.com\/lafuente.mx\/wp-content\/uploads\/2023\/09\/image-2.png?w=1078&amp;ssl=1 1078w\" sizes=\"(max-width: 517px) 100vw, 517px\" data-recalc-dims=\"1\" \/><\/figure><\/div>\n\n\n<ul>\n<li><strong>Editorial \u200f : \u200e <\/strong>Terracota (14 junio 2023)&nbsp;<\/li>\n\n\n\n<li><strong>ASIN \u200f : \u200e <\/strong>B0C6FS4628&nbsp;<\/li>\n\n\n\n<li><strong>Idioma \u200f : \u200e <\/strong>Espa\u00f1ol&nbsp;<\/li>\n\n\n\n<li><strong>N\u00famero de p\u00e1ginas \u200f : \u200e <\/strong>177 p\u00e1ginas&nbsp;<\/li>\n<\/ul>\n\n\n\n<p><strong>Biograf\u00eda del autor<\/strong>&nbsp;<\/p>\n\n\n\n<hr class=\"wp-block-separator has-text-color has-pale-pink-color has-alpha-channel-opacity has-pale-pink-background-color has-background is-style-wide\"\/>\n\n\n\n<p class=\"has-text-color has-medium-font-size\" style=\"color:#2c3640\">Ma. Asunci\u00f3n Lara Cantu\u0301 es doctora en Ciencias de la Salud por la Facultad de Medicina de la Universidad Nacional Aut\u00f3noma de M\u00e9xico (UNAM) y maestra en Psicolog\u00eda Cl\u00ednica por la Universidad de Surrey, en Inglaterra. <\/p>\n\n\n\n<p class=\"has-text-color has-medium-font-size\" style=\"color:#2c3640\">Desde 1982, es investigadora del Instituto Nacional de Psiquiatr\u00eda Ram\u00f3n de la Fuente Mu\u00f1iz, donde actualmente dirige la jefatura del Departamento de Estudios Psicosociales en Poblaciones Espec\u00edficas. Adem\u00e1s, se desempe\u00f1a como docente y tutora del Posgrado en Salud Mental P\u00fablica, de la Facultad de Medicina de la UNAM. Como reconocimiento a su destacada labor acad\u00e9mica, se le otorg\u00f3 el nivel III del Sistema Nacional de Investigadores. Es autora de m\u00e1s de 100 art\u00edcu-los en revistas arbitradas nacionales e internacionales, asi\u0301 como de una decena de libros, cap\u00edtulos de libros y manuales, entre ellos Es dif\u00edcil ser mujer, que ha vendido desde su primera edici\u00f3n m\u00e1s de 65 mil ejemplares bajo el sello Pax\u00a0<\/p>\n\n\n\n<hr class=\"wp-block-separator has-text-color has-pale-pink-color has-alpha-channel-opacity has-pale-pink-background-color has-background is-style-wide\"\/>\n\n\n\n<div class=\"wp-block-buttons is-layout-flex wp-block-buttons-is-layout-flex\">\n<div class=\"wp-block-button\"><a class=\"wp-block-button__link has-pale-pink-background-color has-background wp-element-button\" href=\"https:\/\/www.terradelibros.com\/libro\/es-dificil-ser-mujer-preventa_147245\/\">M\u00e1s informaci\u00f3n<\/a><\/div>\n<\/div>\n","protected":false},"excerpt":{"rendered":"<p>Para muchas personas, la depresi\u00f3n es solo una excusa de las mujeres para quedarse en cama, comer mal o llorar sin freno. Nada m\u00e1s alejado<\/p>\n","protected":false},"author":3,"featured_media":1726,"comment_status":"closed","ping_status":"closed","sticky":false,"template":"","format":"standard","meta":{"footnotes":"","jetpack_publicize_message":"","jetpack_is_tweetstorm":false,"jetpack_publicize_feature_enabled":true},"categories":[10],"tags":[52,87,374,21,45,146,448,32],"jetpack_publicize_connections":[],"yoast_head":"<!-- This site is optimized with the Yoast SEO plugin v19.4 - https:\/\/yoast.com\/wordpress\/plugins\/seo\/ -->\n<title>\u00a1Es dif\u00edcil ser mujer!: Una gu\u00eda para entender y enfrentar la depresi\u00f3n\u00a0 -<\/title>\n<meta name=\"robots\" content=\"index, follow, max-snippet:-1, max-image-preview:large, max-video-preview:-1\" \/>\n<link rel=\"canonical\" href=\"https:\/\/lafuente.mx\/?p=1724\" \/>\n<meta property=\"og:locale\" content=\"es_MX\" \/>\n<meta property=\"og:type\" content=\"article\" \/>\n<meta property=\"og:title\" content=\"\u00a1Es dif\u00edcil ser mujer!: Una gu\u00eda para entender y enfrentar la depresi\u00f3n\u00a0\" \/>\n<meta property=\"og:description\" content=\"Es dif\u00edcil ser mujer explica de forma sencilla y clara los factores que pueden llevar a la depresi\u00f3n, lo que se siente cuando pasas por esta crisis y propone actividades efectivas para generar los cambios necesarios para combatirla.\u00a0\" \/>\n<meta property=\"og:url\" content=\"https:\/\/lafuente.mx\/?p=1724\" \/>\n<meta property=\"article:published_time\" content=\"2023-09-22T00:06:00+00:00\" \/>\n<meta property=\"article:modified_time\" content=\"2023-09-21T17:23:56+00:00\" \/>\n<meta property=\"og:image\" content=\"https:\/\/i0.wp.com\/lafuente.mx\/wp-content\/uploads\/2023\/09\/Captura-de-Pantalla-2023-09-21-a-las-11.20.33.png?fit=1638%2C1616&ssl=1\" \/>\n\t<meta property=\"og:image:width\" content=\"1638\" \/>\n\t<meta property=\"og:image:height\" content=\"1616\" \/>\n\t<meta property=\"og:image:type\" content=\"image\/png\" \/>\n<meta name=\"author\" content=\"Claudia Gallardo\" \/>\n<meta name=\"twitter:card\" content=\"summary_large_image\" \/>\n<meta name=\"twitter:title\" content=\"\u00a1Es dif\u00edcil ser mujer!: Una gu\u00eda para entender y enfrentar la depresi\u00f3n\u00a0\" \/>\n<meta name=\"twitter:description\" content=\"Es dif\u00edcil ser mujer explica de forma sencilla y clara los factores que pueden llevar a la depresi\u00f3n, lo que se siente cuando pasas por esta crisis y propone actividades efectivas para generar los cambios necesarios para combatirla.\u00a0\" \/>\n<meta name=\"twitter:image\" content=\"https:\/\/i0.wp.com\/lafuente.mx\/wp-content\/uploads\/2023\/09\/Captura-de-Pantalla-2023-09-21-a-las-11.20.33.png?fit=1638%2C1616&ssl=1\" \/>\n<meta name=\"twitter:label1\" content=\"Escrito por\" \/>\n\t<meta name=\"twitter:data1\" content=\"Claudia Gallardo\" \/>\n\t<meta name=\"twitter:label2\" content=\"Tiempo de lectura\" \/>\n\t<meta name=\"twitter:data2\" content=\"1 minuto\" \/>\n<script type=\"application\/ld+json\" class=\"yoast-schema-graph\">{\"@context\":\"https:\/\/schema.org\",\"@graph\":[{\"@type\":\"WebSite\",\"@id\":\"https:\/\/lafuente.mx\/#website\",\"url\":\"https:\/\/lafuente.mx\/\",\"name\":\"\",\"description\":\"Informaci\u00f3n confiable sobre salud mental\",\"potentialAction\":[{\"@type\":\"SearchAction\",\"target\":{\"@type\":\"EntryPoint\",\"urlTemplate\":\"https:\/\/lafuente.mx\/?s={search_term_string}\"},\"query-input\":\"required name=search_term_string\"}],\"inLanguage\":\"es-MX\"},{\"@type\":\"WebPage\",\"@id\":\"https:\/\/lafuente.mx\/?p=1724\",\"url\":\"https:\/\/lafuente.mx\/?p=1724\",\"name\":\"\u00a1Es dif\u00edcil ser mujer!: Una gu\u00eda para entender y enfrentar la depresi\u00f3n\u00a0 -\",\"isPartOf\":{\"@id\":\"https:\/\/lafuente.mx\/#website\"},\"datePublished\":\"2023-09-22T00:06:00+00:00\",\"dateModified\":\"2023-09-21T17:23:56+00:00\",\"author\":{\"@id\":\"https:\/\/lafuente.mx\/#\/schema\/person\/603f3aa8e2f6f7879021ab722d39d6b0\"},\"breadcrumb\":{\"@id\":\"https:\/\/lafuente.mx\/?p=1724#breadcrumb\"},\"inLanguage\":\"es-MX\",\"potentialAction\":[{\"@type\":\"ReadAction\",\"target\":[\"https:\/\/lafuente.mx\/?p=1724\"]}]},{\"@type\":\"BreadcrumbList\",\"@id\":\"https:\/\/lafuente.mx\/?p=1724#breadcrumb\",\"itemListElement\":[{\"@type\":\"ListItem\",\"position\":1,\"name\":\"Inicio\",\"item\":\"https:\/\/lafuente.mx\/\"},{\"@type\":\"ListItem\",\"position\":2,\"name\":\"\u00a1Es dif\u00edcil ser mujer!: Una gu\u00eda para entender y enfrentar la depresi\u00f3n\u00a0\"}]},{\"@type\":\"Person\",\"@id\":\"https:\/\/lafuente.mx\/#\/schema\/person\/603f3aa8e2f6f7879021ab722d39d6b0\",\"name\":\"Claudia Gallardo\",\"image\":{\"@type\":\"ImageObject\",\"inLanguage\":\"es-MX\",\"@id\":\"https:\/\/lafuente.mx\/#\/schema\/person\/image\/\",\"url\":\"https:\/\/secure.gravatar.com\/avatar\/bfe9c966af1ccfb9d17bcdb9d04e8815?s=96&d=mm&r=g\",\"contentUrl\":\"https:\/\/secure.gravatar.com\/avatar\/bfe9c966af1ccfb9d17bcdb9d04e8815?s=96&d=mm&r=g\",\"caption\":\"Claudia Gallardo\"},\"url\":\"https:\/\/lafuente.mx\/?author=3\"}]}<\/script>\n<!-- \/ Yoast SEO plugin. -->","yoast_head_json":{"title":"\u00a1Es dif\u00edcil ser mujer!: Una gu\u00eda para entender y enfrentar la depresi\u00f3n\u00a0 -","robots":{"index":"index","follow":"follow","max-snippet":"max-snippet:-1","max-image-preview":"max-image-preview:large","max-video-preview":"max-video-preview:-1"},"canonical":"https:\/\/lafuente.mx\/?p=1724","og_locale":"es_MX","og_type":"article","og_title":"\u00a1Es dif\u00edcil ser mujer!: Una gu\u00eda para entender y enfrentar la depresi\u00f3n\u00a0","og_description":"Es dif\u00edcil ser mujer explica de forma sencilla y clara los factores que pueden llevar a la depresi\u00f3n, lo que se siente cuando pasas por esta crisis y propone actividades efectivas para generar los cambios necesarios para combatirla.\u00a0","og_url":"https:\/\/lafuente.mx\/?p=1724","article_published_time":"2023-09-22T00:06:00+00:00","article_modified_time":"2023-09-21T17:23:56+00:00","og_image":[{"width":1638,"height":1616,"url":"https:\/\/i0.wp.com\/lafuente.mx\/wp-content\/uploads\/2023\/09\/Captura-de-Pantalla-2023-09-21-a-las-11.20.33.png?fit=1638%2C1616&ssl=1","type":"image\/png"}],"author":"Claudia Gallardo","twitter_card":"summary_large_image","twitter_title":"\u00a1Es dif\u00edcil ser mujer!: Una gu\u00eda para entender y enfrentar la depresi\u00f3n\u00a0","twitter_description":"Es dif\u00edcil ser mujer explica de forma sencilla y clara los factores que pueden llevar a la depresi\u00f3n, lo que se siente cuando pasas por esta crisis y propone actividades efectivas para generar los cambios necesarios para combatirla.\u00a0","twitter_image":"https:\/\/i0.wp.com\/lafuente.mx\/wp-content\/uploads\/2023\/09\/Captura-de-Pantalla-2023-09-21-a-las-11.20.33.png?fit=1638%2C1616&ssl=1","twitter_misc":{"Escrito por":"Claudia Gallardo","Tiempo de lectura":"1 minuto"},"schema":{"@context":"https:\/\/schema.org","@graph":[{"@type":"WebSite","@id":"https:\/\/lafuente.mx\/#website","url":"https:\/\/lafuente.mx\/","name":"","description":"Informaci\u00f3n confiable sobre salud mental","potentialAction":[{"@type":"SearchAction","target":{"@type":"EntryPoint","urlTemplate":"https:\/\/lafuente.mx\/?s={search_term_string}"},"query-input":"required name=search_term_string"}],"inLanguage":"es-MX"},{"@type":"WebPage","@id":"https:\/\/lafuente.mx\/?p=1724","url":"https:\/\/lafuente.mx\/?p=1724","name":"\u00a1Es dif\u00edcil ser mujer!: Una gu\u00eda para entender y enfrentar la depresi\u00f3n\u00a0 -","isPartOf":{"@id":"https:\/\/lafuente.mx\/#website"},"datePublished":"2023-09-22T00:06:00+00:00","dateModified":"2023-09-21T17:23:56+00:00","author":{"@id":"https:\/\/lafuente.mx\/#\/schema\/person\/603f3aa8e2f6f7879021ab722d39d6b0"},"breadcrumb":{"@id":"https:\/\/lafuente.mx\/?p=1724#breadcrumb"},"inLanguage":"es-MX","potentialAction":[{"@type":"ReadAction","target":["https:\/\/lafuente.mx\/?p=1724"]}]},{"@type":"BreadcrumbList","@id":"https:\/\/lafuente.mx\/?p=1724#breadcrumb","itemListElement":[{"@type":"ListItem","position":1,"name":"Inicio","item":"https:\/\/lafuente.mx\/"},{"@type":"ListItem","position":2,"name":"\u00a1Es dif\u00edcil ser mujer!: Una gu\u00eda para entender y enfrentar la depresi\u00f3n\u00a0"}]},{"@type":"Person","@id":"https:\/\/lafuente.mx\/#\/schema\/person\/603f3aa8e2f6f7879021ab722d39d6b0","name":"Claudia Gallardo","image":{"@type":"ImageObject","inLanguage":"es-MX","@id":"https:\/\/lafuente.mx\/#\/schema\/person\/image\/","url":"https:\/\/secure.gravatar.com\/avatar\/bfe9c966af1ccfb9d17bcdb9d04e8815?s=96&d=mm&r=g","contentUrl":"https:\/\/secure.gravatar.com\/avatar\/bfe9c966af1ccfb9d17bcdb9d04e8815?s=96&d=mm&r=g","caption":"Claudia Gallardo"},"url":"https:\/\/lafuente.mx\/?author=3"}]}},"jetpack_featured_media_url":"https:\/\/i0.wp.com\/lafuente.mx\/wp-content\/uploads\/2023\/09\/Captura-de-Pantalla-2023-09-21-a-las-11.20.33.png?fit=1638%2C1616&ssl=1","jetpack-related-posts":[{"id":1537,"url":"https:\/\/lafuente.mx\/?p=1537","url_meta":{"origin":1724,"position":0},"title":"\u00a1Es dif\u00edcil ser mujer!","date":"agosto 1, 2023","format":false,"excerpt":"Una gu\u00eda para entender y enfrentar la depresi\u00f3n En el marco de la 8\u00aa Feria del Libro de Ciencias de la Salud, con sede en la Facultad de Medicina de la Universidad Nacional Aut\u00f3noma de M\u00e9xico,\u00a0 la doctora Ma. Asunci\u00f3n Lara\u00a0presentar\u00e1 la nueva edici\u00f3n del libro \u00a1Es dif\u00edcil ser mujer!\u2026","rel":"","context":"En &quot;Eventos externos&quot;","img":{"alt_text":"","src":"https:\/\/i0.wp.com\/lafuente.mx\/wp-content\/uploads\/2023\/08\/LibroMujer.jpg?fit=1193%2C1200&ssl=1&resize=350%2C200","width":350,"height":200},"classes":[]},{"id":3022,"url":"https:\/\/lafuente.mx\/?p=3022","url_meta":{"origin":1724,"position":1},"title":"Prevenci\u00f3n de la depresi\u00f3n en mujeres","date":"julio 8, 2025","format":false,"excerpt":"Curso h\u00edbrido Del 4 de agosto al 5 de octubre de 2025 Coordinadora acad\u00e9mica:Dra. Ma. Asunci\u00f3n Lara Cant\u00fa TutoraMtra. en Psic. Maricarmen Acevedo Corona Dirigido a Profesionales de la salud y disciplinas psicosociales. Preferentemente con experiencia en el manejo de grupos y conocimientos de psicopatolog\u00eda, estudios sobre la mujer y\u2026","rel":"","context":"En &quot;Cursos&quot;","img":{"alt_text":"","src":"https:\/\/i0.wp.com\/lafuente.mx\/wp-content\/uploads\/2025\/07\/Depresion-mujer.jpg?fit=759%2C573&ssl=1&resize=350%2C200","width":350,"height":200},"classes":[]},{"id":2374,"url":"https:\/\/lafuente.mx\/?p=2374","url_meta":{"origin":1724,"position":2},"title":"Prevenci\u00f3n de la depresi\u00f3n en mujeres\u00a0","date":"junio 21, 2024","format":false,"excerpt":"CURSO EN L\u00cdNEA Del 5 de agosto al 6 de octubre, 2024\u00a0 Coordinadora acad\u00e9mica: Dra. Ma. Asunci\u00f3n Lara Cant\u00fa\u00a0\u00a0\u00a0 Profesora: Mtra. en Psic. Maricarmen Acevedo Corona\u00a0\u00a0\u00a0 Dirigido a: Profesionales de la salud y afines. Preferentemente con experiencia en el manejo de grupos y conocimientos de psicopatolog\u00eda, estudios sobre la mujer\u2026","rel":"","context":"En &quot;Cursos&quot;","img":{"alt_text":"digital drawing, woman, sadness-4302943.jpg","src":"https:\/\/i0.wp.com\/lafuente.mx\/wp-content\/uploads\/2024\/06\/digital-drawing-woman-sadness-4302943.jpg?fit=1200%2C796&ssl=1&resize=350%2C200","width":350,"height":200},"classes":[]},{"id":2204,"url":"https:\/\/lafuente.mx\/?p=2204","url_meta":{"origin":1724,"position":3},"title":"Prevenci\u00f3n de la depresi\u00f3n en mujeres\u00a0","date":"abril 9, 2024","format":false,"excerpt":"Del 15 de abril al 16 de junio, 2024\u00a0 Coordinadora acad\u00e9mica:\u00a0Dra. Ma. Asunci\u00f3n Lara Cant\u00fa \u00a0\u00a0 Profesora:\u00a0Mtra. en Psic. Maricarmen Acevedo Corona \u00a0\u00a0 Dirigido a:\u00a0Profesionales de la salud y afines. Preferentemente con experiencia en el manejo de grupos y conocimientos de psicopatolog\u00eda, estudios sobre la mujer y de g\u00e9nero \u00a0\u2026","rel":"","context":"En &quot;Cursos en l\u00ednea&quot;","img":{"alt_text":"","src":"https:\/\/i0.wp.com\/lafuente.mx\/wp-content\/uploads\/2024\/04\/libros_0002_DSC_0146.jpg?fit=865%2C1181&ssl=1&resize=350%2C200","width":350,"height":200},"classes":[]},{"id":970,"url":"https:\/\/lafuente.mx\/?p=970","url_meta":{"origin":1724,"position":4},"title":"Prevenci\u00f3n de la depresi\u00f3n en mujeres \u00a0","date":"marzo 27, 2023","format":false,"excerpt":"Del 17 de abril al 12 de junio, 2023\u00a0 Coordinadora acad\u00e9mica: Dra. Ma. Asunci\u00f3n Lara Cant\u00fa \u00a0 Profesora: Mtra. en Psic. Maricarmen Acevedo Corona \u00a0 Dirigido a: Profesionales de la salud y afines. Preferentemente con experiencia en el manejo de grupos y conocimientos de psicopatolog\u00eda, estudios sobre la mujer y\u2026","rel":"","context":"En &quot;Cursos en l\u00ednea&quot;","img":{"alt_text":"","src":"https:\/\/i0.wp.com\/lafuente.mx\/wp-content\/uploads\/2023\/03\/mujerColumpio.jpeg?fit=639%2C587&ssl=1&resize=350%2C200","width":350,"height":200},"classes":[]},{"id":3051,"url":"https:\/\/lafuente.mx\/?p=3051","url_meta":{"origin":1724,"position":5},"title":"Tema del mes: Depresi\u00f3n","date":"julio 9, 2025","format":false,"excerpt":"ENERO 2025 De acuerdo con datos de la Organizaci\u00f3n Mundial de la Salud (OMS), la depresi\u00f3n es un trastorno mental que afecta a m\u00e1s de 300 millones de personas en el mundo. El objetivo de la conmemoraci\u00f3n de este d\u00eda es la de sensibilizar, orientar y prevenir a la poblaci\u00f3n\u2026","rel":"","context":"En &quot;T\u00f3picos de salud mental&quot;","img":{"alt_text":"","src":"https:\/\/i0.wp.com\/lafuente.mx\/wp-content\/uploads\/2025\/07\/Captura-de-pantalla-2025-07-09-a-las-12.08.59.png?fit=1200%2C560&ssl=1&resize=350%2C200","width":350,"height":200},"classes":[]}],"jetpack_sharing_enabled":true,"jetpack_shortlink":"https:\/\/wp.me\/pe9WUx-rO","_links":{"self":[{"href":"https:\/\/lafuente.mx\/index.php?rest_route=\/wp\/v2\/posts\/1724"}],"collection":[{"href":"https:\/\/lafuente.mx\/index.php?rest_route=\/wp\/v2\/posts"}],"about":[{"href":"https:\/\/lafuente.mx\/index.php?rest_route=\/wp\/v2\/types\/post"}],"author":[{"embeddable":true,"href":"https:\/\/lafuente.mx\/index.php?rest_route=\/wp\/v2\/users\/3"}],"replies":[{"embeddable":true,"href":"https:\/\/lafuente.mx\/index.php?rest_route=%2Fwp%2Fv2%2Fcomments&post=1724"}],"version-history":[{"count":1,"href":"https:\/\/lafuente.mx\/index.php?rest_route=\/wp\/v2\/posts\/1724\/revisions"}],"predecessor-version":[{"id":1727,"href":"https:\/\/lafuente.mx\/index.php?rest_route=\/wp\/v2\/posts\/1724\/revisions\/1727"}],"wp:featuredmedia":[{"embeddable":true,"href":"https:\/\/lafuente.mx\/index.php?rest_route=\/wp\/v2\/media\/1726"}],"wp:attachment":[{"href":"https:\/\/lafuente.mx\/index.php?rest_route=%2Fwp%2Fv2%2Fmedia&parent=1724"}],"wp:term":[{"taxonomy":"category","embeddable":true,"href":"https:\/\/lafuente.mx\/index.php?rest_route=%2Fwp%2Fv2%2Fcategories&post=1724"},{"taxonomy":"post_tag","embeddable":true,"href":"https:\/\/lafuente.mx\/index.php?rest_route=%2Fwp%2Fv2%2Ftags&post=1724"}],"curies":[{"name":"wp","href":"https:\/\/api.w.org\/{rel}","templated":true}]}}