{"id":1686,"date":"2023-09-08T17:27:23","date_gmt":"2023-09-08T17:27:23","guid":{"rendered":"https:\/\/lafuente.mx\/?p=1686"},"modified":"2023-09-11T14:42:57","modified_gmt":"2023-09-11T14:42:57","slug":"que-enfermedades-afectan-a-la-poblacion-mexicana-de-edad-avanzada","status":"publish","type":"post","link":"https:\/\/lafuente.mx\/?p=1686","title":{"rendered":"\u00bfQu\u00e9 enfermedades afectan a la poblaci\u00f3n mexicana de edad avanzada?"},"content":{"rendered":"\n<p class=\"has-large-font-size\">Caracter\u00edsticas cl\u00ednicas y sociodemogr\u00e1ficas de los pacientes de la cl\u00ednica psicogeri\u00e1trica del Instituto Nacional de Psiquiatr\u00eda&nbsp;<\/p>\n\n\n\n<p>Luis Fernando Collazos Marin, Guillermo Vel\u00e1zquez Lopez, Ismael Aguilar Salas&nbsp;<\/p>\n\n\n\n<hr class=\"wp-block-separator aligncenter has-text-color has-alpha-channel-opacity has-background is-style-wide\" style=\"background-color:#8a1313;color:#8a1313\"\/>\n\n\n<div class=\"wp-block-image\">\n<figure class=\"aligncenter size-large\"><img decoding=\"async\" loading=\"lazy\" width=\"640\" height=\"360\" src=\"https:\/\/i0.wp.com\/lafuente.mx\/wp-content\/uploads\/2023\/09\/hombre-mayor-casual-casa-medico-edited-scaled.jpg?resize=640%2C360&#038;ssl=1\" alt=\"\" class=\"wp-image-1688\" srcset=\"https:\/\/i0.wp.com\/lafuente.mx\/wp-content\/uploads\/2023\/09\/hombre-mayor-casual-casa-medico-edited-scaled.jpg?w=2560&amp;ssl=1 2560w, https:\/\/i0.wp.com\/lafuente.mx\/wp-content\/uploads\/2023\/09\/hombre-mayor-casual-casa-medico-edited-scaled.jpg?resize=300%2C169&amp;ssl=1 300w, https:\/\/i0.wp.com\/lafuente.mx\/wp-content\/uploads\/2023\/09\/hombre-mayor-casual-casa-medico-edited-scaled.jpg?resize=1024%2C576&amp;ssl=1 1024w, https:\/\/i0.wp.com\/lafuente.mx\/wp-content\/uploads\/2023\/09\/hombre-mayor-casual-casa-medico-edited-scaled.jpg?resize=768%2C432&amp;ssl=1 768w, https:\/\/i0.wp.com\/lafuente.mx\/wp-content\/uploads\/2023\/09\/hombre-mayor-casual-casa-medico-edited-scaled.jpg?resize=1536%2C864&amp;ssl=1 1536w, https:\/\/i0.wp.com\/lafuente.mx\/wp-content\/uploads\/2023\/09\/hombre-mayor-casual-casa-medico-edited-scaled.jpg?resize=2048%2C1152&amp;ssl=1 2048w, https:\/\/i0.wp.com\/lafuente.mx\/wp-content\/uploads\/2023\/09\/hombre-mayor-casual-casa-medico-edited-scaled.jpg?w=1280 1280w, https:\/\/i0.wp.com\/lafuente.mx\/wp-content\/uploads\/2023\/09\/hombre-mayor-casual-casa-medico-edited-scaled.jpg?w=1920 1920w\" sizes=\"(max-width: 640px) 100vw, 640px\" data-recalc-dims=\"1\" \/><\/figure><\/div>\n\n\n<hr class=\"wp-block-separator aligncenter has-text-color has-alpha-channel-opacity has-background is-style-wide\" style=\"background-color:#8a1313;color:#8a1313\"\/>\n\n\n\n<p><strong>Introducci\u00f3n.<\/strong> La transici\u00f3n demogr\u00e1fica y epidemiol\u00f3gica, as\u00ed como el envejecimiento de la poblaci\u00f3n, han cambiado la forma en que se trata a los adultos mayores en nuestro sistema de salud.&nbsp;<br>&nbsp;<br><strong>Objetivo. <\/strong>Establecer las caracter\u00edsticas sociodemogr\u00e1ficas y cl\u00ednicas de los pacientes de la Cl\u00ednica Psicogeri\u00e1trica (CP) del Instituto Nacional de Psiquiatr\u00eda Ram\u00f3n de la Fuente Mu\u00f1iz (INPRFM) atendidos entre el 1 de enero de 2011 y el 31 de diciembre de 2020. <\/p>\n\n\n\n<p><strong>M\u00e9todo. <\/strong>Estudio descriptivo, observacional, transversal, retrospectivo. Se cre\u00f3 una base de datos con la informaci\u00f3n de las historias cl\u00ednicas digitales. No se utilizaron escalas adicionales. An\u00e1lisis estad\u00edstico realizado en SPSS 20.0.&nbsp;<br>&nbsp;<br><strong>Resultados.<\/strong> Se encontraron 2056 registros, 1247 cumplieron con los criterios de inclusi\u00f3n. La edad media fue 74,28 a\u00f1os, mujeres 73,46% (n = 916), primaria 46.62% ( n = 427), casada 35.70% ( n = 327), \u00e1rea urbana 93.99% ( n = 1172), en casa 78.28% ( n = 717), nivel socioecon\u00f3mico bajo 59.99% ( n =522). La patolog\u00eda psiqui\u00e1trica m\u00e1s com\u00fan fue los trastornos depresivos 62,07% ( n = 774) y los trastornos neurocognitivos 37,52% (n = 468) por enfermedad de Alzheimer 17,08% ( n = 213), con Mini-Examen del Estado Mental de 18,88 puntos (\u00b1 6,68) . Ten\u00edan comorbilidades como hipertensi\u00f3n arterial 52,85% ( n = 659), diabetes mellitus 23,34% ( n = 291) y s\u00edndrome geri\u00e1trico en 64,42% ( n = 218).&nbsp;<br>&nbsp;<br><strong>Discusi\u00f3n y conclusi\u00f3n.<\/strong> El envejecimiento en M\u00e9xico afecta m\u00e1s a la poblaci\u00f3n femenina. El informe de an\u00e1lisis de prevalencia de patolog\u00edas psicogeri\u00e1tricas de la AP es de su tipo. El objetivo principal es promover la investigaci\u00f3n sobre las demencias y visibilizar la magnitud del problema para los gobiernos latinoamericanos. Los resultados no pretenden extrapolarse a la poblaci\u00f3n general.&nbsp;<\/p>\n\n\n\n<hr class=\"wp-block-separator aligncenter has-text-color has-alpha-channel-opacity has-background is-style-wide\" style=\"background-color:#8a1313;color:#8a1313\"\/>\n\n\n\n<div class=\"wp-block-buttons is-layout-flex wp-block-buttons-is-layout-flex\">\n<div class=\"wp-block-button\"><a class=\"wp-block-button__link has-background wp-element-button\" href=\"http:\/\/revistasaludmental.mx\/index.php\/salud_mental\/article\/view\/SM.0185-3325.2023.025\/4238\" style=\"background-color:#8a1313\">Lee el art\u00edculo completo aqu\u00ed<\/a><\/div>\n<\/div>\n\n\n\n<p><\/p>\n\n\n<div class=\"wp-block-image\">\n<figure class=\"aligncenter size-full\"><a href=\"http:\/\/www.revistasaludmental.mx\/index.php\/salud_mental\" target=\"_blank\" rel=\"noreferrer noopener\"><img decoding=\"async\" loading=\"lazy\" width=\"640\" height=\"143\" src=\"https:\/\/i0.wp.com\/lafuente.mx\/wp-content\/uploads\/2023\/08\/001SM.webp?resize=640%2C143\" alt=\"\" class=\"wp-image-1579\" srcset=\"https:\/\/i0.wp.com\/lafuente.mx\/wp-content\/uploads\/2023\/08\/001SM.webp?w=768&amp;ssl=1 768w, https:\/\/i0.wp.com\/lafuente.mx\/wp-content\/uploads\/2023\/08\/001SM.webp?resize=300%2C67&amp;ssl=1 300w\" sizes=\"(max-width: 640px) 100vw, 640px\" data-recalc-dims=\"1\" \/><\/a><\/figure><\/div>","protected":false},"excerpt":{"rendered":"<p>Caracter\u00edsticas cl\u00ednicas y sociodemogr\u00e1ficas de los pacientes de la cl\u00ednica psicogeri\u00e1trica del Instituto Nacional de Psiquiatr\u00eda&nbsp; Luis Fernando Collazos Marin, Guillermo Vel\u00e1zquez Lopez, Ismael Aguilar<\/p>\n","protected":false},"author":5,"featured_media":1688,"comment_status":"closed","ping_status":"closed","sticky":false,"template":"","format":"standard","meta":{"footnotes":"","jetpack_publicize_message":"","jetpack_is_tweetstorm":false,"jetpack_publicize_feature_enabled":true},"categories":[11],"tags":[434,433,21,436,435,33,32],"jetpack_publicize_connections":[],"yoast_head":"<!-- This site is optimized with the Yoast SEO plugin v19.4 - https:\/\/yoast.com\/wordpress\/plugins\/seo\/ -->\n<title>\u00bfQu\u00e9 enfermedades afectan a la poblaci\u00f3n mexicana de edad avanzada? -<\/title>\n<meta name=\"description\" content=\"Qu\u00e9 enfermedades afectan a la poblaci\u00f3n mexicana de edad avanzada\" \/>\n<meta name=\"robots\" content=\"index, follow, max-snippet:-1, max-image-preview:large, max-video-preview:-1\" \/>\n<link rel=\"canonical\" href=\"https:\/\/lafuente.mx\/?p=1686\" \/>\n<meta property=\"og:locale\" content=\"es_MX\" \/>\n<meta property=\"og:type\" content=\"article\" \/>\n<meta property=\"og:title\" content=\"Qu\u00e9 enfermedades afectan a la poblaci\u00f3n mexicana de edad avanzada\" \/>\n<meta property=\"og:description\" content=\"Qu\u00e9 enfermedades afectan a la poblaci\u00f3n mexicana de edad avanzada\" \/>\n<meta property=\"og:url\" content=\"https:\/\/lafuente.mx\/?p=1686\" \/>\n<meta property=\"article:published_time\" content=\"2023-09-08T17:27:23+00:00\" \/>\n<meta property=\"article:modified_time\" content=\"2023-09-11T14:42:57+00:00\" \/>\n<meta property=\"og:image\" content=\"http:\/\/lafuente.mx\/wp-content\/uploads\/2023\/09\/hombre-mayor-casual-casa-medico-edited-scaled.jpg\" \/>\n\t<meta property=\"og:image:width\" content=\"2560\" \/>\n\t<meta property=\"og:image:height\" content=\"1440\" \/>\n\t<meta property=\"og:image:type\" content=\"image\/jpeg\" \/>\n<meta name=\"author\" content=\"Dar\u00edo Ram\u00edrez\" \/>\n<meta name=\"twitter:card\" content=\"summary_large_image\" \/>\n<meta name=\"twitter:title\" content=\"Qu\u00e9 enfermedades afectan a la poblaci\u00f3n mexicana de edad avanzada\" \/>\n<meta name=\"twitter:description\" content=\"Qu\u00e9 enfermedades afectan a la poblaci\u00f3n mexicana de edad avanzada\" \/>\n<meta name=\"twitter:image\" content=\"https:\/\/i0.wp.com\/lafuente.mx\/wp-content\/uploads\/2023\/09\/hombre-mayor-casual-casa-medico-edited-scaled.jpg?fit=2560%2C1440&ssl=1\" \/>\n<meta name=\"twitter:label1\" content=\"Escrito por\" \/>\n\t<meta name=\"twitter:data1\" content=\"Dar\u00edo Ram\u00edrez\" \/>\n\t<meta name=\"twitter:label2\" content=\"Tiempo de lectura\" \/>\n\t<meta name=\"twitter:data2\" content=\"2 minutos\" \/>\n<script type=\"application\/ld+json\" class=\"yoast-schema-graph\">{\"@context\":\"https:\/\/schema.org\",\"@graph\":[{\"@type\":\"WebSite\",\"@id\":\"https:\/\/lafuente.mx\/#website\",\"url\":\"https:\/\/lafuente.mx\/\",\"name\":\"\",\"description\":\"Informaci\u00f3n confiable sobre salud mental\",\"potentialAction\":[{\"@type\":\"SearchAction\",\"target\":{\"@type\":\"EntryPoint\",\"urlTemplate\":\"https:\/\/lafuente.mx\/?s={search_term_string}\"},\"query-input\":\"required name=search_term_string\"}],\"inLanguage\":\"es-MX\"},{\"@type\":\"WebPage\",\"@id\":\"https:\/\/lafuente.mx\/?p=1686\",\"url\":\"https:\/\/lafuente.mx\/?p=1686\",\"name\":\"\u00bfQu\u00e9 enfermedades afectan a la poblaci\u00f3n mexicana de edad avanzada? -\",\"isPartOf\":{\"@id\":\"https:\/\/lafuente.mx\/#website\"},\"datePublished\":\"2023-09-08T17:27:23+00:00\",\"dateModified\":\"2023-09-11T14:42:57+00:00\",\"author\":{\"@id\":\"https:\/\/lafuente.mx\/#\/schema\/person\/b9cc1ac3941245ec61c80638a92abfb6\"},\"description\":\"Qu\u00e9 enfermedades afectan a la poblaci\u00f3n mexicana de edad avanzada\",\"breadcrumb\":{\"@id\":\"https:\/\/lafuente.mx\/?p=1686#breadcrumb\"},\"inLanguage\":\"es-MX\",\"potentialAction\":[{\"@type\":\"ReadAction\",\"target\":[\"https:\/\/lafuente.mx\/?p=1686\"]}]},{\"@type\":\"BreadcrumbList\",\"@id\":\"https:\/\/lafuente.mx\/?p=1686#breadcrumb\",\"itemListElement\":[{\"@type\":\"ListItem\",\"position\":1,\"name\":\"Inicio\",\"item\":\"https:\/\/lafuente.mx\/\"},{\"@type\":\"ListItem\",\"position\":2,\"name\":\"\u00bfQu\u00e9 enfermedades afectan a la poblaci\u00f3n mexicana de edad avanzada?\"}]},{\"@type\":\"Person\",\"@id\":\"https:\/\/lafuente.mx\/#\/schema\/person\/b9cc1ac3941245ec61c80638a92abfb6\",\"name\":\"Dar\u00edo Ram\u00edrez\",\"image\":{\"@type\":\"ImageObject\",\"inLanguage\":\"es-MX\",\"@id\":\"https:\/\/lafuente.mx\/#\/schema\/person\/image\/\",\"url\":\"https:\/\/secure.gravatar.com\/avatar\/bd5441528d8085d08a897e5789079259?s=96&d=mm&r=g\",\"contentUrl\":\"https:\/\/secure.gravatar.com\/avatar\/bd5441528d8085d08a897e5789079259?s=96&d=mm&r=g\",\"caption\":\"Dar\u00edo Ram\u00edrez\"},\"url\":\"https:\/\/lafuente.mx\/?author=5\"}]}<\/script>\n<!-- \/ Yoast SEO plugin. -->","yoast_head_json":{"title":"\u00bfQu\u00e9 enfermedades afectan a la poblaci\u00f3n mexicana de edad avanzada? -","description":"Qu\u00e9 enfermedades afectan a la poblaci\u00f3n mexicana de edad avanzada","robots":{"index":"index","follow":"follow","max-snippet":"max-snippet:-1","max-image-preview":"max-image-preview:large","max-video-preview":"max-video-preview:-1"},"canonical":"https:\/\/lafuente.mx\/?p=1686","og_locale":"es_MX","og_type":"article","og_title":"Qu\u00e9 enfermedades afectan a la poblaci\u00f3n mexicana de edad avanzada","og_description":"Qu\u00e9 enfermedades afectan a la poblaci\u00f3n mexicana de edad avanzada","og_url":"https:\/\/lafuente.mx\/?p=1686","article_published_time":"2023-09-08T17:27:23+00:00","article_modified_time":"2023-09-11T14:42:57+00:00","og_image":[{"width":2560,"height":1440,"url":"http:\/\/lafuente.mx\/wp-content\/uploads\/2023\/09\/hombre-mayor-casual-casa-medico-edited-scaled.jpg","type":"image\/jpeg"}],"author":"Dar\u00edo Ram\u00edrez","twitter_card":"summary_large_image","twitter_title":"Qu\u00e9 enfermedades afectan a la poblaci\u00f3n mexicana de edad avanzada","twitter_description":"Qu\u00e9 enfermedades afectan a la poblaci\u00f3n mexicana de edad avanzada","twitter_image":"https:\/\/i0.wp.com\/lafuente.mx\/wp-content\/uploads\/2023\/09\/hombre-mayor-casual-casa-medico-edited-scaled.jpg?fit=2560%2C1440&ssl=1","twitter_misc":{"Escrito por":"Dar\u00edo Ram\u00edrez","Tiempo de lectura":"2 minutos"},"schema":{"@context":"https:\/\/schema.org","@graph":[{"@type":"WebSite","@id":"https:\/\/lafuente.mx\/#website","url":"https:\/\/lafuente.mx\/","name":"","description":"Informaci\u00f3n confiable sobre salud mental","potentialAction":[{"@type":"SearchAction","target":{"@type":"EntryPoint","urlTemplate":"https:\/\/lafuente.mx\/?s={search_term_string}"},"query-input":"required name=search_term_string"}],"inLanguage":"es-MX"},{"@type":"WebPage","@id":"https:\/\/lafuente.mx\/?p=1686","url":"https:\/\/lafuente.mx\/?p=1686","name":"\u00bfQu\u00e9 enfermedades afectan a la poblaci\u00f3n mexicana de edad avanzada? -","isPartOf":{"@id":"https:\/\/lafuente.mx\/#website"},"datePublished":"2023-09-08T17:27:23+00:00","dateModified":"2023-09-11T14:42:57+00:00","author":{"@id":"https:\/\/lafuente.mx\/#\/schema\/person\/b9cc1ac3941245ec61c80638a92abfb6"},"description":"Qu\u00e9 enfermedades afectan a la poblaci\u00f3n mexicana de edad avanzada","breadcrumb":{"@id":"https:\/\/lafuente.mx\/?p=1686#breadcrumb"},"inLanguage":"es-MX","potentialAction":[{"@type":"ReadAction","target":["https:\/\/lafuente.mx\/?p=1686"]}]},{"@type":"BreadcrumbList","@id":"https:\/\/lafuente.mx\/?p=1686#breadcrumb","itemListElement":[{"@type":"ListItem","position":1,"name":"Inicio","item":"https:\/\/lafuente.mx\/"},{"@type":"ListItem","position":2,"name":"\u00bfQu\u00e9 enfermedades afectan a la poblaci\u00f3n mexicana de edad avanzada?"}]},{"@type":"Person","@id":"https:\/\/lafuente.mx\/#\/schema\/person\/b9cc1ac3941245ec61c80638a92abfb6","name":"Dar\u00edo Ram\u00edrez","image":{"@type":"ImageObject","inLanguage":"es-MX","@id":"https:\/\/lafuente.mx\/#\/schema\/person\/image\/","url":"https:\/\/secure.gravatar.com\/avatar\/bd5441528d8085d08a897e5789079259?s=96&d=mm&r=g","contentUrl":"https:\/\/secure.gravatar.com\/avatar\/bd5441528d8085d08a897e5789079259?s=96&d=mm&r=g","caption":"Dar\u00edo Ram\u00edrez"},"url":"https:\/\/lafuente.mx\/?author=5"}]}},"jetpack_featured_media_url":"https:\/\/i0.wp.com\/lafuente.mx\/wp-content\/uploads\/2023\/09\/hombre-mayor-casual-casa-medico-edited-scaled.jpg?fit=2560%2C1440&ssl=1","jetpack-related-posts":[{"id":2033,"url":"https:\/\/lafuente.mx\/?p=2033","url_meta":{"origin":1686,"position":0},"title":"D\u00eda del Profesional en Nutrici\u00f3n","date":"enero 25, 2024","format":false,"excerpt":"27 de enero\u00a0 Las y los nutri\u00f3logos brindan herramientas a la poblaci\u00f3n para que tengan un peso adecuado, a trav\u00e9s de una alimentaci\u00f3n saludable y, de esta manera, evitar la desnutrici\u00f3n, o bien, la obesidad y el sobrepeso.\u00a0 En M\u00e9xico, el D\u00eda del Profesional en Nutrici\u00f3n se conmemora cada 27\u2026","rel":"","context":"En &quot;Efem\u00e9rides de Salud Mental&quot;","img":{"alt_text":"","src":"https:\/\/i0.wp.com\/lafuente.mx\/wp-content\/uploads\/2024\/01\/Captura-de-Pantalla-2024-01-24-a-las-12.12.15.png?fit=1200%2C566&ssl=1&resize=350%2C200","width":350,"height":200},"classes":[]},{"id":2249,"url":"https:\/\/lafuente.mx\/?p=2249","url_meta":{"origin":1686,"position":1},"title":"Salud mental perinatal: el punto de partida de nuestra salud mental\u00a0","date":"abril 26, 2024","format":false,"excerpt":"M\u00f3nica Flores-Ramos 1 , Philippe Leff-Gelman 2\u00a0 1 Instituto Nacional de Psiquiatr\u00eda Ram\u00f3n de la Fuente Mu\u00f1iz, Ciudad de M\u00e9xico, M\u00e9xico.\u00a0 2 Instituto Nacional de Perinatolog\u00eda Isidro Espinosa de los Reyes, Ciudad de M\u00e9xico, M\u00e9xico.\u00a0 La complejidad de cuidar dos mentes al mismo tiempo ocurre cuando una futura madre est\u00e1,\u2026","rel":"","context":"En &quot;Revista Salud Mental&quot;","img":{"alt_text":"","src":"https:\/\/i0.wp.com\/lafuente.mx\/wp-content\/uploads\/2024\/04\/Octavo-mes-de-embarazo-sintomas.jpg.webp?fit=848%2C565&ssl=1&resize=350%2C200","width":350,"height":200},"classes":[]},{"id":3585,"url":"https:\/\/lafuente.mx\/?p=3585","url_meta":{"origin":1686,"position":2},"title":"Diferencias entre hombres y mujeres mexicanos en el fen\u00f3meno de la transfobia\u00a0","date":"febrero 18, 2026","format":false,"excerpt":"Volume\u00a048,\u00a0Issue\u00a06,\u00a0November-December\u00a02025\u00a0\u00a0 Tecelli\u00a0Dom\u00ednguez\u00a0Centro de Investigaci\u00f3n en Salud Mental Global. Direcci\u00f3n de Investigaciones Epidemiol\u00f3gicas y Psicosociales. Instituto Nacional de Psiquiatr\u00eda Ram\u00f3n de la Fuente Mu\u00f1iz, Ciudad de M\u00e9xico, M\u00e9xico.\u00a0 Ana\u00a0Fres\u00e1n\u00a0Laboratorio de Epidemiolog\u00eda Cl\u00ednica. Subdirecci\u00f3n de Investigaciones Cl\u00ednicas. Instituto Nacional de Psiquiatr\u00eda Ram\u00f3n de la Fuente Mu\u00f1iz, Ciudad de M\u00e9xico, M\u00e9xico.\u00a0 Rebeca Robles-Garc\u00eda\u00a0Centro\u2026","rel":"","context":"En &quot;Revista Salud Mental&quot;","img":{"alt_text":"people, relationship, equality, pride, lesbian, gay pride, nature, rainbow, love, symbol, bisexual, transgender, sexuality, abstract-7728700.jpg","src":"https:\/\/i0.wp.com\/lafuente.mx\/wp-content\/uploads\/2026\/02\/people-relationship-equality-pride-lesbian-gay-pride-nature-rainbow-love-symbol-bisexual-transgender-sexuality-abstract-7728700.jpg?fit=1200%2C690&ssl=1&resize=350%2C200","width":350,"height":200},"classes":[]},{"id":666,"url":"https:\/\/lafuente.mx\/?p=666","url_meta":{"origin":1686,"position":3},"title":"V\u00eda de Atenci\u00f3n Integrada para la mejora de la atenci\u00f3n de la depresi\u00f3n resistente al tratamiento en el Instituto Nacional de Psiquiatr\u00eda Ram\u00f3n de la Fuente Mu\u00f1iz&nbsp;","date":"enero 19, 2023","format":false,"excerpt":"Dra. Claudia Becerra Palars, Dr. Raul Ivan Escamilla Orozco, Dra. Joanna Jimenez Pav\u00f3n, Dr. Hiram Ortega Ortiz, Dra. Elsa Georgina Tirado Dur\u00e1n, Dra. Jessica Zapata Tellez, Lic. T.S. Guadalupe Copado\u00a0 P\u00e1ginas: 120 \u2022 Tama\u00f1o: 21.6 x 28cm \u2022 Formato: Electr\u00f3nico \u2022 A\u00f1o: 2021 \u2022 ISBN: 978-607-511-214-5\u00a0 La Depresi\u00f3n Resistente al\u2026","rel":"","context":"En &quot;Publicaciones&quot;","img":{"alt_text":"","src":"https:\/\/i0.wp.com\/lafuente.mx\/wp-content\/uploads\/2023\/01\/depresion_2.webp?fit=1200%2C558&ssl=1&resize=350%2C200","width":350,"height":200},"classes":[]},{"id":2892,"url":"https:\/\/lafuente.mx\/?p=2892","url_meta":{"origin":1686,"position":4},"title":"Adaptaci\u00f3n y validaci\u00f3n de un instrumento para la medici\u00f3n del estigma hacia problemas de salud mental en ni\u00f1os entre profesionales de la salud\u00a0","date":"mayo 12, 2025","format":false,"excerpt":"Jorge Javier Caraveo-AnduagaDirecci\u00f3n de Investigaciones Epidemiol\u00f3gicas y Psicosociales, Instituto Nacional de Psiquiatr\u00eda Ram\u00f3n de la Fuente Mu\u00f1iz, Ciudad de M\u00e9xico, M\u00e9xico.\u00a0 Mart\u00ednez-V\u00e9lez NA.\u00a0Direcci\u00f3n de Investigaciones Epidemiol\u00f3gicas y Psicosociales, Instituto Nacional de Psiquiatr\u00eda Ram\u00f3n de la Fuente Mu\u00f1iz, Ciudad de M\u00e9xico, M\u00e9xico.\u00a0 Miriam Arroyo-BelmonteDirecci\u00f3n de Investigaciones Epidemiol\u00f3gicas y Psicosociales, Instituto Nacional\u2026","rel":"","context":"En &quot;Revista Salud Mental&quot;","img":{"alt_text":"","src":"https:\/\/i0.wp.com\/lafuente.mx\/wp-content\/uploads\/2025\/05\/Adaptacion-y-validacion-de-un-instrumento_Mesa-de-trabajo-1.jpg?fit=1200%2C613&ssl=1&resize=350%2C200","width":350,"height":200},"classes":[]},{"id":3353,"url":"https:\/\/lafuente.mx\/?p=3353","url_meta":{"origin":1686,"position":5},"title":"El Instituto Nacional de Psiquiatr\u00eda referente destacado en el estudio y tratamiento de las enfermedades mentales","date":"octubre 20, 2025","format":false,"excerpt":"9 de octubre de 2025 El instituto cuenta con m\u00e1s de 100 personas investigadoras pertenecientes al SNI y tiene en curso 179 protocolos. Adem\u00e1s ocupa el tercer lugar del \u00cdndice H de citaciones en art\u00edculos publicados en revistas especializadas\u00a0 En el marco del D\u00eda Mundial de la Salud Mental se\u2026","rel":"","context":"En &quot;Noticias&quot;","img":{"alt_text":"","src":"https:\/\/i0.wp.com\/lafuente.mx\/wp-content\/uploads\/2025\/10\/RAI-XL_0007_DSC_0046.jpg?fit=1200%2C797&ssl=1&resize=350%2C200","width":350,"height":200},"classes":[]}],"jetpack_sharing_enabled":true,"jetpack_shortlink":"https:\/\/wp.me\/pe9WUx-rc","_links":{"self":[{"href":"https:\/\/lafuente.mx\/index.php?rest_route=\/wp\/v2\/posts\/1686"}],"collection":[{"href":"https:\/\/lafuente.mx\/index.php?rest_route=\/wp\/v2\/posts"}],"about":[{"href":"https:\/\/lafuente.mx\/index.php?rest_route=\/wp\/v2\/types\/post"}],"author":[{"embeddable":true,"href":"https:\/\/lafuente.mx\/index.php?rest_route=\/wp\/v2\/users\/5"}],"replies":[{"embeddable":true,"href":"https:\/\/lafuente.mx\/index.php?rest_route=%2Fwp%2Fv2%2Fcomments&post=1686"}],"version-history":[{"count":3,"href":"https:\/\/lafuente.mx\/index.php?rest_route=\/wp\/v2\/posts\/1686\/revisions"}],"predecessor-version":[{"id":1704,"href":"https:\/\/lafuente.mx\/index.php?rest_route=\/wp\/v2\/posts\/1686\/revisions\/1704"}],"wp:featuredmedia":[{"embeddable":true,"href":"https:\/\/lafuente.mx\/index.php?rest_route=\/wp\/v2\/media\/1688"}],"wp:attachment":[{"href":"https:\/\/lafuente.mx\/index.php?rest_route=%2Fwp%2Fv2%2Fmedia&parent=1686"}],"wp:term":[{"taxonomy":"category","embeddable":true,"href":"https:\/\/lafuente.mx\/index.php?rest_route=%2Fwp%2Fv2%2Fcategories&post=1686"},{"taxonomy":"post_tag","embeddable":true,"href":"https:\/\/lafuente.mx\/index.php?rest_route=%2Fwp%2Fv2%2Ftags&post=1686"}],"curies":[{"name":"wp","href":"https:\/\/api.w.org\/{rel}","templated":true}]}}