{"id":1679,"date":"2023-09-08T08:00:00","date_gmt":"2023-09-08T08:00:00","guid":{"rendered":"https:\/\/lafuente.mx\/?p=1679"},"modified":"2023-09-21T17:04:19","modified_gmt":"2023-09-21T17:04:19","slug":"borrador-automatico-dia-mundial-para-la-prevencion-del-suicidio","status":"publish","type":"post","link":"https:\/\/lafuente.mx\/?p=1679","title":{"rendered":"D\u00eda Mundial para la Prevenci\u00f3n del Suicidio 2023"},"content":{"rendered":"\n<hr class=\"wp-block-separator has-text-color has-luminous-vivid-orange-color has-alpha-channel-opacity has-luminous-vivid-orange-background-color has-background\"\/>\n\n\n\n<p class=\"has-luminous-vivid-orange-color has-text-color has-larger-font-size\"><strong>\u00abCreando esperanza a trav\u00e9s de la acci\u00f3n\u00bb&nbsp;<\/strong><\/p>\n\n\n\n<hr class=\"wp-block-separator has-text-color has-luminous-vivid-orange-color has-alpha-channel-opacity has-luminous-vivid-orange-background-color has-background\"\/>\n\n\n\n<p class=\"has-text-color has-medium-font-size\" style=\"color:#525d67\">El D\u00eda Mundial para la Prevenci\u00f3n del Suicidio fue establecido en 2003 por la Asociaci\u00f3n Internacional para la Prevenci\u00f3n del Suicidio junto con la Organizaci\u00f3n Mundial de la Salud (OMS). <\/p>\n\n\n<div class=\"wp-block-image\">\n<figure class=\"aligncenter size-full is-resized\"><img decoding=\"async\" loading=\"lazy\" src=\"https:\/\/i0.wp.com\/lafuente.mx\/wp-content\/uploads\/2023\/09\/mono-ama.jpeg?resize=640%2C444&#038;ssl=1\" alt=\"\" class=\"wp-image-1680\" style=\"width:687px;height:477px\" width=\"640\" height=\"444\" srcset=\"https:\/\/i0.wp.com\/lafuente.mx\/wp-content\/uploads\/2023\/09\/mono-ama.jpeg?w=850&amp;ssl=1 850w, https:\/\/i0.wp.com\/lafuente.mx\/wp-content\/uploads\/2023\/09\/mono-ama.jpeg?resize=300%2C208&amp;ssl=1 300w, https:\/\/i0.wp.com\/lafuente.mx\/wp-content\/uploads\/2023\/09\/mono-ama.jpeg?resize=768%2C533&amp;ssl=1 768w\" sizes=\"(max-width: 640px) 100vw, 640px\" data-recalc-dims=\"1\" \/><\/figure><\/div>\n\n\n<p class=\"has-text-color has-medium-font-size\" style=\"color:#586068\">La jornada, que se celebra el 10 de septiembre de cada a\u00f1o, tiene como objetivo centrar la atenci\u00f3n en el problema, reducir el estigma asociado a \u00e9l y crear conciencia entre las organizaciones, gobiernos y el p\u00fablico, dando el mensaje singular de que el suicidio puede prevenirse.&nbsp;<\/p>\n\n\n\n<div class=\"wp-block-buttons is-layout-flex wp-block-buttons-is-layout-flex\">\n<div class=\"wp-block-button\"><a class=\"wp-block-button__link wp-element-button\" href=\"https:\/\/www.who.int\/es\/campaigns\/world-suicide-prevention-day\/2023#:~:text=La%20jornada%2C%20que%20se%20celebra,que%20el%20suicidio%20puede%20prevenirse.\">M\u00e1s informaci\u00f3n<\/a><\/div>\n<\/div>\n","protected":false},"excerpt":{"rendered":"<p>\u00abCreando esperanza a trav\u00e9s de la acci\u00f3n\u00bb&nbsp; El D\u00eda Mundial para la Prevenci\u00f3n del Suicidio fue establecido en 2003 por la Asociaci\u00f3n Internacional para la<\/p>\n","protected":false},"author":3,"featured_media":1680,"comment_status":"closed","ping_status":"closed","sticky":false,"template":"","format":"standard","meta":{"footnotes":"","jetpack_publicize_message":"","jetpack_is_tweetstorm":false,"jetpack_publicize_feature_enabled":true},"categories":[13],"tags":[286,98,69,21,63,32,353],"jetpack_publicize_connections":[],"yoast_head":"<!-- This site is optimized with the Yoast SEO plugin v19.4 - https:\/\/yoast.com\/wordpress\/plugins\/seo\/ -->\n<title>D\u00eda Mundial para la Prevenci\u00f3n del Suicidio 2023 -<\/title>\n<meta name=\"description\" content=\"El suicidio es un problema importante de salud p\u00fablica con consecuencias sociales, emocionales y econ\u00f3micas de gran alcance. Se calcula que actualmente se producen m\u00e1s de 700 000 suicidios al a\u00f1o en todo el mundo, y sabemos que cada uno de ellos afecta profundamente a muchas m\u00e1s personas.\" \/>\n<meta name=\"robots\" content=\"index, follow, max-snippet:-1, max-image-preview:large, max-video-preview:-1\" \/>\n<link rel=\"canonical\" href=\"https:\/\/lafuente.mx\/?p=1679\" \/>\n<meta property=\"og:locale\" content=\"es_MX\" \/>\n<meta property=\"og:type\" content=\"article\" \/>\n<meta property=\"og:title\" content=\"D\u00eda Mundial para la Prevenci\u00f3n del Suicidio\" \/>\n<meta property=\"og:description\" content=\"El suicidio es un problema importante de salud p\u00fablica con consecuencias sociales, emocionales y econ\u00f3micas de gran alcance. Se calcula que actualmente se producen m\u00e1s de 700 000 suicidios al a\u00f1o en todo el mundo, y sabemos que cada uno de ellos afecta profundamente a muchas m\u00e1s personas.\" \/>\n<meta property=\"og:url\" content=\"https:\/\/lafuente.mx\/?p=1679\" \/>\n<meta property=\"article:published_time\" content=\"2023-09-08T08:00:00+00:00\" \/>\n<meta property=\"article:modified_time\" content=\"2023-09-21T17:04:19+00:00\" \/>\n<meta property=\"og:image\" content=\"http:\/\/lafuente.mx\/wp-content\/uploads\/2023\/09\/mono-ama.jpeg\" \/>\n\t<meta property=\"og:image:width\" content=\"850\" \/>\n\t<meta property=\"og:image:height\" content=\"590\" \/>\n\t<meta property=\"og:image:type\" content=\"image\/jpeg\" \/>\n<meta name=\"author\" content=\"Claudia Gallardo\" \/>\n<meta name=\"twitter:card\" content=\"summary_large_image\" \/>\n<meta name=\"twitter:title\" content=\"D\u00eda Mundial para la Prevenci\u00f3n del Suicidio\" \/>\n<meta name=\"twitter:description\" content=\"El suicidio es un problema importante de salud p\u00fablica con consecuencias sociales, emocionales y econ\u00f3micas de gran alcance. Se calcula que actualmente se producen m\u00e1s de 700 000 suicidios al a\u00f1o en todo el mundo, y sabemos que cada uno de ellos afecta profundamente a muchas m\u00e1s personas.\" \/>\n<meta name=\"twitter:image\" content=\"https:\/\/i0.wp.com\/lafuente.mx\/wp-content\/uploads\/2023\/09\/mono-ama.jpeg?fit=850%2C590&ssl=1\" \/>\n<meta name=\"twitter:label1\" content=\"Escrito por\" \/>\n\t<meta name=\"twitter:data1\" content=\"Claudia Gallardo\" \/>\n<script type=\"application\/ld+json\" class=\"yoast-schema-graph\">{\"@context\":\"https:\/\/schema.org\",\"@graph\":[{\"@type\":\"WebSite\",\"@id\":\"https:\/\/lafuente.mx\/#website\",\"url\":\"https:\/\/lafuente.mx\/\",\"name\":\"\",\"description\":\"Informaci\u00f3n confiable sobre salud mental\",\"potentialAction\":[{\"@type\":\"SearchAction\",\"target\":{\"@type\":\"EntryPoint\",\"urlTemplate\":\"https:\/\/lafuente.mx\/?s={search_term_string}\"},\"query-input\":\"required name=search_term_string\"}],\"inLanguage\":\"es-MX\"},{\"@type\":\"WebPage\",\"@id\":\"https:\/\/lafuente.mx\/?p=1679\",\"url\":\"https:\/\/lafuente.mx\/?p=1679\",\"name\":\"D\u00eda Mundial para la Prevenci\u00f3n del Suicidio 2023 -\",\"isPartOf\":{\"@id\":\"https:\/\/lafuente.mx\/#website\"},\"datePublished\":\"2023-09-08T08:00:00+00:00\",\"dateModified\":\"2023-09-21T17:04:19+00:00\",\"author\":{\"@id\":\"https:\/\/lafuente.mx\/#\/schema\/person\/603f3aa8e2f6f7879021ab722d39d6b0\"},\"description\":\"El suicidio es un problema importante de salud p\u00fablica con consecuencias sociales, emocionales y econ\u00f3micas de gran alcance. Se calcula que actualmente se producen m\u00e1s de 700 000 suicidios al a\u00f1o en todo el mundo, y sabemos que cada uno de ellos afecta profundamente a muchas m\u00e1s personas.\",\"breadcrumb\":{\"@id\":\"https:\/\/lafuente.mx\/?p=1679#breadcrumb\"},\"inLanguage\":\"es-MX\",\"potentialAction\":[{\"@type\":\"ReadAction\",\"target\":[\"https:\/\/lafuente.mx\/?p=1679\"]}]},{\"@type\":\"BreadcrumbList\",\"@id\":\"https:\/\/lafuente.mx\/?p=1679#breadcrumb\",\"itemListElement\":[{\"@type\":\"ListItem\",\"position\":1,\"name\":\"Inicio\",\"item\":\"https:\/\/lafuente.mx\/\"},{\"@type\":\"ListItem\",\"position\":2,\"name\":\"D\u00eda Mundial para la Prevenci\u00f3n del Suicidio 2023\"}]},{\"@type\":\"Person\",\"@id\":\"https:\/\/lafuente.mx\/#\/schema\/person\/603f3aa8e2f6f7879021ab722d39d6b0\",\"name\":\"Claudia Gallardo\",\"image\":{\"@type\":\"ImageObject\",\"inLanguage\":\"es-MX\",\"@id\":\"https:\/\/lafuente.mx\/#\/schema\/person\/image\/\",\"url\":\"https:\/\/secure.gravatar.com\/avatar\/bfe9c966af1ccfb9d17bcdb9d04e8815?s=96&d=mm&r=g\",\"contentUrl\":\"https:\/\/secure.gravatar.com\/avatar\/bfe9c966af1ccfb9d17bcdb9d04e8815?s=96&d=mm&r=g\",\"caption\":\"Claudia Gallardo\"},\"url\":\"https:\/\/lafuente.mx\/?author=3\"}]}<\/script>\n<!-- \/ Yoast SEO plugin. -->","yoast_head_json":{"title":"D\u00eda Mundial para la Prevenci\u00f3n del Suicidio 2023 -","description":"El suicidio es un problema importante de salud p\u00fablica con consecuencias sociales, emocionales y econ\u00f3micas de gran alcance. Se calcula que actualmente se producen m\u00e1s de 700 000 suicidios al a\u00f1o en todo el mundo, y sabemos que cada uno de ellos afecta profundamente a muchas m\u00e1s personas.","robots":{"index":"index","follow":"follow","max-snippet":"max-snippet:-1","max-image-preview":"max-image-preview:large","max-video-preview":"max-video-preview:-1"},"canonical":"https:\/\/lafuente.mx\/?p=1679","og_locale":"es_MX","og_type":"article","og_title":"D\u00eda Mundial para la Prevenci\u00f3n del Suicidio","og_description":"El suicidio es un problema importante de salud p\u00fablica con consecuencias sociales, emocionales y econ\u00f3micas de gran alcance. Se calcula que actualmente se producen m\u00e1s de 700 000 suicidios al a\u00f1o en todo el mundo, y sabemos que cada uno de ellos afecta profundamente a muchas m\u00e1s personas.","og_url":"https:\/\/lafuente.mx\/?p=1679","article_published_time":"2023-09-08T08:00:00+00:00","article_modified_time":"2023-09-21T17:04:19+00:00","og_image":[{"width":850,"height":590,"url":"http:\/\/lafuente.mx\/wp-content\/uploads\/2023\/09\/mono-ama.jpeg","type":"image\/jpeg"}],"author":"Claudia Gallardo","twitter_card":"summary_large_image","twitter_title":"D\u00eda Mundial para la Prevenci\u00f3n del Suicidio","twitter_description":"El suicidio es un problema importante de salud p\u00fablica con consecuencias sociales, emocionales y econ\u00f3micas de gran alcance. Se calcula que actualmente se producen m\u00e1s de 700 000 suicidios al a\u00f1o en todo el mundo, y sabemos que cada uno de ellos afecta profundamente a muchas m\u00e1s personas.","twitter_image":"https:\/\/i0.wp.com\/lafuente.mx\/wp-content\/uploads\/2023\/09\/mono-ama.jpeg?fit=850%2C590&ssl=1","twitter_misc":{"Escrito por":"Claudia Gallardo"},"schema":{"@context":"https:\/\/schema.org","@graph":[{"@type":"WebSite","@id":"https:\/\/lafuente.mx\/#website","url":"https:\/\/lafuente.mx\/","name":"","description":"Informaci\u00f3n confiable sobre salud mental","potentialAction":[{"@type":"SearchAction","target":{"@type":"EntryPoint","urlTemplate":"https:\/\/lafuente.mx\/?s={search_term_string}"},"query-input":"required name=search_term_string"}],"inLanguage":"es-MX"},{"@type":"WebPage","@id":"https:\/\/lafuente.mx\/?p=1679","url":"https:\/\/lafuente.mx\/?p=1679","name":"D\u00eda Mundial para la Prevenci\u00f3n del Suicidio 2023 -","isPartOf":{"@id":"https:\/\/lafuente.mx\/#website"},"datePublished":"2023-09-08T08:00:00+00:00","dateModified":"2023-09-21T17:04:19+00:00","author":{"@id":"https:\/\/lafuente.mx\/#\/schema\/person\/603f3aa8e2f6f7879021ab722d39d6b0"},"description":"El suicidio es un problema importante de salud p\u00fablica con consecuencias sociales, emocionales y econ\u00f3micas de gran alcance. Se calcula que actualmente se producen m\u00e1s de 700 000 suicidios al a\u00f1o en todo el mundo, y sabemos que cada uno de ellos afecta profundamente a muchas m\u00e1s personas.","breadcrumb":{"@id":"https:\/\/lafuente.mx\/?p=1679#breadcrumb"},"inLanguage":"es-MX","potentialAction":[{"@type":"ReadAction","target":["https:\/\/lafuente.mx\/?p=1679"]}]},{"@type":"BreadcrumbList","@id":"https:\/\/lafuente.mx\/?p=1679#breadcrumb","itemListElement":[{"@type":"ListItem","position":1,"name":"Inicio","item":"https:\/\/lafuente.mx\/"},{"@type":"ListItem","position":2,"name":"D\u00eda Mundial para la Prevenci\u00f3n del Suicidio 2023"}]},{"@type":"Person","@id":"https:\/\/lafuente.mx\/#\/schema\/person\/603f3aa8e2f6f7879021ab722d39d6b0","name":"Claudia Gallardo","image":{"@type":"ImageObject","inLanguage":"es-MX","@id":"https:\/\/lafuente.mx\/#\/schema\/person\/image\/","url":"https:\/\/secure.gravatar.com\/avatar\/bfe9c966af1ccfb9d17bcdb9d04e8815?s=96&d=mm&r=g","contentUrl":"https:\/\/secure.gravatar.com\/avatar\/bfe9c966af1ccfb9d17bcdb9d04e8815?s=96&d=mm&r=g","caption":"Claudia Gallardo"},"url":"https:\/\/lafuente.mx\/?author=3"}]}},"jetpack_featured_media_url":"https:\/\/i0.wp.com\/lafuente.mx\/wp-content\/uploads\/2023\/09\/mono-ama.jpeg?fit=850%2C590&ssl=1","jetpack-related-posts":[{"id":2523,"url":"https:\/\/lafuente.mx\/?p=2523","url_meta":{"origin":1679,"position":0},"title":"D\u00eda Mundial para la Prevenci\u00f3n del Suicidio 2024\u00a0","date":"septiembre 10, 2024","format":false,"excerpt":"El D\u00eda Mundial para la Prevenci\u00f3n del Suicidio,\u00a0que se conmemora anualmente el 10 de septiembre, est\u00e1 organizado por la Asociaci\u00f3n Internacional para la Prevenci\u00f3n del Suicidio (IASP) y avalado por la Organizaci\u00f3n Mundial de la Salud (OMS). La conmemoraci\u00f3n centra la atenci\u00f3n en el tema, reduce el estigma y crea\u2026","rel":"","context":"En &quot;Efem\u00e9rides de Salud Mental&quot;","img":{"alt_text":"stop adult suicide, candle in child hands, left alone-3801118.jpg","src":"https:\/\/i0.wp.com\/lafuente.mx\/wp-content\/uploads\/2024\/09\/stop-adult-suicide-candle-in-child-hands-left-alone-3801118.jpg?fit=1200%2C857&ssl=1&resize=350%2C200","width":350,"height":200},"classes":[]},{"id":3234,"url":"https:\/\/lafuente.mx\/?p=3234","url_meta":{"origin":1679,"position":1},"title":"D\u00eda Mundial para la Prevenci\u00f3n del Suicidio","date":"septiembre 10, 2025","format":false,"excerpt":"10 de septiembre El D\u00eda Mundial para la Prevenci\u00f3n del Suicidio, que se celebra cada 10 de septiembre, es una iniciativa global liderada por la Asociaci\u00f3n Internacional para la Prevenci\u00f3n del Suicidio (IASP) con el apoyo de la Organizaci\u00f3n Mundial de la Salud (OMS). Su objetivo es concienciar, reducir el\u2026","rel":"","context":"En &quot;Efem\u00e9rides de Salud Mental&quot;","img":{"alt_text":"red rose near rail, remembering all victims, of suicide on rail, condolence, humble, loving memory, you are not forgotten, outdoor, humble, humble, humble, humble, humble-3663515.jpg","src":"https:\/\/i0.wp.com\/lafuente.mx\/wp-content\/uploads\/2025\/09\/red-rose-near-rail-remembering-all-victims-of-suicide-on-rail-condolence-humble-loving-memory-you-are-not-forgotten-outdoor-humble-humble-humble-humble-humble-3663515.jpg?fit=1200%2C800&ssl=1&resize=350%2C200","width":350,"height":200},"classes":[]},{"id":1867,"url":"https:\/\/lafuente.mx\/?p=1867","url_meta":{"origin":1679,"position":2},"title":"D\u00eda Internacional del Hombre","date":"noviembre 15, 2023","format":false,"excerpt":"El 19 de noviembre, D\u00eda Internacional del Hombre, celebra en todo el mundo el valor positivo que los hombres aportan al mundo, a sus familias y comunidades.\u00a0Destacamos modelos positivos y creamos conciencia sobre el bienestar de los hombres.\u00a0 Nuestro tema para 2023 es \u201cCero suicidio masculino\u201d.\u00a0 Juntos podemos detener el\u2026","rel":"","context":"En &quot;Efem\u00e9rides de Salud Mental&quot;","img":{"alt_text":"","src":"https:\/\/i0.wp.com\/lafuente.mx\/wp-content\/uploads\/2023\/11\/hombres.jpeg?fit=1000%2C667&ssl=1&resize=350%2C200","width":350,"height":200},"classes":[]},{"id":1691,"url":"https:\/\/lafuente.mx\/?p=1691","url_meta":{"origin":1679,"position":3},"title":"Cuadernillo b\u00e1sico para la prevenci\u00f3n del suicidio\u00a0","date":"septiembre 10, 2023","format":false,"excerpt":"El presente cuadernillo tiene como prop\u00f3sito ofrecer conocimientos y habilidades b\u00e1sicos para la prevenci\u00f3n del suicidio en la poblaci\u00f3n general. Si bien es fundamental reconocer que el suicidio, como problema de salud p\u00fablica, requiere la intervenci\u00f3n de profesionales de la salud mental a trav\u00e9s de un enfoque cl\u00ednico-terap\u00e9utico, la participaci\u00f3n\u2026","rel":"","context":"En &quot;Publicaciones&quot;","img":{"alt_text":"","src":"https:\/\/i0.wp.com\/lafuente.mx\/wp-content\/uploads\/2023\/09\/Captura-de-Pantalla-2023-09-08-a-las-14.33.59.png?fit=936%2C1200&ssl=1&resize=350%2C200","width":350,"height":200},"classes":[]},{"id":1666,"url":"https:\/\/lafuente.mx\/?p=1666","url_meta":{"origin":1679,"position":4},"title":"Mentalizarte","date":"septiembre 5, 2023","format":false,"excerpt":"En septiembre hablaremos de Prevenci\u00f3n del suicidio","rel":"","context":"En &quot;Informaci\u00f3n de inter\u00e9s&quot;","img":{"alt_text":"","src":"https:\/\/i0.wp.com\/lafuente.mx\/wp-content\/uploads\/2023\/09\/septiembre.png?fit=1094%2C875&ssl=1&resize=350%2C200","width":350,"height":200},"classes":[]},{"id":3225,"url":"https:\/\/lafuente.mx\/?p=3225","url_meta":{"origin":1679,"position":5},"title":"Mentalizarte","date":"septiembre 1, 2025","format":false,"excerpt":"Durante septiembre en Mentalizarte hablaremos sobre Prevenci\u00f3n del suicidio MENTALIZARTE es el proyecto de difusi\u00f3n en temas de salud mental del Instituto Nacional de Psiquiatr\u00eda Ram\u00f3n de la Fuente Mu\u00f1iz (INPRFM). Tiene el objetivo de informar sobre los s\u00edntomas de los diferentes trastornos mentales, difundir que pedir ayuda no es\u2026","rel":"","context":"En &quot;Informaci\u00f3n de inter\u00e9s&quot;","img":{"alt_text":"","src":"https:\/\/i0.wp.com\/lafuente.mx\/wp-content\/uploads\/2025\/09\/WhatsApp-Image-2025-09-01-at-11.08.40-AM.jpeg?fit=655%2C379&ssl=1&resize=350%2C200","width":350,"height":200},"classes":[]}],"jetpack_sharing_enabled":true,"jetpack_shortlink":"https:\/\/wp.me\/pe9WUx-r5","_links":{"self":[{"href":"https:\/\/lafuente.mx\/index.php?rest_route=\/wp\/v2\/posts\/1679"}],"collection":[{"href":"https:\/\/lafuente.mx\/index.php?rest_route=\/wp\/v2\/posts"}],"about":[{"href":"https:\/\/lafuente.mx\/index.php?rest_route=\/wp\/v2\/types\/post"}],"author":[{"embeddable":true,"href":"https:\/\/lafuente.mx\/index.php?rest_route=\/wp\/v2\/users\/3"}],"replies":[{"embeddable":true,"href":"https:\/\/lafuente.mx\/index.php?rest_route=%2Fwp%2Fv2%2Fcomments&post=1679"}],"version-history":[{"count":2,"href":"https:\/\/lafuente.mx\/index.php?rest_route=\/wp\/v2\/posts\/1679\/revisions"}],"predecessor-version":[{"id":1684,"href":"https:\/\/lafuente.mx\/index.php?rest_route=\/wp\/v2\/posts\/1679\/revisions\/1684"}],"wp:featuredmedia":[{"embeddable":true,"href":"https:\/\/lafuente.mx\/index.php?rest_route=\/wp\/v2\/media\/1680"}],"wp:attachment":[{"href":"https:\/\/lafuente.mx\/index.php?rest_route=%2Fwp%2Fv2%2Fmedia&parent=1679"}],"wp:term":[{"taxonomy":"category","embeddable":true,"href":"https:\/\/lafuente.mx\/index.php?rest_route=%2Fwp%2Fv2%2Fcategories&post=1679"},{"taxonomy":"post_tag","embeddable":true,"href":"https:\/\/lafuente.mx\/index.php?rest_route=%2Fwp%2Fv2%2Ftags&post=1679"}],"curies":[{"name":"wp","href":"https:\/\/api.w.org\/{rel}","templated":true}]}}