{"id":1626,"date":"2023-08-18T18:05:14","date_gmt":"2023-08-18T18:05:14","guid":{"rendered":"https:\/\/lafuente.mx\/?p=1626"},"modified":"2023-08-28T17:33:49","modified_gmt":"2023-08-28T17:33:49","slug":"21-de-agosto-dia-nacional-de-las-y-los-trabajadores-sociales-2","status":"publish","type":"post","link":"https:\/\/lafuente.mx\/?p=1626","title":{"rendered":"D\u00eda Nacional de las y los Trabajadores Sociales"},"content":{"rendered":"\n<p class=\"has-text-color has-large-font-size\" style=\"color:#a57f1e\"><strong>21 de agosto<\/strong><\/p>\n\n\n\n<p><\/p>\n\n\n\n<hr class=\"wp-block-separator has-text-color has-alpha-channel-opacity has-background is-style-wide\" style=\"background-color:#a57f1e;color:#a57f1e\"\/>\n\n\n<div class=\"wp-block-image\">\n<figure class=\"aligncenter size-large\"><img decoding=\"async\" loading=\"lazy\" width=\"640\" height=\"427\" src=\"https:\/\/i0.wp.com\/lafuente.mx\/wp-content\/uploads\/2023\/08\/1692377802442q-edited-1-scaled.jpg?resize=640%2C427&#038;ssl=1\" alt=\"\" class=\"wp-image-1629\" srcset=\"https:\/\/i0.wp.com\/lafuente.mx\/wp-content\/uploads\/2023\/08\/1692377802442q-edited-1-scaled.jpg?w=2560&amp;ssl=1 2560w, https:\/\/i0.wp.com\/lafuente.mx\/wp-content\/uploads\/2023\/08\/1692377802442q-edited-1-scaled.jpg?resize=300%2C200&amp;ssl=1 300w, https:\/\/i0.wp.com\/lafuente.mx\/wp-content\/uploads\/2023\/08\/1692377802442q-edited-1-scaled.jpg?resize=1024%2C683&amp;ssl=1 1024w, https:\/\/i0.wp.com\/lafuente.mx\/wp-content\/uploads\/2023\/08\/1692377802442q-edited-1-scaled.jpg?resize=768%2C512&amp;ssl=1 768w, https:\/\/i0.wp.com\/lafuente.mx\/wp-content\/uploads\/2023\/08\/1692377802442q-edited-1-scaled.jpg?resize=1536%2C1024&amp;ssl=1 1536w, https:\/\/i0.wp.com\/lafuente.mx\/wp-content\/uploads\/2023\/08\/1692377802442q-edited-1-scaled.jpg?resize=2048%2C1365&amp;ssl=1 2048w, https:\/\/i0.wp.com\/lafuente.mx\/wp-content\/uploads\/2023\/08\/1692377802442q-edited-1-scaled.jpg?w=1280 1280w, https:\/\/i0.wp.com\/lafuente.mx\/wp-content\/uploads\/2023\/08\/1692377802442q-edited-1-scaled.jpg?w=1920 1920w\" sizes=\"(max-width: 640px) 100vw, 640px\" data-recalc-dims=\"1\" \/><\/figure><\/div>\n\n\n<hr class=\"wp-block-separator has-text-color has-alpha-channel-opacity has-background is-style-wide\" style=\"background-color:#a57f1e;color:#a57f1e\"\/>\n\n\n\n<p>El Pleno del Senado de la Rep\u00fablica aprob\u00f3 con 96 votos y cero en contra, un dictamen enviado por las Comisiones Unidas de Educaci\u00f3n; y de Estudios Legislativos, Segunda, por el que se declara el 21 de agosto de cada a\u00f1o como <strong>&#8220;D\u00eda Nacional de las y los Trabajadores Sociales&#8221;.&nbsp;<\/strong><\/p>\n\n\n\n<p>El dictamen detalla que la profesi\u00f3n de trabajador social se especializa en lo social, el desarrollo de metodolog\u00edas de intervenci\u00f3n, investigaciones y diagn\u00f3sticos, modelos y pr\u00e1cticas de intervenci\u00f3n para el dise\u00f1o e implementaci\u00f3n de programas y proyectos sociales, que ha dejado un importante legado en las Instituciones del Estado y en la poblaci\u00f3n atendida.&nbsp;<\/p>\n\n\n\n<p>Informa que desde los a\u00f1os cincuenta, el Sector Salud y los Institutos de Educaci\u00f3n Superior han conmemorado el 21 de agosto como el d\u00eda de \u00e9l y la Trabajadora Social, con actos festivos y acad\u00e9micos. El dictamen busca que se establezca esta conmemoraci\u00f3n a nivel nacional.&nbsp;<\/p>\n\n\n\n<p>Las comisiones dictaminadoras coincidieron en que la importancia de las y los trabajadores sociales, desde su aparici\u00f3n como profesi\u00f3n, se encuentra ligada a varios factores: el crecimiento y desarrollo de las Instituciones del Estado Mexicano; una pol\u00edtica social hacia los sectores o grupos sociales menos favorecidos o en situaci\u00f3n de vulnerabilidad social; y el avance de las ciencias sociales.&nbsp;<\/p>\n\n\n\n<p><strong>\u201cLa trabajadora y el trabajador social deben tener en cuenta las necesidades sociales de su desempe\u00f1o y trabajar por las siguientes premisas: luchar por los problemas sociales, sembrar esperanza y motivar el bienestar social, promover el cambio social y facilitar la persona que desarrolle todas sus potencialidades\u201d.&nbsp;&nbsp;<\/strong><\/p>\n\n\n\n<hr class=\"wp-block-separator has-text-color has-alpha-channel-opacity has-background is-style-wide\" style=\"background-color:#a57f1e;color:#a57f1e\"\/>\n\n\n\n<div class=\"wp-block-buttons is-layout-flex wp-block-buttons-is-layout-flex\">\n<div class=\"wp-block-button is-style-fill\"><a class=\"wp-block-button__link has-background\" href=\"http:\/\/comunicacion.senado.gob.mx\/index.php\/informacion\/boletines\/47209-declaran-el-21-de-agosto-dia-nacional-de-las-y-los-trabajadores-sociales.html\" style=\"background-color:#a57f1e\" target=\"_blank\" rel=\"noreferrer noopener\">M\u00e1s informaci\u00f3n<\/a><\/div>\n<\/div>\n","protected":false},"excerpt":{"rendered":"<p>21 de agosto El Pleno del Senado de la Rep\u00fablica aprob\u00f3 con 96 votos y cero en contra, un dictamen enviado por las Comisiones Unidas<\/p>\n","protected":false},"author":5,"featured_media":1632,"comment_status":"closed","ping_status":"closed","sticky":false,"template":"","format":"standard","meta":{"footnotes":"","jetpack_publicize_message":"","jetpack_is_tweetstorm":false,"jetpack_publicize_feature_enabled":true},"categories":[13],"tags":[15,411,21,412,413],"jetpack_publicize_connections":[],"yoast_head":"<!-- This site is optimized with the Yoast SEO plugin v19.4 - https:\/\/yoast.com\/wordpress\/plugins\/seo\/ -->\n<title>D\u00eda Nacional de las y los Trabajadores Sociales -<\/title>\n<meta name=\"description\" content=\"21 de agosto D\u00eda Nacional de las y los Trabajadores Sociales\" \/>\n<meta name=\"robots\" content=\"index, follow, max-snippet:-1, max-image-preview:large, max-video-preview:-1\" \/>\n<link rel=\"canonical\" href=\"https:\/\/lafuente.mx\/?p=1626\" \/>\n<meta property=\"og:locale\" content=\"es_MX\" \/>\n<meta property=\"og:type\" content=\"article\" \/>\n<meta property=\"og:title\" content=\"21 de agosto D\u00eda Nacional de las y los Trabajadores Sociales\" \/>\n<meta property=\"og:description\" content=\"21 de agosto D\u00eda Nacional de las y los Trabajadores Sociales\" \/>\n<meta property=\"og:url\" content=\"https:\/\/lafuente.mx\/?p=1626\" \/>\n<meta property=\"article:published_time\" content=\"2023-08-18T18:05:14+00:00\" \/>\n<meta property=\"article:modified_time\" content=\"2023-08-28T17:33:49+00:00\" \/>\n<meta property=\"og:image\" content=\"http:\/\/lafuente.mx\/wp-content\/uploads\/2023\/08\/1692377802442q-edited-1-scaled.jpg\" \/>\n\t<meta property=\"og:image:width\" content=\"2560\" \/>\n\t<meta property=\"og:image:height\" content=\"1706\" \/>\n\t<meta property=\"og:image:type\" content=\"image\/jpeg\" \/>\n<meta name=\"author\" content=\"Dar\u00edo Ram\u00edrez\" \/>\n<meta name=\"twitter:card\" content=\"summary_large_image\" \/>\n<meta name=\"twitter:title\" content=\"21 de agosto D\u00eda Nacional de las y los Trabajadores Sociales\" \/>\n<meta name=\"twitter:description\" content=\"21 de agosto D\u00eda Nacional de las y los Trabajadores Sociales\" \/>\n<meta name=\"twitter:image\" content=\"https:\/\/i0.wp.com\/lafuente.mx\/wp-content\/uploads\/2023\/08\/1692377802442q-edited-1-scaled.jpg?fit=2560%2C1706&ssl=1\" \/>\n<meta name=\"twitter:label1\" content=\"Escrito por\" \/>\n\t<meta name=\"twitter:data1\" content=\"Dar\u00edo Ram\u00edrez\" \/>\n\t<meta name=\"twitter:label2\" content=\"Tiempo de lectura\" \/>\n\t<meta name=\"twitter:data2\" content=\"2 minutos\" \/>\n<script type=\"application\/ld+json\" class=\"yoast-schema-graph\">{\"@context\":\"https:\/\/schema.org\",\"@graph\":[{\"@type\":\"WebSite\",\"@id\":\"https:\/\/lafuente.mx\/#website\",\"url\":\"https:\/\/lafuente.mx\/\",\"name\":\"\",\"description\":\"Informaci\u00f3n confiable sobre salud mental\",\"potentialAction\":[{\"@type\":\"SearchAction\",\"target\":{\"@type\":\"EntryPoint\",\"urlTemplate\":\"https:\/\/lafuente.mx\/?s={search_term_string}\"},\"query-input\":\"required name=search_term_string\"}],\"inLanguage\":\"es-MX\"},{\"@type\":\"WebPage\",\"@id\":\"https:\/\/lafuente.mx\/?p=1626\",\"url\":\"https:\/\/lafuente.mx\/?p=1626\",\"name\":\"D\u00eda Nacional de las y los Trabajadores Sociales -\",\"isPartOf\":{\"@id\":\"https:\/\/lafuente.mx\/#website\"},\"datePublished\":\"2023-08-18T18:05:14+00:00\",\"dateModified\":\"2023-08-28T17:33:49+00:00\",\"author\":{\"@id\":\"https:\/\/lafuente.mx\/#\/schema\/person\/b9cc1ac3941245ec61c80638a92abfb6\"},\"description\":\"21 de agosto D\u00eda Nacional de las y los Trabajadores Sociales\",\"breadcrumb\":{\"@id\":\"https:\/\/lafuente.mx\/?p=1626#breadcrumb\"},\"inLanguage\":\"es-MX\",\"potentialAction\":[{\"@type\":\"ReadAction\",\"target\":[\"https:\/\/lafuente.mx\/?p=1626\"]}]},{\"@type\":\"BreadcrumbList\",\"@id\":\"https:\/\/lafuente.mx\/?p=1626#breadcrumb\",\"itemListElement\":[{\"@type\":\"ListItem\",\"position\":1,\"name\":\"Inicio\",\"item\":\"https:\/\/lafuente.mx\/\"},{\"@type\":\"ListItem\",\"position\":2,\"name\":\"D\u00eda Nacional de las y los Trabajadores Sociales\"}]},{\"@type\":\"Person\",\"@id\":\"https:\/\/lafuente.mx\/#\/schema\/person\/b9cc1ac3941245ec61c80638a92abfb6\",\"name\":\"Dar\u00edo Ram\u00edrez\",\"image\":{\"@type\":\"ImageObject\",\"inLanguage\":\"es-MX\",\"@id\":\"https:\/\/lafuente.mx\/#\/schema\/person\/image\/\",\"url\":\"https:\/\/secure.gravatar.com\/avatar\/bd5441528d8085d08a897e5789079259?s=96&d=mm&r=g\",\"contentUrl\":\"https:\/\/secure.gravatar.com\/avatar\/bd5441528d8085d08a897e5789079259?s=96&d=mm&r=g\",\"caption\":\"Dar\u00edo Ram\u00edrez\"},\"url\":\"https:\/\/lafuente.mx\/?author=5\"}]}<\/script>\n<!-- \/ Yoast SEO plugin. -->","yoast_head_json":{"title":"D\u00eda Nacional de las y los Trabajadores Sociales -","description":"21 de agosto D\u00eda Nacional de las y los Trabajadores Sociales","robots":{"index":"index","follow":"follow","max-snippet":"max-snippet:-1","max-image-preview":"max-image-preview:large","max-video-preview":"max-video-preview:-1"},"canonical":"https:\/\/lafuente.mx\/?p=1626","og_locale":"es_MX","og_type":"article","og_title":"21 de agosto D\u00eda Nacional de las y los Trabajadores Sociales","og_description":"21 de agosto D\u00eda Nacional de las y los Trabajadores Sociales","og_url":"https:\/\/lafuente.mx\/?p=1626","article_published_time":"2023-08-18T18:05:14+00:00","article_modified_time":"2023-08-28T17:33:49+00:00","og_image":[{"width":2560,"height":1706,"url":"http:\/\/lafuente.mx\/wp-content\/uploads\/2023\/08\/1692377802442q-edited-1-scaled.jpg","type":"image\/jpeg"}],"author":"Dar\u00edo Ram\u00edrez","twitter_card":"summary_large_image","twitter_title":"21 de agosto D\u00eda Nacional de las y los Trabajadores Sociales","twitter_description":"21 de agosto D\u00eda Nacional de las y los Trabajadores Sociales","twitter_image":"https:\/\/i0.wp.com\/lafuente.mx\/wp-content\/uploads\/2023\/08\/1692377802442q-edited-1-scaled.jpg?fit=2560%2C1706&ssl=1","twitter_misc":{"Escrito por":"Dar\u00edo Ram\u00edrez","Tiempo de lectura":"2 minutos"},"schema":{"@context":"https:\/\/schema.org","@graph":[{"@type":"WebSite","@id":"https:\/\/lafuente.mx\/#website","url":"https:\/\/lafuente.mx\/","name":"","description":"Informaci\u00f3n confiable sobre salud mental","potentialAction":[{"@type":"SearchAction","target":{"@type":"EntryPoint","urlTemplate":"https:\/\/lafuente.mx\/?s={search_term_string}"},"query-input":"required name=search_term_string"}],"inLanguage":"es-MX"},{"@type":"WebPage","@id":"https:\/\/lafuente.mx\/?p=1626","url":"https:\/\/lafuente.mx\/?p=1626","name":"D\u00eda Nacional de las y los Trabajadores Sociales -","isPartOf":{"@id":"https:\/\/lafuente.mx\/#website"},"datePublished":"2023-08-18T18:05:14+00:00","dateModified":"2023-08-28T17:33:49+00:00","author":{"@id":"https:\/\/lafuente.mx\/#\/schema\/person\/b9cc1ac3941245ec61c80638a92abfb6"},"description":"21 de agosto D\u00eda Nacional de las y los Trabajadores Sociales","breadcrumb":{"@id":"https:\/\/lafuente.mx\/?p=1626#breadcrumb"},"inLanguage":"es-MX","potentialAction":[{"@type":"ReadAction","target":["https:\/\/lafuente.mx\/?p=1626"]}]},{"@type":"BreadcrumbList","@id":"https:\/\/lafuente.mx\/?p=1626#breadcrumb","itemListElement":[{"@type":"ListItem","position":1,"name":"Inicio","item":"https:\/\/lafuente.mx\/"},{"@type":"ListItem","position":2,"name":"D\u00eda Nacional de las y los Trabajadores Sociales"}]},{"@type":"Person","@id":"https:\/\/lafuente.mx\/#\/schema\/person\/b9cc1ac3941245ec61c80638a92abfb6","name":"Dar\u00edo Ram\u00edrez","image":{"@type":"ImageObject","inLanguage":"es-MX","@id":"https:\/\/lafuente.mx\/#\/schema\/person\/image\/","url":"https:\/\/secure.gravatar.com\/avatar\/bd5441528d8085d08a897e5789079259?s=96&d=mm&r=g","contentUrl":"https:\/\/secure.gravatar.com\/avatar\/bd5441528d8085d08a897e5789079259?s=96&d=mm&r=g","caption":"Dar\u00edo Ram\u00edrez"},"url":"https:\/\/lafuente.mx\/?author=5"}]}},"jetpack_featured_media_url":"https:\/\/i0.wp.com\/lafuente.mx\/wp-content\/uploads\/2023\/08\/1692377802442q2-scaled.jpg?fit=2560%2C1440&ssl=1","jetpack-related-posts":[{"id":238,"url":"https:\/\/lafuente.mx\/?p=238","url_meta":{"origin":1626,"position":0},"title":"21 de agosto, D\u00eda Nacional de las y los Trabajadores Sociales\u00a0","date":"agosto 20, 2022","format":false,"excerpt":"Destaca la importancia y trascendencia de las y los trabajadores sociales. Agrega que se justifica la fecha conmemorativa que se propone, pues hay constancia que desde el 21 de agosto de 1950 se conmemora a los profesionales del trabajo social.\u00a0 Si bien es cierto que ello nace en el seno\u2026","rel":"","context":"En &quot;Efem\u00e9rides de Salud Mental&quot;","img":{"alt_text":"","src":"https:\/\/i0.wp.com\/lafuente.mx\/wp-content\/uploads\/2022\/08\/TSP-1.png?fit=729%2C729&ssl=1&resize=350%2C200","width":350,"height":200},"classes":[]},{"id":3221,"url":"https:\/\/lafuente.mx\/?p=3221","url_meta":{"origin":1626,"position":1},"title":"D\u00eda Nacional de las y los Trabajadores Sociales\u00a0","date":"agosto 21, 2025","format":false,"excerpt":"21 de agosto El 29 de abril de 2021, la C\u00e1mara de Diputados, LXIV Legislatura del H. Congreso de la Uni\u00f3n aprob\u00f3 el decreto por el que se declar\u00f3 el 21 de agosto de cada a\u00f1o como D\u00eda Nacional de las y los Trabajadores Sociales.\u00a0 Esta conmemoraci\u00f3n es un reconocimiento\u2026","rel":"","context":"En &quot;Efem\u00e9rides de Salud Mental&quot;","img":{"alt_text":"","src":"https:\/\/i0.wp.com\/lafuente.mx\/wp-content\/uploads\/2025\/08\/miembros-de-los-sindicatos-trabajando-juntos-scaled.jpg?fit=1200%2C675&ssl=1&resize=350%2C200","width":350,"height":200},"classes":[]},{"id":2543,"url":"https:\/\/lafuente.mx\/?p=2543","url_meta":{"origin":1626,"position":2},"title":"Enfermedades neurol\u00f3gicas y psiqui\u00e1tricas: Experiencias de Trabajo Social en el campo de la investigaci\u00f3n e intervenci\u00f3n colaborativa\u00a0","date":"septiembre 11, 2024","format":false,"excerpt":"El presente libro es resultado del Tercer Foro \"Enfermedades neurol\u00f3gicas y psiqui\u00e1tricas: experiencias de Trabajo Social en el campo de la investigaci\u00f3n e intervenci\u00f3n colaborativa\". Evento acad\u00e9mico de gran colaboraci\u00f3n interinstitucional, promovido por la Escuela Nacional de Trabajo Social (ENTS); el Instituto Nacional de Psiquiatr\u00eda Ram\u00f3n de la Fuente Mu\u00f1iz\u2026","rel":"","context":"En &quot;Publicaciones&quot;","img":{"alt_text":"","src":"https:\/\/i0.wp.com\/lafuente.mx\/wp-content\/uploads\/2024\/09\/Captura-de-pantalla-2024-09-10-a-las-12.52.51.png?fit=874%2C1200&ssl=1&resize=350%2C200","width":350,"height":200},"classes":[]},{"id":3230,"url":"https:\/\/lafuente.mx\/?p=3230","url_meta":{"origin":1626,"position":3},"title":"La neurociencia social como herramienta para construir una Cultura de Paz\u00a0","date":"septiembre 4, 2025","format":false,"excerpt":"Ago 19, 2025 | Academia\u00a0 \u201cNo hay nada en nuestra biolog\u00eda que nos determine a la guerra. La biolog\u00eda no condena a la humanidad a la violencia, y si no somos naturalmente violentos, la paz tambi\u00e9n puede ser construida\u201d, afirm\u00f3 el doctor Roberto Emmanuele Mercadillo Caballero, Investigador en Ciencias M\u00e9dicas\u2026","rel":"","context":"En &quot;Noticias&quot;","img":{"alt_text":"","src":"https:\/\/i0.wp.com\/lafuente.mx\/wp-content\/uploads\/2025\/09\/vista-superior-de-la-forma-del-cerebro-de-papel-scaled.jpg?fit=1200%2C1200&ssl=1&resize=350%2C200","width":350,"height":200},"classes":[]},{"id":1582,"url":"https:\/\/lafuente.mx\/?p=1582","url_meta":{"origin":1626,"position":4},"title":"Pr\u00e1cticas de estilo de vida saludable y estado de nutrici\u00f3n y salud","date":"agosto 9, 2023","format":false,"excerpt":"El Instituto Nacional de Psiquiatr\u00eda Ram\u00f3n de la Fuente Mu\u00f1iz y el Instituto Nacional de Salud P\u00fablica te invitan a realizar actividades de investigaci\u00f3n en el proyecto: \u00a0 Intervenci\u00f3n multidimensional para mejorar pr\u00e1cticas de estilo de vida saludable y estado de nutrici\u00f3n y salud en escolares mexicanos\u00a0 Fotograf\u00eda: UNICEF\/ECU\/Escobar Durante\u2026","rel":"","context":"En &quot;Informaci\u00f3n de inter\u00e9s&quot;","img":{"alt_text":"","src":"https:\/\/i0.wp.com\/lafuente.mx\/wp-content\/uploads\/2023\/08\/Captura-de-Pantalla-2023-08-09-a-las-13.30.12.png?fit=1200%2C823&ssl=1&resize=350%2C200","width":350,"height":200},"classes":[]},{"id":1870,"url":"https:\/\/lafuente.mx\/?p=1870","url_meta":{"origin":1626,"position":5},"title":"VIII FORO DE ENFERMEDADES NEUROL\u00d3GICAS Y PSIQUI\u00c1TRICAS \u00a0","date":"noviembre 14, 2023","format":false,"excerpt":"Experiencias de Trabajo Social en el campo de la investigaci\u00f3n e intervenci\u00f3n colaborativa\u00a0 OBJETIVO: Reflexionar en torno a las construcciones te\u00f3ricasmetodol\u00f3gicas del Trabajo Social, y disciplinas afines, con relaci\u00f3n a la pr\u00e1ctica profesional inter y multidisciplinar de investigaci\u00f3n e intervenci\u00f3n en la atenci\u00f3n de las enfermedades neurol\u00f3gicas y los trastornos\u2026","rel":"","context":"En &quot;Eventos externos&quot;","img":{"alt_text":"","src":"https:\/\/i0.wp.com\/lafuente.mx\/wp-content\/uploads\/2023\/11\/Captura-de-Pantalla-2023-11-14-a-las-9.41.38.png?fit=1186%2C750&ssl=1&resize=350%2C200","width":350,"height":200},"classes":[]}],"jetpack_sharing_enabled":true,"jetpack_shortlink":"https:\/\/wp.me\/pe9WUx-qe","_links":{"self":[{"href":"https:\/\/lafuente.mx\/index.php?rest_route=\/wp\/v2\/posts\/1626"}],"collection":[{"href":"https:\/\/lafuente.mx\/index.php?rest_route=\/wp\/v2\/posts"}],"about":[{"href":"https:\/\/lafuente.mx\/index.php?rest_route=\/wp\/v2\/types\/post"}],"author":[{"embeddable":true,"href":"https:\/\/lafuente.mx\/index.php?rest_route=\/wp\/v2\/users\/5"}],"replies":[{"embeddable":true,"href":"https:\/\/lafuente.mx\/index.php?rest_route=%2Fwp%2Fv2%2Fcomments&post=1626"}],"version-history":[{"count":5,"href":"https:\/\/lafuente.mx\/index.php?rest_route=\/wp\/v2\/posts\/1626\/revisions"}],"predecessor-version":[{"id":1636,"href":"https:\/\/lafuente.mx\/index.php?rest_route=\/wp\/v2\/posts\/1626\/revisions\/1636"}],"wp:featuredmedia":[{"embeddable":true,"href":"https:\/\/lafuente.mx\/index.php?rest_route=\/wp\/v2\/media\/1632"}],"wp:attachment":[{"href":"https:\/\/lafuente.mx\/index.php?rest_route=%2Fwp%2Fv2%2Fmedia&parent=1626"}],"wp:term":[{"taxonomy":"category","embeddable":true,"href":"https:\/\/lafuente.mx\/index.php?rest_route=%2Fwp%2Fv2%2Fcategories&post=1626"},{"taxonomy":"post_tag","embeddable":true,"href":"https:\/\/lafuente.mx\/index.php?rest_route=%2Fwp%2Fv2%2Ftags&post=1626"}],"curies":[{"name":"wp","href":"https:\/\/api.w.org\/{rel}","templated":true}]}}