{"id":1612,"date":"2023-08-16T07:52:00","date_gmt":"2023-08-16T07:52:00","guid":{"rendered":"https:\/\/lafuente.mx\/?p=1612"},"modified":"2023-08-18T14:19:00","modified_gmt":"2023-08-18T14:19:00","slug":"borrador-automatico-simposio-salud-mental-y-violencia-colectiva","status":"publish","type":"post","link":"https:\/\/lafuente.mx\/?p=1612","title":{"rendered":"Simposio Salud mental y violencia colectiva\u00a0"},"content":{"rendered":"\n<p>&nbsp;<\/p>\n\n\n\n<figure class=\"wp-block-image size-large is-resized\"><img decoding=\"async\" src=\"https:\/\/i0.wp.com\/lafuente.mx\/wp-content\/uploads\/2023\/08\/Captura-de-Pantalla-2023-08-15-a-las-13.59.00-edited.png?w=640&#038;ssl=1\" alt=\"\" class=\"wp-image-1614\" srcset=\"https:\/\/i0.wp.com\/lafuente.mx\/wp-content\/uploads\/2023\/08\/Captura-de-Pantalla-2023-08-15-a-las-13.59.00-edited.png?w=1406&amp;ssl=1 1406w, https:\/\/i0.wp.com\/lafuente.mx\/wp-content\/uploads\/2023\/08\/Captura-de-Pantalla-2023-08-15-a-las-13.59.00-edited.png?resize=300%2C138&amp;ssl=1 300w, https:\/\/i0.wp.com\/lafuente.mx\/wp-content\/uploads\/2023\/08\/Captura-de-Pantalla-2023-08-15-a-las-13.59.00-edited.png?resize=1024%2C472&amp;ssl=1 1024w, https:\/\/i0.wp.com\/lafuente.mx\/wp-content\/uploads\/2023\/08\/Captura-de-Pantalla-2023-08-15-a-las-13.59.00-edited.png?resize=768%2C354&amp;ssl=1 768w, https:\/\/i0.wp.com\/lafuente.mx\/wp-content\/uploads\/2023\/08\/Captura-de-Pantalla-2023-08-15-a-las-13.59.00-edited.png?w=1280 1280w\" sizes=\"(max-width: 640px) 100vw, 640px\" data-recalc-dims=\"1\" \/><figcaption>Veranika Rokashevich, <em>Pinky , <\/em>2022<\/figcaption><\/figure>\n\n\n\n<p class=\"has-text-align-center has-text-color has-large-font-size\" style=\"color:#5f0c0c\"><strong>Coordinador: Dr. Juan Ram\u00f3n de la Fuente&nbsp;&nbsp;<\/strong><\/p>\n\n\n\n<p class=\"has-text-align-center has-large-font-size\"><strong>Mi\u00e9rcoles 16 de agosto&nbsp;<\/strong>&nbsp;<\/p>\n\n\n\n<p class=\"has-text-align-center has-large-font-size\"><strong>17:00 h<\/strong>oras<\/p>\n\n\n\n<hr class=\"wp-block-separator has-text-color has-vivid-red-color has-alpha-channel-opacity has-vivid-red-background-color has-background\"\/>\n\n\n\n<p><strong>Sede: Auditorio de la Academia Nacional de Medicina&nbsp;<\/strong>&nbsp;<\/p>\n\n\n\n<p class=\"has-medium-font-size\"><strong>Programa&nbsp;<\/strong>&nbsp;<\/p>\n\n\n\n<p class=\"has-medium-font-size\">Crisis humanitaria: El papel de los organismos internacionales.&nbsp;&nbsp;<\/p>\n\n\n\n<p>Dr. Juan Ram\u00f3n de la Fuente&nbsp;<\/p>\n\n\n\n<p class=\"has-medium-font-size\">Un modelo de atenci\u00f3n en zonas de alto nivel de conflicto.&nbsp;&nbsp;<\/p>\n\n\n\n<p>Dra. Deni \u00c1lvarez Icaza *&nbsp;<\/p>\n\n\n\n<p class=\"has-medium-font-size\">Violencia contra la mujer en zonas de crisis.&nbsp;&nbsp;<\/p>\n\n\n\n<p>Dra. Mar\u00eda Elena Medina-Mora&nbsp;<\/p>\n\n\n\n<p class=\"has-medium-font-size\">M\u00e9dicos sin fronteras en M\u00e9xico.&nbsp;&nbsp;<\/p>\n\n\n\n<p>Lic. N\u00e9stor Rubiano&nbsp;<\/p>\n\n\n\n<hr class=\"wp-block-separator has-text-color has-vivid-red-color has-alpha-channel-opacity has-vivid-red-background-color has-background\"\/>\n\n\n\n<div class=\"wp-block-buttons is-layout-flex wp-block-buttons-is-layout-flex\">\n<div class=\"wp-block-button\"><a class=\"wp-block-button__link\" href=\"https:\/\/www.facebook.com\/ANM.MX?mibextid=b06tZ0\" target=\"_blank\" rel=\"noreferrer noopener\">M\u00e1s informaci\u00f3n<\/a><\/div>\n<\/div>\n\n\n\n<p><\/p>\n","protected":false},"excerpt":{"rendered":"<p>&nbsp; Coordinador: Dr. Juan Ram\u00f3n de la Fuente&nbsp;&nbsp; Mi\u00e9rcoles 16 de agosto&nbsp;&nbsp; 17:00 horas Sede: Auditorio de la Academia Nacional de Medicina&nbsp;&nbsp; Programa&nbsp;&nbsp; Crisis humanitaria:<\/p>\n","protected":false},"author":3,"featured_media":1614,"comment_status":"closed","ping_status":"closed","sticky":false,"template":"","format":"standard","meta":{"footnotes":"","jetpack_publicize_message":"","jetpack_is_tweetstorm":false,"jetpack_publicize_feature_enabled":true},"categories":[9],"tags":[404,405,21,255,403,32,406,145],"jetpack_publicize_connections":[],"yoast_head":"<!-- This site is optimized with the Yoast SEO plugin v19.4 - https:\/\/yoast.com\/wordpress\/plugins\/seo\/ -->\n<title>Simposio Salud mental y violencia colectiva\u00a0 -<\/title>\n<meta name=\"description\" content=\"La violencia deja heridas por donde quiera que pasa: en el cuerpo de las personas, por supuesto, pero tambi\u00e9n en su psique, en su modo de relacionarse con el mundo y, por lo tanto, en sus comunidades.\" \/>\n<meta name=\"robots\" content=\"index, follow, max-snippet:-1, max-image-preview:large, max-video-preview:-1\" \/>\n<link rel=\"canonical\" href=\"https:\/\/lafuente.mx\/?p=1612\" \/>\n<meta property=\"og:locale\" content=\"es_MX\" \/>\n<meta property=\"og:type\" content=\"article\" \/>\n<meta property=\"og:title\" content=\"Simposio Salud mental y violencia colectiva\u00a0\" \/>\n<meta property=\"og:description\" content=\"La violencia deja heridas por donde quiera que pasa: en el cuerpo de las personas, por supuesto, pero tambi\u00e9n en su psique, en su modo de relacionarse con el mundo y, por lo tanto, en sus comunidades.\" \/>\n<meta property=\"og:url\" content=\"https:\/\/lafuente.mx\/?p=1612\" \/>\n<meta property=\"article:published_time\" content=\"2023-08-16T07:52:00+00:00\" \/>\n<meta property=\"article:modified_time\" content=\"2023-08-18T14:19:00+00:00\" \/>\n<meta property=\"og:image\" content=\"http:\/\/lafuente.mx\/wp-content\/uploads\/2023\/08\/Captura-de-Pantalla-2023-08-15-a-las-13.59.00-edited.png\" \/>\n\t<meta property=\"og:image:width\" content=\"1406\" \/>\n\t<meta property=\"og:image:height\" content=\"648\" \/>\n\t<meta property=\"og:image:type\" content=\"image\/png\" \/>\n<meta name=\"author\" content=\"Claudia Gallardo\" \/>\n<meta name=\"twitter:card\" content=\"summary_large_image\" \/>\n<meta name=\"twitter:title\" content=\"Simposio Salud mental y violencia colectiva\u00a0\" \/>\n<meta name=\"twitter:description\" content=\"La violencia deja heridas por donde quiera que pasa: en el cuerpo de las personas, por supuesto, pero tambi\u00e9n en su psique, en su modo de relacionarse con el mundo y, por lo tanto, en sus comunidades.\" \/>\n<meta name=\"twitter:image\" content=\"https:\/\/i0.wp.com\/lafuente.mx\/wp-content\/uploads\/2023\/08\/Captura-de-Pantalla-2023-08-15-a-las-13.59.00-edited.png?fit=1406%2C648&ssl=1\" \/>\n<meta name=\"twitter:label1\" content=\"Escrito por\" \/>\n\t<meta name=\"twitter:data1\" content=\"Claudia Gallardo\" \/>\n\t<meta name=\"twitter:label2\" content=\"Tiempo de lectura\" \/>\n\t<meta name=\"twitter:data2\" content=\"1 minuto\" \/>\n<script type=\"application\/ld+json\" class=\"yoast-schema-graph\">{\"@context\":\"https:\/\/schema.org\",\"@graph\":[{\"@type\":\"WebSite\",\"@id\":\"https:\/\/lafuente.mx\/#website\",\"url\":\"https:\/\/lafuente.mx\/\",\"name\":\"\",\"description\":\"Informaci\u00f3n confiable sobre salud mental\",\"potentialAction\":[{\"@type\":\"SearchAction\",\"target\":{\"@type\":\"EntryPoint\",\"urlTemplate\":\"https:\/\/lafuente.mx\/?s={search_term_string}\"},\"query-input\":\"required name=search_term_string\"}],\"inLanguage\":\"es-MX\"},{\"@type\":\"WebPage\",\"@id\":\"https:\/\/lafuente.mx\/?p=1612\",\"url\":\"https:\/\/lafuente.mx\/?p=1612\",\"name\":\"Simposio Salud mental y violencia colectiva\u00a0 -\",\"isPartOf\":{\"@id\":\"https:\/\/lafuente.mx\/#website\"},\"datePublished\":\"2023-08-16T07:52:00+00:00\",\"dateModified\":\"2023-08-18T14:19:00+00:00\",\"author\":{\"@id\":\"https:\/\/lafuente.mx\/#\/schema\/person\/603f3aa8e2f6f7879021ab722d39d6b0\"},\"description\":\"La violencia deja heridas por donde quiera que pasa: en el cuerpo de las personas, por supuesto, pero tambi\u00e9n en su psique, en su modo de relacionarse con el mundo y, por lo tanto, en sus comunidades.\",\"breadcrumb\":{\"@id\":\"https:\/\/lafuente.mx\/?p=1612#breadcrumb\"},\"inLanguage\":\"es-MX\",\"potentialAction\":[{\"@type\":\"ReadAction\",\"target\":[\"https:\/\/lafuente.mx\/?p=1612\"]}]},{\"@type\":\"BreadcrumbList\",\"@id\":\"https:\/\/lafuente.mx\/?p=1612#breadcrumb\",\"itemListElement\":[{\"@type\":\"ListItem\",\"position\":1,\"name\":\"Inicio\",\"item\":\"https:\/\/lafuente.mx\/\"},{\"@type\":\"ListItem\",\"position\":2,\"name\":\"Simposio Salud mental y violencia colectiva\u00a0\"}]},{\"@type\":\"Person\",\"@id\":\"https:\/\/lafuente.mx\/#\/schema\/person\/603f3aa8e2f6f7879021ab722d39d6b0\",\"name\":\"Claudia Gallardo\",\"image\":{\"@type\":\"ImageObject\",\"inLanguage\":\"es-MX\",\"@id\":\"https:\/\/lafuente.mx\/#\/schema\/person\/image\/\",\"url\":\"https:\/\/secure.gravatar.com\/avatar\/bfe9c966af1ccfb9d17bcdb9d04e8815?s=96&d=mm&r=g\",\"contentUrl\":\"https:\/\/secure.gravatar.com\/avatar\/bfe9c966af1ccfb9d17bcdb9d04e8815?s=96&d=mm&r=g\",\"caption\":\"Claudia Gallardo\"},\"url\":\"https:\/\/lafuente.mx\/?author=3\"}]}<\/script>\n<!-- \/ Yoast SEO plugin. -->","yoast_head_json":{"title":"Simposio Salud mental y violencia colectiva\u00a0 -","description":"La violencia deja heridas por donde quiera que pasa: en el cuerpo de las personas, por supuesto, pero tambi\u00e9n en su psique, en su modo de relacionarse con el mundo y, por lo tanto, en sus comunidades.","robots":{"index":"index","follow":"follow","max-snippet":"max-snippet:-1","max-image-preview":"max-image-preview:large","max-video-preview":"max-video-preview:-1"},"canonical":"https:\/\/lafuente.mx\/?p=1612","og_locale":"es_MX","og_type":"article","og_title":"Simposio Salud mental y violencia colectiva\u00a0","og_description":"La violencia deja heridas por donde quiera que pasa: en el cuerpo de las personas, por supuesto, pero tambi\u00e9n en su psique, en su modo de relacionarse con el mundo y, por lo tanto, en sus comunidades.","og_url":"https:\/\/lafuente.mx\/?p=1612","article_published_time":"2023-08-16T07:52:00+00:00","article_modified_time":"2023-08-18T14:19:00+00:00","og_image":[{"width":1406,"height":648,"url":"http:\/\/lafuente.mx\/wp-content\/uploads\/2023\/08\/Captura-de-Pantalla-2023-08-15-a-las-13.59.00-edited.png","type":"image\/png"}],"author":"Claudia Gallardo","twitter_card":"summary_large_image","twitter_title":"Simposio Salud mental y violencia colectiva\u00a0","twitter_description":"La violencia deja heridas por donde quiera que pasa: en el cuerpo de las personas, por supuesto, pero tambi\u00e9n en su psique, en su modo de relacionarse con el mundo y, por lo tanto, en sus comunidades.","twitter_image":"https:\/\/i0.wp.com\/lafuente.mx\/wp-content\/uploads\/2023\/08\/Captura-de-Pantalla-2023-08-15-a-las-13.59.00-edited.png?fit=1406%2C648&ssl=1","twitter_misc":{"Escrito por":"Claudia Gallardo","Tiempo de lectura":"1 minuto"},"schema":{"@context":"https:\/\/schema.org","@graph":[{"@type":"WebSite","@id":"https:\/\/lafuente.mx\/#website","url":"https:\/\/lafuente.mx\/","name":"","description":"Informaci\u00f3n confiable sobre salud mental","potentialAction":[{"@type":"SearchAction","target":{"@type":"EntryPoint","urlTemplate":"https:\/\/lafuente.mx\/?s={search_term_string}"},"query-input":"required name=search_term_string"}],"inLanguage":"es-MX"},{"@type":"WebPage","@id":"https:\/\/lafuente.mx\/?p=1612","url":"https:\/\/lafuente.mx\/?p=1612","name":"Simposio Salud mental y violencia colectiva\u00a0 -","isPartOf":{"@id":"https:\/\/lafuente.mx\/#website"},"datePublished":"2023-08-16T07:52:00+00:00","dateModified":"2023-08-18T14:19:00+00:00","author":{"@id":"https:\/\/lafuente.mx\/#\/schema\/person\/603f3aa8e2f6f7879021ab722d39d6b0"},"description":"La violencia deja heridas por donde quiera que pasa: en el cuerpo de las personas, por supuesto, pero tambi\u00e9n en su psique, en su modo de relacionarse con el mundo y, por lo tanto, en sus comunidades.","breadcrumb":{"@id":"https:\/\/lafuente.mx\/?p=1612#breadcrumb"},"inLanguage":"es-MX","potentialAction":[{"@type":"ReadAction","target":["https:\/\/lafuente.mx\/?p=1612"]}]},{"@type":"BreadcrumbList","@id":"https:\/\/lafuente.mx\/?p=1612#breadcrumb","itemListElement":[{"@type":"ListItem","position":1,"name":"Inicio","item":"https:\/\/lafuente.mx\/"},{"@type":"ListItem","position":2,"name":"Simposio Salud mental y violencia colectiva\u00a0"}]},{"@type":"Person","@id":"https:\/\/lafuente.mx\/#\/schema\/person\/603f3aa8e2f6f7879021ab722d39d6b0","name":"Claudia Gallardo","image":{"@type":"ImageObject","inLanguage":"es-MX","@id":"https:\/\/lafuente.mx\/#\/schema\/person\/image\/","url":"https:\/\/secure.gravatar.com\/avatar\/bfe9c966af1ccfb9d17bcdb9d04e8815?s=96&d=mm&r=g","contentUrl":"https:\/\/secure.gravatar.com\/avatar\/bfe9c966af1ccfb9d17bcdb9d04e8815?s=96&d=mm&r=g","caption":"Claudia Gallardo"},"url":"https:\/\/lafuente.mx\/?author=3"}]}},"jetpack_featured_media_url":"https:\/\/i0.wp.com\/lafuente.mx\/wp-content\/uploads\/2023\/08\/Captura-de-Pantalla-2023-08-15-a-las-13.59.00-edited.png?fit=1406%2C648&ssl=1","jetpack-related-posts":[{"id":1670,"url":"https:\/\/lafuente.mx\/?p=1670","url_meta":{"origin":1612,"position":0},"title":"XXXVIII REUNI\u00d3N ANUAL DE INVESTIGACI\u00d3N","date":"septiembre 4, 2023","format":false,"excerpt":"La investigaci\u00f3n en salud mental: desaf\u00edos y adaptaci\u00f3n en una era de cambio Del 4 al 6 de octubre del 2023 C\u00e1tedra Ram\u00f3n De la Fuente C\u00e1tedra INPRFM Conferencias Magistrales Concurso de carteles Simposios Presentaci\u00f3n de libro Mesas redondas Entrada libre, cupo limitado Transmisi\u00f3n en vivo Inscripciones","rel":"","context":"En &quot;Eventos Acad\u00e9micos del INPRFM&quot;","img":{"alt_text":"","src":"https:\/\/i0.wp.com\/lafuente.mx\/wp-content\/uploads\/2023\/09\/imagenRAI-38-larga.jpg?fit=1200%2C745&ssl=1&resize=350%2C200","width":350,"height":200},"classes":[]},{"id":3339,"url":"https:\/\/lafuente.mx\/?p=3339","url_meta":{"origin":1612,"position":1},"title":"XL Reuni\u00f3n Anual de Investigaci\u00f3n","date":"octubre 6, 2025","format":false,"excerpt":"Transformando la salud mental a trav\u00e9s de la investigaci\u00f3n: mentes sanas, futuros brillantes Conferencias magistrales. Simposios. Curso Pre-RAI. Mesas redondas. Conferencia cultural. Exposici\u00f3n de carteles Nos complace dar la bienvenida a la XL edici\u00f3n de nuestra Reuni\u00f3n Anual de Investigaci\u00f3n y la 7\u00aa Reuni\u00f3n de egresados, con la participaci\u00f3n de\u2026","rel":"","context":"En &quot;Eventos Acad\u00e9micos del INPRFM&quot;","img":{"alt_text":"","src":"https:\/\/i0.wp.com\/lafuente.mx\/wp-content\/uploads\/2025\/10\/Captura-de-pantalla-2025-10-06-a-las-14.23.52.png?fit=1200%2C692&ssl=1&resize=350%2C200","width":350,"height":200},"classes":[]},{"id":2454,"url":"https:\/\/lafuente.mx\/?p=2454","url_meta":{"origin":1612,"position":2},"title":"LA REALIDAD DEL ALCOHOLISMO EN M\u00c9XICO","date":"julio 18, 2024","format":false,"excerpt":"SIMPOSIO PARA PROFESIONALES S\u00e1bado 20 de julio 2024 de 10 a 14 horas ALCOH\u00d3LICOS AN\u00d3NIMOS Sede: Auditorio del Instituto Nacional de Psiquiatr\u00eda Ram\u00f3n de la Fuente Mu\u00f1iz Entrada libre Informes 55 1802 8838 Temas: Prevenci\u00f3n y atenci\u00f3n del consumo de alcohol en Centros de Salud de la Ciudad de M\u00e9xico\u2026","rel":"","context":"En &quot;Eventos externos&quot;","img":{"alt_text":"man, alcoholism, alcohol abuse-7489319.jpg","src":"https:\/\/i0.wp.com\/lafuente.mx\/wp-content\/uploads\/2024\/07\/man-alcoholism-alcohol-abuse-7489319.jpg?fit=1200%2C801&ssl=1&resize=350%2C200","width":350,"height":200},"classes":[]},{"id":3353,"url":"https:\/\/lafuente.mx\/?p=3353","url_meta":{"origin":1612,"position":3},"title":"El Instituto Nacional de Psiquiatr\u00eda referente destacado en el estudio y tratamiento de las enfermedades mentales","date":"octubre 20, 2025","format":false,"excerpt":"9 de octubre de 2025 El instituto cuenta con m\u00e1s de 100 personas investigadoras pertenecientes al SNI y tiene en curso 179 protocolos. Adem\u00e1s ocupa el tercer lugar del \u00cdndice H de citaciones en art\u00edculos publicados en revistas especializadas\u00a0 En el marco del D\u00eda Mundial de la Salud Mental se\u2026","rel":"","context":"En &quot;Noticias&quot;","img":{"alt_text":"","src":"https:\/\/i0.wp.com\/lafuente.mx\/wp-content\/uploads\/2025\/10\/RAI-XL_0007_DSC_0046.jpg?fit=1200%2C797&ssl=1&resize=350%2C200","width":350,"height":200},"classes":[]},{"id":2625,"url":"https:\/\/lafuente.mx\/?p=2625","url_meta":{"origin":1612,"position":4},"title":"\u00bfTe gustar\u00eda participar en un estudio en l\u00ednea, sobre experiencias de violencia y salud mental?\u00a0","date":"noviembre 4, 2024","format":false,"excerpt":"Objetivo: \u00a0 Analizar el impacto de las experiencias de violencia a lo largo de la vida sobre la salud mental de las personas \u00a0 Requisitos: \u00a0 \u2022 Tener entre 18 y 40 a\u00f1os \u00a0 \u2022 Contar con un dispositivo electr\u00f3nico con acceso a Internet\u00a0 Tu participaci\u00f3n consiste en responder de\u2026","rel":"","context":"En &quot;Informaci\u00f3n de inter\u00e9s&quot;","img":{"alt_text":"","src":"https:\/\/i0.wp.com\/lafuente.mx\/wp-content\/uploads\/2024\/11\/Captura-de-pantalla-2024-10-30-a-las-8.36.50.png?fit=1172%2C1200&ssl=1&resize=350%2C200","width":350,"height":200},"classes":[]},{"id":3558,"url":"https:\/\/lafuente.mx\/?p=3558","url_meta":{"origin":1612,"position":5},"title":"ENCODAT 2025:","date":"enero 29, 2026","format":false,"excerpt":"consumo de sustancias, violencia y salud mental en M\u00e9xico Parte 1 La Encuesta Nacional de Consumo de Drogas, Alcohol y Tabaco 2025 (ENCODAT 2025) ofrece informaci\u00f3n clave para comprender los patrones actuales de consumo de sustancias y su relaci\u00f3n con la salud mental en la poblaci\u00f3n mexicana. Sus resultados permiten\u2026","rel":"","context":"En &quot;Informaci\u00f3n de inter\u00e9s&quot;","img":{"alt_text":"opinion poll, opinion polling, survey, voting, to complete, vote, hand, write, ballpoint pen, paper, reports, ink pen, pen, survey, survey, survey, survey, survey-1594962.jpg","src":"https:\/\/i0.wp.com\/lafuente.mx\/wp-content\/uploads\/2026\/01\/opinion-poll-opinion-polling-survey-voting-to-complete-vote-hand-write-ballpoint-pen-paper-reports-ink-pen-pen-survey-survey-survey-survey-survey-1594962.jpg?fit=1200%2C800&ssl=1&resize=350%2C200","width":350,"height":200},"classes":[]}],"jetpack_sharing_enabled":true,"jetpack_shortlink":"https:\/\/wp.me\/pe9WUx-q0","_links":{"self":[{"href":"https:\/\/lafuente.mx\/index.php?rest_route=\/wp\/v2\/posts\/1612"}],"collection":[{"href":"https:\/\/lafuente.mx\/index.php?rest_route=\/wp\/v2\/posts"}],"about":[{"href":"https:\/\/lafuente.mx\/index.php?rest_route=\/wp\/v2\/types\/post"}],"author":[{"embeddable":true,"href":"https:\/\/lafuente.mx\/index.php?rest_route=\/wp\/v2\/users\/3"}],"replies":[{"embeddable":true,"href":"https:\/\/lafuente.mx\/index.php?rest_route=%2Fwp%2Fv2%2Fcomments&post=1612"}],"version-history":[{"count":2,"href":"https:\/\/lafuente.mx\/index.php?rest_route=\/wp\/v2\/posts\/1612\/revisions"}],"predecessor-version":[{"id":1624,"href":"https:\/\/lafuente.mx\/index.php?rest_route=\/wp\/v2\/posts\/1612\/revisions\/1624"}],"wp:featuredmedia":[{"embeddable":true,"href":"https:\/\/lafuente.mx\/index.php?rest_route=\/wp\/v2\/media\/1614"}],"wp:attachment":[{"href":"https:\/\/lafuente.mx\/index.php?rest_route=%2Fwp%2Fv2%2Fmedia&parent=1612"}],"wp:term":[{"taxonomy":"category","embeddable":true,"href":"https:\/\/lafuente.mx\/index.php?rest_route=%2Fwp%2Fv2%2Fcategories&post=1612"},{"taxonomy":"post_tag","embeddable":true,"href":"https:\/\/lafuente.mx\/index.php?rest_route=%2Fwp%2Fv2%2Ftags&post=1612"}],"curies":[{"name":"wp","href":"https:\/\/api.w.org\/{rel}","templated":true}]}}