{"id":1604,"date":"2023-08-11T18:41:58","date_gmt":"2023-08-11T18:41:58","guid":{"rendered":"https:\/\/lafuente.mx\/?p=1604"},"modified":"2023-08-14T18:49:51","modified_gmt":"2023-08-14T18:49:51","slug":"terapia-asistida-por-mdma-para-el-tratamiento-potencial-de-tept","status":"publish","type":"post","link":"https:\/\/lafuente.mx\/?p=1604","title":{"rendered":"Terapia asistida por MDMA para el tratamiento potencial de TEPT"},"content":{"rendered":"\n<hr class=\"wp-block-separator has-text-color has-alpha-channel-opacity has-background\" style=\"background-color:#0b9103;color:#0b9103\"\/>\n\n\n\n<p class=\"has-text-align-center\">El Instituto Nacional de Psiquiatr\u00eda Ram\u00f3n de la Fuente Mu\u00f1iz Invita a \u00e9sta<\/p>\n\n\n\n<p class=\"has-text-align-center has-text-color has-larger-font-size\" style=\"color:#118259\"><strong>CONFERENCIA<\/strong><\/p>\n\n\n\n<p class=\"has-text-align-center has-text-color has-large-font-size\" style=\"color:#116345\"><strong>Martes 22 de agosto, 2023<\/strong><\/p>\n\n\n\n<p class=\"has-text-align-center has-text-color has-large-font-size\" style=\"color:#116345\">De 9:30 a 11:00 am<\/p>\n\n\n\n<p class=\"has-text-align-center has-text-color has-medium-font-size\" style=\"color:#116345\">Auditorio del Instituto<\/p>\n\n\n\n<p class=\"has-text-color has-large-font-size\" style=\"color:#3f4345\"><strong>Ponente<\/strong> Dr. Michael Alpert<\/p>\n\n\n\n<hr class=\"wp-block-separator has-text-color has-alpha-channel-opacity has-background\" style=\"background-color:#198860;color:#198860\"\/>\n\n\n<div class=\"wp-block-image\">\n<figure class=\"aligncenter size-full is-resized\"><img decoding=\"async\" loading=\"lazy\" src=\"https:\/\/i0.wp.com\/lafuente.mx\/wp-content\/uploads\/2023\/08\/michael-alpert-.jpeg?resize=630%2C630&#038;ssl=1\" alt=\"\" class=\"wp-image-1605\" width=\"630\" height=\"630\" srcset=\"https:\/\/i0.wp.com\/lafuente.mx\/wp-content\/uploads\/2023\/08\/michael-alpert-.jpeg?w=800&amp;ssl=1 800w, https:\/\/i0.wp.com\/lafuente.mx\/wp-content\/uploads\/2023\/08\/michael-alpert-.jpeg?resize=300%2C300&amp;ssl=1 300w, https:\/\/i0.wp.com\/lafuente.mx\/wp-content\/uploads\/2023\/08\/michael-alpert-.jpeg?resize=150%2C150&amp;ssl=1 150w, https:\/\/i0.wp.com\/lafuente.mx\/wp-content\/uploads\/2023\/08\/michael-alpert-.jpeg?resize=768%2C768&amp;ssl=1 768w\" sizes=\"(max-width: 630px) 100vw, 630px\" data-recalc-dims=\"1\" \/><\/figure><\/div>\n\n\n<hr class=\"wp-block-separator has-text-color has-alpha-channel-opacity has-background\" style=\"background-color:#168a5f;color:#168a5f\"\/>\n\n\n\n<p><strong>TEPT:<\/strong> Trastorno por Estr\u00e9s Postraum\u00e1tico<\/p>\n\n\n\n<p><strong>MDMA<\/strong>: metilendioximetanfetamina<\/p>\n\n\n\n<hr class=\"wp-block-separator has-text-color has-alpha-channel-opacity has-background\" style=\"background-color:#1d7a58;color:#1d7a58\"\/>\n\n\n\n<p class=\"has-text-color\" style=\"color:#3e474e\">El Dr. Alpert es un psiquiatra certificado en Massachusetts (EE. UU.) y un miembro del cuerpo docente del Beth Israel-Deaconess Medical Center, un hospital afiliado a la Facultad de Medicina de Harvard (EE. UU.) Obtuvo su Licenciatura en Literatura de Asia Oriental (Chino) en la Universidad de Yale y su Doctorado en Medicina en la Facultad de Medicina de Yale, complet\u00f3 su residencia en Psiquiatr\u00eda de Adultos en la Cambridge Health Alliance, un hospital afiliado a la Facultad de Medicina de Harvard. <\/p>\n\n\n\n<p class=\"has-text-color\" style=\"color:#3e474e\">Ha trabajado como terapeuta y subinvestigador en m\u00faltiples ensayos cl\u00ednicos de Terapia Asistida con MDMA (TA-MDMA) para el tratamiento del Trastorno de Estr\u00e9s Postraum\u00e1tico (TEPT), y ofrece Psicoterapia Asistida con Ketamina (PAK) en su pr\u00e1ctica privada <\/p>\n\n\n\n<p class=\"has-text-color\" style=\"color:#3e474e\">Un defensor de la salud mental de inmigrantes en los EE. UU., Dr. Alpert hace evaluaciones psicol\u00f3gicas gratuitas para solicitantes de asilo de Am\u00e9rica Latina, y es el Director M\u00e9dico de la Quincy Asian Resources Initiative, una cl\u00ednica p\u00fablica que brinda tratamiento a inmigrantes asi\u00e1ticos en Boston<\/p>\n\n\n\n<hr class=\"wp-block-separator has-text-color has-alpha-channel-opacity has-background\" style=\"background-color:#2c7658;color:#2c7658\"\/>\n\n\n\n<p>Transmisi\u00f3n en vivo @INPRFM<\/p>\n","protected":false},"excerpt":{"rendered":"<p>El Instituto Nacional de Psiquiatr\u00eda Ram\u00f3n de la Fuente Mu\u00f1iz Invita a \u00e9sta CONFERENCIA Martes 22 de agosto, 2023 De 9:30 a 11:00 am Auditorio<\/p>\n","protected":false},"author":3,"featured_media":1605,"comment_status":"closed","ping_status":"closed","sticky":false,"template":"","format":"standard","meta":{"footnotes":"","jetpack_publicize_message":"","jetpack_is_tweetstorm":false,"jetpack_publicize_feature_enabled":true},"categories":[8],"tags":[76,21,401,397,32,399,400],"jetpack_publicize_connections":[],"yoast_head":"<!-- This site is optimized with the Yoast SEO plugin v19.4 - https:\/\/yoast.com\/wordpress\/plugins\/seo\/ -->\n<title>Terapia asistida por MDMA para el tratamiento potencial de TEPT -<\/title>\n<meta name=\"description\" content=\"Terapia asistida por MDMA para el tratamiento potencial de TEPT\" \/>\n<meta name=\"robots\" content=\"index, follow, max-snippet:-1, max-image-preview:large, max-video-preview:-1\" \/>\n<link rel=\"canonical\" href=\"https:\/\/lafuente.mx\/?p=1604\" \/>\n<meta property=\"og:locale\" content=\"es_MX\" \/>\n<meta property=\"og:type\" content=\"article\" \/>\n<meta property=\"og:title\" content=\"Terapia asistida por MDMA para el tratamiento potencial de TEPT\" \/>\n<meta property=\"og:description\" content=\"Conferencia Terapia Asistida con MDMA (TA-MDMA) para el tratamiento del Trastorno de Estr\u00e9s Postraum\u00e1tico (TEPT)\" \/>\n<meta property=\"og:url\" content=\"https:\/\/lafuente.mx\/?p=1604\" \/>\n<meta property=\"article:published_time\" content=\"2023-08-11T18:41:58+00:00\" \/>\n<meta property=\"article:modified_time\" content=\"2023-08-14T18:49:51+00:00\" \/>\n<meta property=\"og:image\" content=\"http:\/\/lafuente.mx\/wp-content\/uploads\/2023\/08\/michael-alpert-.jpeg\" \/>\n\t<meta property=\"og:image:width\" content=\"800\" \/>\n\t<meta property=\"og:image:height\" content=\"800\" \/>\n\t<meta property=\"og:image:type\" content=\"image\/jpeg\" \/>\n<meta name=\"author\" content=\"Claudia Gallardo\" \/>\n<meta name=\"twitter:card\" content=\"summary_large_image\" \/>\n<meta name=\"twitter:title\" content=\"Terapia asistida por MDMA para el tratamiento potencial de TEPT\" \/>\n<meta name=\"twitter:description\" content=\"Conferencia Terapia Asistida con MDMA (TA-MDMA) para el tratamiento del Trastorno de Estr\u00e9s Postraum\u00e1tico (TEPT)\" \/>\n<meta name=\"twitter:image\" content=\"https:\/\/i0.wp.com\/lafuente.mx\/wp-content\/uploads\/2023\/08\/michael-alpert-.jpeg?fit=800%2C800&ssl=1\" \/>\n<meta name=\"twitter:label1\" content=\"Escrito por\" \/>\n\t<meta name=\"twitter:data1\" content=\"Claudia Gallardo\" \/>\n\t<meta name=\"twitter:label2\" content=\"Tiempo de lectura\" \/>\n\t<meta name=\"twitter:data2\" content=\"2 minutos\" \/>\n<script type=\"application\/ld+json\" class=\"yoast-schema-graph\">{\"@context\":\"https:\/\/schema.org\",\"@graph\":[{\"@type\":\"WebSite\",\"@id\":\"https:\/\/lafuente.mx\/#website\",\"url\":\"https:\/\/lafuente.mx\/\",\"name\":\"\",\"description\":\"Informaci\u00f3n confiable sobre salud mental\",\"potentialAction\":[{\"@type\":\"SearchAction\",\"target\":{\"@type\":\"EntryPoint\",\"urlTemplate\":\"https:\/\/lafuente.mx\/?s={search_term_string}\"},\"query-input\":\"required name=search_term_string\"}],\"inLanguage\":\"es-MX\"},{\"@type\":\"WebPage\",\"@id\":\"https:\/\/lafuente.mx\/?p=1604\",\"url\":\"https:\/\/lafuente.mx\/?p=1604\",\"name\":\"Terapia asistida por MDMA para el tratamiento potencial de TEPT -\",\"isPartOf\":{\"@id\":\"https:\/\/lafuente.mx\/#website\"},\"datePublished\":\"2023-08-11T18:41:58+00:00\",\"dateModified\":\"2023-08-14T18:49:51+00:00\",\"author\":{\"@id\":\"https:\/\/lafuente.mx\/#\/schema\/person\/603f3aa8e2f6f7879021ab722d39d6b0\"},\"description\":\"Terapia asistida por MDMA para el tratamiento potencial de TEPT\",\"breadcrumb\":{\"@id\":\"https:\/\/lafuente.mx\/?p=1604#breadcrumb\"},\"inLanguage\":\"es-MX\",\"potentialAction\":[{\"@type\":\"ReadAction\",\"target\":[\"https:\/\/lafuente.mx\/?p=1604\"]}]},{\"@type\":\"BreadcrumbList\",\"@id\":\"https:\/\/lafuente.mx\/?p=1604#breadcrumb\",\"itemListElement\":[{\"@type\":\"ListItem\",\"position\":1,\"name\":\"Inicio\",\"item\":\"https:\/\/lafuente.mx\/\"},{\"@type\":\"ListItem\",\"position\":2,\"name\":\"Terapia asistida por MDMA para el tratamiento potencial de TEPT\"}]},{\"@type\":\"Person\",\"@id\":\"https:\/\/lafuente.mx\/#\/schema\/person\/603f3aa8e2f6f7879021ab722d39d6b0\",\"name\":\"Claudia Gallardo\",\"image\":{\"@type\":\"ImageObject\",\"inLanguage\":\"es-MX\",\"@id\":\"https:\/\/lafuente.mx\/#\/schema\/person\/image\/\",\"url\":\"https:\/\/secure.gravatar.com\/avatar\/bfe9c966af1ccfb9d17bcdb9d04e8815?s=96&d=mm&r=g\",\"contentUrl\":\"https:\/\/secure.gravatar.com\/avatar\/bfe9c966af1ccfb9d17bcdb9d04e8815?s=96&d=mm&r=g\",\"caption\":\"Claudia Gallardo\"},\"url\":\"https:\/\/lafuente.mx\/?author=3\"}]}<\/script>\n<!-- \/ Yoast SEO plugin. -->","yoast_head_json":{"title":"Terapia asistida por MDMA para el tratamiento potencial de TEPT -","description":"Terapia asistida por MDMA para el tratamiento potencial de TEPT","robots":{"index":"index","follow":"follow","max-snippet":"max-snippet:-1","max-image-preview":"max-image-preview:large","max-video-preview":"max-video-preview:-1"},"canonical":"https:\/\/lafuente.mx\/?p=1604","og_locale":"es_MX","og_type":"article","og_title":"Terapia asistida por MDMA para el tratamiento potencial de TEPT","og_description":"Conferencia Terapia Asistida con MDMA (TA-MDMA) para el tratamiento del Trastorno de Estr\u00e9s Postraum\u00e1tico (TEPT)","og_url":"https:\/\/lafuente.mx\/?p=1604","article_published_time":"2023-08-11T18:41:58+00:00","article_modified_time":"2023-08-14T18:49:51+00:00","og_image":[{"width":800,"height":800,"url":"http:\/\/lafuente.mx\/wp-content\/uploads\/2023\/08\/michael-alpert-.jpeg","type":"image\/jpeg"}],"author":"Claudia Gallardo","twitter_card":"summary_large_image","twitter_title":"Terapia asistida por MDMA para el tratamiento potencial de TEPT","twitter_description":"Conferencia Terapia Asistida con MDMA (TA-MDMA) para el tratamiento del Trastorno de Estr\u00e9s Postraum\u00e1tico (TEPT)","twitter_image":"https:\/\/i0.wp.com\/lafuente.mx\/wp-content\/uploads\/2023\/08\/michael-alpert-.jpeg?fit=800%2C800&ssl=1","twitter_misc":{"Escrito por":"Claudia Gallardo","Tiempo de lectura":"2 minutos"},"schema":{"@context":"https:\/\/schema.org","@graph":[{"@type":"WebSite","@id":"https:\/\/lafuente.mx\/#website","url":"https:\/\/lafuente.mx\/","name":"","description":"Informaci\u00f3n confiable sobre salud mental","potentialAction":[{"@type":"SearchAction","target":{"@type":"EntryPoint","urlTemplate":"https:\/\/lafuente.mx\/?s={search_term_string}"},"query-input":"required name=search_term_string"}],"inLanguage":"es-MX"},{"@type":"WebPage","@id":"https:\/\/lafuente.mx\/?p=1604","url":"https:\/\/lafuente.mx\/?p=1604","name":"Terapia asistida por MDMA para el tratamiento potencial de TEPT -","isPartOf":{"@id":"https:\/\/lafuente.mx\/#website"},"datePublished":"2023-08-11T18:41:58+00:00","dateModified":"2023-08-14T18:49:51+00:00","author":{"@id":"https:\/\/lafuente.mx\/#\/schema\/person\/603f3aa8e2f6f7879021ab722d39d6b0"},"description":"Terapia asistida por MDMA para el tratamiento potencial de TEPT","breadcrumb":{"@id":"https:\/\/lafuente.mx\/?p=1604#breadcrumb"},"inLanguage":"es-MX","potentialAction":[{"@type":"ReadAction","target":["https:\/\/lafuente.mx\/?p=1604"]}]},{"@type":"BreadcrumbList","@id":"https:\/\/lafuente.mx\/?p=1604#breadcrumb","itemListElement":[{"@type":"ListItem","position":1,"name":"Inicio","item":"https:\/\/lafuente.mx\/"},{"@type":"ListItem","position":2,"name":"Terapia asistida por MDMA para el tratamiento potencial de TEPT"}]},{"@type":"Person","@id":"https:\/\/lafuente.mx\/#\/schema\/person\/603f3aa8e2f6f7879021ab722d39d6b0","name":"Claudia Gallardo","image":{"@type":"ImageObject","inLanguage":"es-MX","@id":"https:\/\/lafuente.mx\/#\/schema\/person\/image\/","url":"https:\/\/secure.gravatar.com\/avatar\/bfe9c966af1ccfb9d17bcdb9d04e8815?s=96&d=mm&r=g","contentUrl":"https:\/\/secure.gravatar.com\/avatar\/bfe9c966af1ccfb9d17bcdb9d04e8815?s=96&d=mm&r=g","caption":"Claudia Gallardo"},"url":"https:\/\/lafuente.mx\/?author=3"}]}},"jetpack_featured_media_url":"https:\/\/i0.wp.com\/lafuente.mx\/wp-content\/uploads\/2023\/08\/michael-alpert-.jpeg?fit=800%2C800&ssl=1","jetpack-related-posts":[{"id":2584,"url":"https:\/\/lafuente.mx\/?p=2584","url_meta":{"origin":1604,"position":0},"title":"YouTube INPRFM\u00a0","date":"octubre 4, 2024","format":false,"excerpt":"\u00a1Te invitamos a conocer nuestro canal de YouTube! @INPRFM \u00bfYa lo conoces?Entonces te invitamos a consultar nuestros \u00faltimos videos y a ver nuevamente nuestras interesantes conferencias, pl\u00e1ticas y sesiones acad\u00e9micas sobre salud mental V\u00eddeos de divulgaci\u00f3n cient\u00edfica realizados en el Instituto Nacional de Psiquiatr\u00eda Ramon de la Fuente Mu\u00f1iz\u00a0\u00a0 Sesiones\u2026","rel":"","context":"En &quot;Informaci\u00f3n de inter\u00e9s&quot;","img":{"alt_text":"","src":"https:\/\/i0.wp.com\/lafuente.mx\/wp-content\/uploads\/2024\/10\/Captura-de-pantalla-2024-10-04-110907.png?fit=930%2C711&ssl=1&resize=350%2C200","width":350,"height":200},"classes":[]},{"id":3425,"url":"https:\/\/lafuente.mx\/?p=3425","url_meta":{"origin":1604,"position":1},"title":"La enfermer\u00eda en salud mental: pilar en el desarrollo de la sociedad","date":"octubre 21, 2025","format":false,"excerpt":"Jornadas de Enfermer\u00eda 22 y 23 de octubre 2025 De 8:00 a 14:00 h \u2022 Videoconferencias \u2022 Conferencias Magistrales \u2022 Mesas redondas \u2022 Talleres Transmisi\u00f3n en vivo por FB LIVE Auditorio del Instituto Nacional de Psiquiatr\u00eda Ram\u00f3n de la Fuente Entrada libre, cupo limitado Registro Programa","rel":"","context":"En &quot;Eventos Acad\u00e9micos del INPRFM&quot;","img":{"alt_text":"","src":"https:\/\/i0.wp.com\/lafuente.mx\/wp-content\/uploads\/2025\/10\/Captura-de-pantalla-2025-10-21-a-las-9.52.56.png?fit=1200%2C1103&ssl=1&resize=350%2C200","width":350,"height":200},"classes":[]},{"id":2518,"url":"https:\/\/lafuente.mx\/?p=2518","url_meta":{"origin":1604,"position":2},"title":"Prevenci\u00f3n de suicidio en poblaci\u00f3n LGBTI+","date":"septiembre 2, 2024","format":false,"excerpt":"CONFERENCIA 10 de cada mes Septiembre 12:00 horas Hablemos de Salud Mental PonentesEmmanuel Sarmiento Hern\u00e1ndezHamid Vega Ram\u00edrez MENTALIZARTE es el proyecto de difusi\u00f3n en temas de salud mental del Instituto Nacional de Psiquiatr\u00eda Ram\u00f3n de la Fuente Mu\u00f1iz (INPRFM). Por Facebook","rel":"","context":"En &quot;Eventos Acad\u00e9micos del INPRFM&quot;","img":{"alt_text":"","src":"https:\/\/i0.wp.com\/lafuente.mx\/wp-content\/uploads\/2024\/09\/WhatsApp-Image-2024-09-02-at-11.48.42-AM.jpeg?fit=1200%2C900&ssl=1&resize=350%2C200","width":350,"height":200},"classes":[]},{"id":3339,"url":"https:\/\/lafuente.mx\/?p=3339","url_meta":{"origin":1604,"position":3},"title":"XL Reuni\u00f3n Anual de Investigaci\u00f3n","date":"octubre 6, 2025","format":false,"excerpt":"Transformando la salud mental a trav\u00e9s de la investigaci\u00f3n: mentes sanas, futuros brillantes Conferencias magistrales. Simposios. Curso Pre-RAI. Mesas redondas. Conferencia cultural. Exposici\u00f3n de carteles Nos complace dar la bienvenida a la XL edici\u00f3n de nuestra Reuni\u00f3n Anual de Investigaci\u00f3n y la 7\u00aa Reuni\u00f3n de egresados, con la participaci\u00f3n de\u2026","rel":"","context":"En &quot;Eventos Acad\u00e9micos del INPRFM&quot;","img":{"alt_text":"","src":"https:\/\/i0.wp.com\/lafuente.mx\/wp-content\/uploads\/2025\/10\/Captura-de-pantalla-2025-10-06-a-las-14.23.52.png?fit=1200%2C692&ssl=1&resize=350%2C200","width":350,"height":200},"classes":[]},{"id":671,"url":"https:\/\/lafuente.mx\/?p=671","url_meta":{"origin":1604,"position":4},"title":"Enfermer\u00eda en Psiquiatr\u00eda y Salud Mental\u00a0","date":"enero 20, 2023","format":false,"excerpt":"Diplomados en l\u00ednea 9\u00aa Generaci\u00f3n, 2023 COORDINADORA ACAD\u00c9MICA: Dra. Susana Gallegos S\u00e1nchez\u00a0 Dirigido a personal de enfermer\u00eda (nivel t\u00e9cnico y licenciatura con c\u00e9dula profesional) Objetivo general y tem\u00e1tica Emplear estrategias para el desarrollo profesional y \u00e9tico en favor de la promoci\u00f3n, prevenci\u00f3n, atenci\u00f3n y rehabilitaci\u00f3n de la persona que vive\u2026","rel":"","context":"En &quot;Cursos&quot;","img":{"alt_text":"","src":"https:\/\/i0.wp.com\/lafuente.mx\/wp-content\/uploads\/2023\/01\/imagenEnfermeria.jpg?fit=1074%2C605&ssl=1&resize=350%2C200","width":350,"height":200},"classes":[]},{"id":2793,"url":"https:\/\/lafuente.mx\/?p=2793","url_meta":{"origin":1604,"position":5},"title":"Semana del Cerebro","date":"marzo 5, 2025","format":false,"excerpt":"Del 12 al 14 de marzo Conferencias, ciclo de talleres SEDE: Instituto Nacional de Psiquiatr\u00eda Ram\u00f3n de la Fuente La Semana Mundial del Cerebro\u00a0es una campa\u00f1a a nivel mundial y se celebra para concientizar a la poblaci\u00f3n sobre la importancia de la salud mental; adem\u00e1s, difunde los beneficios y la\u2026","rel":"","context":"En &quot;Eventos Acad\u00e9micos del INPRFM&quot;","img":{"alt_text":"","src":"https:\/\/i0.wp.com\/lafuente.mx\/wp-content\/uploads\/2025\/03\/WhatsApp-Image-2025-02-25-at-1.55.20-PM.jpeg?fit=1200%2C692&ssl=1&resize=350%2C200","width":350,"height":200},"classes":[]}],"jetpack_sharing_enabled":true,"jetpack_shortlink":"https:\/\/wp.me\/pe9WUx-pS","_links":{"self":[{"href":"https:\/\/lafuente.mx\/index.php?rest_route=\/wp\/v2\/posts\/1604"}],"collection":[{"href":"https:\/\/lafuente.mx\/index.php?rest_route=\/wp\/v2\/posts"}],"about":[{"href":"https:\/\/lafuente.mx\/index.php?rest_route=\/wp\/v2\/types\/post"}],"author":[{"embeddable":true,"href":"https:\/\/lafuente.mx\/index.php?rest_route=\/wp\/v2\/users\/3"}],"replies":[{"embeddable":true,"href":"https:\/\/lafuente.mx\/index.php?rest_route=%2Fwp%2Fv2%2Fcomments&post=1604"}],"version-history":[{"count":2,"href":"https:\/\/lafuente.mx\/index.php?rest_route=\/wp\/v2\/posts\/1604\/revisions"}],"predecessor-version":[{"id":1609,"href":"https:\/\/lafuente.mx\/index.php?rest_route=\/wp\/v2\/posts\/1604\/revisions\/1609"}],"wp:featuredmedia":[{"embeddable":true,"href":"https:\/\/lafuente.mx\/index.php?rest_route=\/wp\/v2\/media\/1605"}],"wp:attachment":[{"href":"https:\/\/lafuente.mx\/index.php?rest_route=%2Fwp%2Fv2%2Fmedia&parent=1604"}],"wp:term":[{"taxonomy":"category","embeddable":true,"href":"https:\/\/lafuente.mx\/index.php?rest_route=%2Fwp%2Fv2%2Fcategories&post=1604"},{"taxonomy":"post_tag","embeddable":true,"href":"https:\/\/lafuente.mx\/index.php?rest_route=%2Fwp%2Fv2%2Ftags&post=1604"}],"curies":[{"name":"wp","href":"https:\/\/api.w.org\/{rel}","templated":true}]}}