{"id":1602,"date":"2023-08-15T19:48:38","date_gmt":"2023-08-15T19:48:38","guid":{"rendered":"https:\/\/lafuente.mx\/?p=1602"},"modified":"2023-09-12T17:44:43","modified_gmt":"2023-09-12T17:44:43","slug":"1602-estres-y-salud-mental","status":"publish","type":"post","link":"https:\/\/lafuente.mx\/?p=1602","title":{"rendered":"Estr\u00e9s y salud mental\u00a0"},"content":{"rendered":"\n<hr class=\"wp-block-separator has-text-color has-vivid-cyan-blue-color has-alpha-channel-opacity has-vivid-cyan-blue-background-color has-background\"\/>\n\n\n\n<p class=\"has-large-font-size\"><strong>Curso en l\u00ednea<\/strong><strong>&nbsp;<\/strong>&nbsp;<\/p>\n\n\n\n<figure class=\"wp-block-image size-full is-resized\"><img decoding=\"async\" loading=\"lazy\" src=\"https:\/\/i0.wp.com\/lafuente.mx\/wp-content\/uploads\/2023\/08\/estres-laboral-desempleo-dolor-fisico-shutterstock.jpg_1257444089.webp?resize=640%2C375&#038;ssl=1\" alt=\"\" class=\"wp-image-1610\" style=\"width:815px;height:477px\" width=\"640\" height=\"375\" srcset=\"https:\/\/i0.wp.com\/lafuente.mx\/wp-content\/uploads\/2023\/08\/estres-laboral-desempleo-dolor-fisico-shutterstock.jpg_1257444089.webp?w=480&amp;ssl=1 480w, https:\/\/i0.wp.com\/lafuente.mx\/wp-content\/uploads\/2023\/08\/estres-laboral-desempleo-dolor-fisico-shutterstock.jpg_1257444089.webp?resize=300%2C176&amp;ssl=1 300w\" sizes=\"(max-width: 640px) 100vw, 640px\" data-recalc-dims=\"1\" \/><\/figure>\n\n\n\n<p class=\"has-text-align-center has-text-color has-large-font-size\" style=\"color:#536772\"><strong>Del 18 de septiembre al 20 de octubre de 2023<\/strong>&nbsp;<\/p>\n\n\n\n<p class=\"has-text-color\" style=\"color:#0f273b\"><strong>Coordinadora acad\u00e9mica:<\/strong>&nbsp;<\/p>\n\n\n\n<p class=\"has-text-color\" style=\"color:#0f273b\">Dra. Ma. Isabel Barrera Villalpando&nbsp;<\/p>\n\n\n\n<p><strong>Dirigido a:<\/strong>&nbsp;<\/p>\n\n\n\n<p>Profesionales de la salud, educaci\u00f3n y afines&nbsp;<\/p>\n\n\n\n<hr class=\"wp-block-separator has-text-color has-vivid-cyan-blue-color has-alpha-channel-opacity has-vivid-cyan-blue-background-color has-background\"\/>\n\n\n\n<p><strong>Objetivo:<\/strong>&nbsp;<\/p>\n\n\n\n<p>\u2022 Comprender qu\u00e9 es el estr\u00e9s, tipos de estr\u00e9s y estresores externos e internos&nbsp;<\/p>\n\n\n\n<p>\u2022 Reconocer las fases del estr\u00e9s y sus manifestaciones fisiol\u00f3gicas, cognitivas,&nbsp; emocionales y conductuales &nbsp;<\/p>\n\n\n\n<p>\u2022 Explorar ejercicios y pr\u00e1cticas de Mindfulness&nbsp;<\/p>\n\n\n\n<p>\u2022 Entrenamiento en estrategias para el manejo del estr\u00e9s&nbsp;<\/p>\n\n\n\n<p><strong>Tem\u00e1tica:<\/strong>&nbsp;<\/p>\n\n\n\n<p>\u2022 El estr\u00e9s y manifestaciones del estr\u00e9s&nbsp;<\/p>\n\n\n\n<p>\u2022 Afrontamiento al estr\u00e9s&nbsp;<\/p>\n\n\n\n<p>\u2022 Exploraci\u00f3n de ejercicios de Mindfulness&nbsp;<\/p>\n\n\n\n<p>\u2022 Estrategias para el manejo del estr\u00e9s: respiraci\u00f3n profunda; relajaci\u00f3n muscular aut\u00f3gena; imaginaci\u00f3n guiada; cambio de pensamientos; soluci\u00f3n de problemas y asertividad&nbsp;<\/p>\n\n\n\n<p><strong>Modalidad: En l\u00ednea mediante Moodle<\/strong>&nbsp;<\/p>\n\n\n\n<p><strong>Horas cr\u00e9dito: 20<\/strong>&nbsp;<\/p>\n\n\n\n<p><strong>Registro: bit.ly\/3Mdyb65<\/strong>&nbsp;<\/p>\n\n\n\n<p><strong>Becas:<\/strong>&nbsp;<\/p>\n\n\n\n<p><strong>Se podr\u00e1n otorgar becas parciales para quienes colaboran en instituciones del sector p\u00fablico o en organizaciones de la sociedad civil donde pueda aplicarse esta intervenci\u00f3n. El formato de registro tiene espacio para incluir carta de motivos<\/strong>&nbsp;<\/p>\n\n\n\n<hr class=\"wp-block-separator has-text-color has-vivid-cyan-blue-color has-alpha-channel-opacity has-vivid-cyan-blue-background-color has-background\"\/>\n\n\n\n<p class=\"has-text-color has-large-font-size\" style=\"color:#2b404d\"><strong>Informes:<\/strong>&nbsp;<\/p>\n\n\n\n<div class=\"wp-block-buttons is-layout-flex wp-block-buttons-is-layout-flex\">\n<div class=\"wp-block-button\"><a class=\"wp-block-button__link wp-element-button\" href=\"https:\/\/mcusercontent.com\/f24c52cb46e330c12bccd01c9\/files\/a321114b-03fd-06a1-abb6-0aa991cf0e64\/2023_cartel_estres_2.pdf?fbclid=IwAR0NqZZuD9oW6_0r7Kj5C4IyCttn016tbAfTBekUXT1oj899yxZ8k4h7xGc\" target=\"_blank\" rel=\"noreferrer noopener\">M\u00e1s informaci\u00f3n<\/a><\/div>\n<\/div>\n","protected":false},"excerpt":{"rendered":"<p>Curso en l\u00ednea&nbsp;&nbsp; Del 18 de septiembre al 20 de octubre de 2023&nbsp; Coordinadora acad\u00e9mica:&nbsp; Dra. Ma. Isabel Barrera Villalpando&nbsp; Dirigido a:&nbsp; Profesionales de la<\/p>\n","protected":false},"author":3,"featured_media":1610,"comment_status":"closed","ping_status":"closed","sticky":false,"template":"","format":"standard","meta":{"footnotes":"","jetpack_publicize_message":"","jetpack_is_tweetstorm":false,"jetpack_publicize_feature_enabled":true},"categories":[6],"tags":[119,257,79,402,21,81,32],"jetpack_publicize_connections":[],"yoast_head":"<!-- This site is optimized with the Yoast SEO plugin v19.4 - https:\/\/yoast.com\/wordpress\/plugins\/seo\/ -->\n<title>Estr\u00e9s y salud mental\u00a0 -<\/title>\n<meta name=\"description\" content=\"Comprender qu\u00e9 es el estr\u00e9s, tipos de estr\u00e9s y estresores externos e internos\" \/>\n<meta name=\"robots\" content=\"index, follow, max-snippet:-1, max-image-preview:large, max-video-preview:-1\" \/>\n<link rel=\"canonical\" href=\"https:\/\/lafuente.mx\/?p=1602\" \/>\n<meta property=\"og:locale\" content=\"es_MX\" \/>\n<meta property=\"og:type\" content=\"article\" \/>\n<meta property=\"og:title\" content=\"Estr\u00e9s y salud mental\" \/>\n<meta property=\"og:description\" content=\"Comprender qu\u00e9 es el estr\u00e9s, tipos de estr\u00e9s y estresores externos e internos\" \/>\n<meta property=\"og:url\" content=\"https:\/\/lafuente.mx\/?p=1602\" \/>\n<meta property=\"article:published_time\" content=\"2023-08-15T19:48:38+00:00\" \/>\n<meta property=\"article:modified_time\" content=\"2023-09-12T17:44:43+00:00\" \/>\n<meta property=\"og:image\" content=\"http:\/\/lafuente.mx\/wp-content\/uploads\/2023\/08\/estres-laboral-desempleo-dolor-fisico-shutterstock.jpg_1257444089.webp\" \/>\n\t<meta property=\"og:image:width\" content=\"480\" \/>\n\t<meta property=\"og:image:height\" content=\"281\" \/>\n\t<meta property=\"og:image:type\" content=\"image\/webp\" \/>\n<meta name=\"author\" content=\"Claudia Gallardo\" \/>\n<meta name=\"twitter:card\" content=\"summary_large_image\" \/>\n<meta name=\"twitter:title\" content=\"Estr\u00e9s y salud mental\" \/>\n<meta name=\"twitter:description\" content=\"Comprender qu\u00e9 es el estr\u00e9s, tipos de estr\u00e9s y estresores externos e internos\" \/>\n<meta name=\"twitter:image\" content=\"https:\/\/i0.wp.com\/lafuente.mx\/wp-content\/uploads\/2023\/08\/estres-laboral-desempleo-dolor-fisico-shutterstock.jpg_1257444089.webp?fit=480%2C281&ssl=1\" \/>\n<meta name=\"twitter:label1\" content=\"Escrito por\" \/>\n\t<meta name=\"twitter:data1\" content=\"Claudia Gallardo\" \/>\n\t<meta name=\"twitter:label2\" content=\"Tiempo de lectura\" \/>\n\t<meta name=\"twitter:data2\" content=\"1 minuto\" \/>\n<script type=\"application\/ld+json\" class=\"yoast-schema-graph\">{\"@context\":\"https:\/\/schema.org\",\"@graph\":[{\"@type\":\"WebSite\",\"@id\":\"https:\/\/lafuente.mx\/#website\",\"url\":\"https:\/\/lafuente.mx\/\",\"name\":\"\",\"description\":\"Informaci\u00f3n confiable sobre salud mental\",\"potentialAction\":[{\"@type\":\"SearchAction\",\"target\":{\"@type\":\"EntryPoint\",\"urlTemplate\":\"https:\/\/lafuente.mx\/?s={search_term_string}\"},\"query-input\":\"required name=search_term_string\"}],\"inLanguage\":\"es-MX\"},{\"@type\":\"WebPage\",\"@id\":\"https:\/\/lafuente.mx\/?p=1602\",\"url\":\"https:\/\/lafuente.mx\/?p=1602\",\"name\":\"Estr\u00e9s y salud mental\u00a0 -\",\"isPartOf\":{\"@id\":\"https:\/\/lafuente.mx\/#website\"},\"datePublished\":\"2023-08-15T19:48:38+00:00\",\"dateModified\":\"2023-09-12T17:44:43+00:00\",\"author\":{\"@id\":\"https:\/\/lafuente.mx\/#\/schema\/person\/603f3aa8e2f6f7879021ab722d39d6b0\"},\"description\":\"Comprender qu\u00e9 es el estr\u00e9s, tipos de estr\u00e9s y estresores externos e internos\",\"breadcrumb\":{\"@id\":\"https:\/\/lafuente.mx\/?p=1602#breadcrumb\"},\"inLanguage\":\"es-MX\",\"potentialAction\":[{\"@type\":\"ReadAction\",\"target\":[\"https:\/\/lafuente.mx\/?p=1602\"]}]},{\"@type\":\"BreadcrumbList\",\"@id\":\"https:\/\/lafuente.mx\/?p=1602#breadcrumb\",\"itemListElement\":[{\"@type\":\"ListItem\",\"position\":1,\"name\":\"Inicio\",\"item\":\"https:\/\/lafuente.mx\/\"},{\"@type\":\"ListItem\",\"position\":2,\"name\":\"Estr\u00e9s y salud mental\u00a0\"}]},{\"@type\":\"Person\",\"@id\":\"https:\/\/lafuente.mx\/#\/schema\/person\/603f3aa8e2f6f7879021ab722d39d6b0\",\"name\":\"Claudia Gallardo\",\"image\":{\"@type\":\"ImageObject\",\"inLanguage\":\"es-MX\",\"@id\":\"https:\/\/lafuente.mx\/#\/schema\/person\/image\/\",\"url\":\"https:\/\/secure.gravatar.com\/avatar\/bfe9c966af1ccfb9d17bcdb9d04e8815?s=96&d=mm&r=g\",\"contentUrl\":\"https:\/\/secure.gravatar.com\/avatar\/bfe9c966af1ccfb9d17bcdb9d04e8815?s=96&d=mm&r=g\",\"caption\":\"Claudia Gallardo\"},\"url\":\"https:\/\/lafuente.mx\/?author=3\"}]}<\/script>\n<!-- \/ Yoast SEO plugin. -->","yoast_head_json":{"title":"Estr\u00e9s y salud mental\u00a0 -","description":"Comprender qu\u00e9 es el estr\u00e9s, tipos de estr\u00e9s y estresores externos e internos","robots":{"index":"index","follow":"follow","max-snippet":"max-snippet:-1","max-image-preview":"max-image-preview:large","max-video-preview":"max-video-preview:-1"},"canonical":"https:\/\/lafuente.mx\/?p=1602","og_locale":"es_MX","og_type":"article","og_title":"Estr\u00e9s y salud mental","og_description":"Comprender qu\u00e9 es el estr\u00e9s, tipos de estr\u00e9s y estresores externos e internos","og_url":"https:\/\/lafuente.mx\/?p=1602","article_published_time":"2023-08-15T19:48:38+00:00","article_modified_time":"2023-09-12T17:44:43+00:00","og_image":[{"width":480,"height":281,"url":"http:\/\/lafuente.mx\/wp-content\/uploads\/2023\/08\/estres-laboral-desempleo-dolor-fisico-shutterstock.jpg_1257444089.webp","type":"image\/webp"}],"author":"Claudia Gallardo","twitter_card":"summary_large_image","twitter_title":"Estr\u00e9s y salud mental","twitter_description":"Comprender qu\u00e9 es el estr\u00e9s, tipos de estr\u00e9s y estresores externos e internos","twitter_image":"https:\/\/i0.wp.com\/lafuente.mx\/wp-content\/uploads\/2023\/08\/estres-laboral-desempleo-dolor-fisico-shutterstock.jpg_1257444089.webp?fit=480%2C281&ssl=1","twitter_misc":{"Escrito por":"Claudia Gallardo","Tiempo de lectura":"1 minuto"},"schema":{"@context":"https:\/\/schema.org","@graph":[{"@type":"WebSite","@id":"https:\/\/lafuente.mx\/#website","url":"https:\/\/lafuente.mx\/","name":"","description":"Informaci\u00f3n confiable sobre salud mental","potentialAction":[{"@type":"SearchAction","target":{"@type":"EntryPoint","urlTemplate":"https:\/\/lafuente.mx\/?s={search_term_string}"},"query-input":"required name=search_term_string"}],"inLanguage":"es-MX"},{"@type":"WebPage","@id":"https:\/\/lafuente.mx\/?p=1602","url":"https:\/\/lafuente.mx\/?p=1602","name":"Estr\u00e9s y salud mental\u00a0 -","isPartOf":{"@id":"https:\/\/lafuente.mx\/#website"},"datePublished":"2023-08-15T19:48:38+00:00","dateModified":"2023-09-12T17:44:43+00:00","author":{"@id":"https:\/\/lafuente.mx\/#\/schema\/person\/603f3aa8e2f6f7879021ab722d39d6b0"},"description":"Comprender qu\u00e9 es el estr\u00e9s, tipos de estr\u00e9s y estresores externos e internos","breadcrumb":{"@id":"https:\/\/lafuente.mx\/?p=1602#breadcrumb"},"inLanguage":"es-MX","potentialAction":[{"@type":"ReadAction","target":["https:\/\/lafuente.mx\/?p=1602"]}]},{"@type":"BreadcrumbList","@id":"https:\/\/lafuente.mx\/?p=1602#breadcrumb","itemListElement":[{"@type":"ListItem","position":1,"name":"Inicio","item":"https:\/\/lafuente.mx\/"},{"@type":"ListItem","position":2,"name":"Estr\u00e9s y salud mental\u00a0"}]},{"@type":"Person","@id":"https:\/\/lafuente.mx\/#\/schema\/person\/603f3aa8e2f6f7879021ab722d39d6b0","name":"Claudia Gallardo","image":{"@type":"ImageObject","inLanguage":"es-MX","@id":"https:\/\/lafuente.mx\/#\/schema\/person\/image\/","url":"https:\/\/secure.gravatar.com\/avatar\/bfe9c966af1ccfb9d17bcdb9d04e8815?s=96&d=mm&r=g","contentUrl":"https:\/\/secure.gravatar.com\/avatar\/bfe9c966af1ccfb9d17bcdb9d04e8815?s=96&d=mm&r=g","caption":"Claudia Gallardo"},"url":"https:\/\/lafuente.mx\/?author=3"}]}},"jetpack_featured_media_url":"https:\/\/i0.wp.com\/lafuente.mx\/wp-content\/uploads\/2023\/08\/estres-laboral-desempleo-dolor-fisico-shutterstock.jpg_1257444089.webp?fit=480%2C281&ssl=1","jetpack-related-posts":[{"id":2057,"url":"https:\/\/lafuente.mx\/?p=2057","url_meta":{"origin":1602,"position":0},"title":"Estr\u00e9s y salud mental","date":"febrero 7, 2024","format":false,"excerpt":"Del 19 de febrero al 15 de marzo de 2024 Coordinadora acad\u00e9mica:\u00a0\u00a0 Dra. Ma. Isabel Barrera Villalpando\u00a0\u00a0 Dirigido a:\u00a0\u00a0 Profesionales de la salud, educaci\u00f3n y afines\u00a0\u00a0 Objetivo:\u00a0\u00a0 \u2022 Comprender qu\u00e9 es el estr\u00e9s, tipos de estr\u00e9s y estresores externos e internos\u00a0\u00a0 \u2022 Reconocer las fases del estr\u00e9s y sus manifestaciones\u2026","rel":"","context":"En &quot;Cursos en l\u00ednea&quot;","img":{"alt_text":"","src":"https:\/\/i0.wp.com\/lafuente.mx\/wp-content\/uploads\/2024\/02\/Mindfulness-scaled.jpg?fit=1200%2C563&ssl=1&resize=350%2C200","width":350,"height":200},"classes":[]},{"id":358,"url":"https:\/\/lafuente.mx\/?p=358","url_meta":{"origin":1602,"position":1},"title":"Estr\u00e9s y salud mental","date":"septiembre 9, 2022","format":false,"excerpt":"Del 3 al 28 de octubre de 2022 Coordinadora acad\u00e9mica: Dra. Ma. Isabel Barrera Villalpando Dirigido a: Profesionales de la salud, educaci\u00f3n y afines. Objetivos: \u00b7 Comprender qu\u00e9 es el estr\u00e9s, tipos de estr\u00e9s y estresores externos e internos \u00b7 Reconocer las fases del estr\u00e9s y sus manifestaciones fisiol\u00f3gicas, cognitivas,\u2026","rel":"","context":"En &quot;Cursos&quot;","img":{"alt_text":"","src":"https:\/\/i0.wp.com\/lafuente.mx\/wp-content\/uploads\/2022\/09\/EstresYsalud-1.png?fit=425%2C662&ssl=1&resize=350%2C200","width":350,"height":200},"classes":[]},{"id":2711,"url":"https:\/\/lafuente.mx\/?p=2711","url_meta":{"origin":1602,"position":2},"title":"Salud Mental de las Ni\u00f1as, Ni\u00f1os y Adolescentes en el contexto familiar\u00a0","date":"diciembre 16, 2024","format":false,"excerpt":"DIPLOMADO EN L\u00cdNEA COORDINADORA ACAD\u00c9MICA\u00a0 Dra. Diana Patricia Gu\u00edzar S\u00e1nchez \u00a0 Dirigido a: personal de medicina general, medicina especializada, psicolog\u00eda y terapia del \u00e1rea de la salud mental\u00a0 Objetivo general: Evaluar las \u00e1reas de oportunidad en las ni\u00f1as, ni\u00f1os y adolescentes dentro del contexto familiar e implementar modelos de intervenci\u00f3n\u2026","rel":"","context":"En &quot;Cursos en l\u00ednea&quot;","img":{"alt_text":"","src":"https:\/\/i0.wp.com\/lafuente.mx\/wp-content\/uploads\/2024\/12\/Captura-de-pantalla-2024-12-16-a-las-10.53.16.png?fit=1200%2C636&ssl=1&resize=350%2C200","width":350,"height":200},"classes":[]},{"id":671,"url":"https:\/\/lafuente.mx\/?p=671","url_meta":{"origin":1602,"position":3},"title":"Enfermer\u00eda en Psiquiatr\u00eda y Salud Mental\u00a0","date":"enero 20, 2023","format":false,"excerpt":"Diplomados en l\u00ednea 9\u00aa Generaci\u00f3n, 2023 COORDINADORA ACAD\u00c9MICA: Dra. Susana Gallegos S\u00e1nchez\u00a0 Dirigido a personal de enfermer\u00eda (nivel t\u00e9cnico y licenciatura con c\u00e9dula profesional) Objetivo general y tem\u00e1tica Emplear estrategias para el desarrollo profesional y \u00e9tico en favor de la promoci\u00f3n, prevenci\u00f3n, atenci\u00f3n y rehabilitaci\u00f3n de la persona que vive\u2026","rel":"","context":"En &quot;Cursos&quot;","img":{"alt_text":"","src":"https:\/\/i0.wp.com\/lafuente.mx\/wp-content\/uploads\/2023\/01\/imagenEnfermeria.jpg?fit=1074%2C605&ssl=1&resize=350%2C200","width":350,"height":200},"classes":[]},{"id":2704,"url":"https:\/\/lafuente.mx\/?p=2704","url_meta":{"origin":1602,"position":4},"title":"Desregulaci\u00f3n emocional y preocupaci\u00f3n como mediadores entre eventos vitales estresantes y s\u00edntomas de estr\u00e9s postraum\u00e1tico en mujeres mexicanas adultas: un estudio transversal\u00a0","date":"diciembre 6, 2024","format":false,"excerpt":"Revista Salud Mental\u00a0\u00a0 Anabel de la Rosa G\u00f3mez,1, Alejandrina Hern\u00e1ndez Posadas,1, Pablo D. Valencia,1,Lorena A. Flores Plata,1, Alicia Flores Elvira1, 1 Facultad de Estudios Superiores Iztacala, Universidad Nacional Aut\u00f3noma de M\u00e9xico, Estado de M\u00e9xico, M\u00e9xico.\u00a0 Introducci\u00f3n.\u00a0\u00a0 Las mujeres experimentan numerosos episodios de eventos adversos, a menudo vinculados con la violencia,\u2026","rel":"","context":"En &quot;Revista Salud Mental&quot;","img":{"alt_text":"","src":"https:\/\/i0.wp.com\/lafuente.mx\/wp-content\/uploads\/2024\/12\/Captura-de-pantalla-2024-12-05-a-las-13.09.35.png?fit=1200%2C805&ssl=1&resize=350%2C200","width":350,"height":200},"classes":[]},{"id":680,"url":"https:\/\/lafuente.mx\/?p=680","url_meta":{"origin":1602,"position":5},"title":"Salud mental de las ni\u00f1as, ni\u00f1os y adolescentes en el contexto familiar\u00a0\u00a0","date":"enero 25, 2023","format":false,"excerpt":"Diplomados en l\u00ednea Generaci\u00f3n 2023 COORDINADORA ACAD\u00c9MICA: Dra. Diana Patricia Gu\u00edzar S\u00e1nchez\u00a0 Diplomado dirigido a personal de medicina general, medicina especializada, psicolog\u00eda y terapia del \u00e1rea de la salud mental.\u00a0 Objetivo general y contenido tem\u00e1tico Evaluar las \u00e1reas de oportunidad en las ni\u00f1as, ni\u00f1os y adolescentes dentro del contexto familiar\u2026","rel":"","context":"En &quot;Cursos&quot;","img":{"alt_text":"","src":"https:\/\/i0.wp.com\/lafuente.mx\/wp-content\/uploads\/2023\/01\/imagenSMNA.jpg?fit=1200%2C526&ssl=1&resize=350%2C200","width":350,"height":200},"classes":[]}],"jetpack_sharing_enabled":true,"jetpack_shortlink":"https:\/\/wp.me\/pe9WUx-pQ","_links":{"self":[{"href":"https:\/\/lafuente.mx\/index.php?rest_route=\/wp\/v2\/posts\/1602"}],"collection":[{"href":"https:\/\/lafuente.mx\/index.php?rest_route=\/wp\/v2\/posts"}],"about":[{"href":"https:\/\/lafuente.mx\/index.php?rest_route=\/wp\/v2\/types\/post"}],"author":[{"embeddable":true,"href":"https:\/\/lafuente.mx\/index.php?rest_route=\/wp\/v2\/users\/3"}],"replies":[{"embeddable":true,"href":"https:\/\/lafuente.mx\/index.php?rest_route=%2Fwp%2Fv2%2Fcomments&post=1602"}],"version-history":[{"count":5,"href":"https:\/\/lafuente.mx\/index.php?rest_route=\/wp\/v2\/posts\/1602\/revisions"}],"predecessor-version":[{"id":1716,"href":"https:\/\/lafuente.mx\/index.php?rest_route=\/wp\/v2\/posts\/1602\/revisions\/1716"}],"wp:featuredmedia":[{"embeddable":true,"href":"https:\/\/lafuente.mx\/index.php?rest_route=\/wp\/v2\/media\/1610"}],"wp:attachment":[{"href":"https:\/\/lafuente.mx\/index.php?rest_route=%2Fwp%2Fv2%2Fmedia&parent=1602"}],"wp:term":[{"taxonomy":"category","embeddable":true,"href":"https:\/\/lafuente.mx\/index.php?rest_route=%2Fwp%2Fv2%2Fcategories&post=1602"},{"taxonomy":"post_tag","embeddable":true,"href":"https:\/\/lafuente.mx\/index.php?rest_route=%2Fwp%2Fv2%2Ftags&post=1602"}],"curies":[{"name":"wp","href":"https:\/\/api.w.org\/{rel}","templated":true}]}}