{"id":1598,"date":"2023-08-14T08:14:00","date_gmt":"2023-08-14T08:14:00","guid":{"rendered":"https:\/\/lafuente.mx\/?p=1598"},"modified":"2023-08-10T17:46:47","modified_gmt":"2023-08-10T17:46:47","slug":"borrador-automatico-especializacion-en-psiquiatria-infantil-y-de-la-adolescencia","status":"publish","type":"post","link":"https:\/\/lafuente.mx\/?p=1598","title":{"rendered":"Especializaci\u00f3n en Psiquiatr\u00eda Infantil y de la Adolescencia"},"content":{"rendered":"\n<hr class=\"wp-block-separator has-text-color has-vivid-red-color has-alpha-channel-opacity has-vivid-red-background-color has-background\"\/>\n\n\n\n<p class=\"has-medium-font-size\">El Instituto Nacional de Psiquiatr\u00eda Ram\u00f3n de la Fuente Mu\u00f1iz ofrece dos\u00a0 plazas para realizar la Especializaci\u00f3n en Psiquiatr\u00eda Infantil y de la Adolescencia\u00a0<\/p>\n\n\n\n<figure class=\"wp-block-image size-full is-resized\"><img decoding=\"async\" loading=\"lazy\" src=\"https:\/\/i0.wp.com\/lafuente.mx\/wp-content\/uploads\/2023\/08\/Captura-de-Pantalla-2023-08-10-a-las-11.43.11.png?resize=481%2C643&#038;ssl=1\" alt=\"\" class=\"wp-image-1599\" width=\"481\" height=\"643\" srcset=\"https:\/\/i0.wp.com\/lafuente.mx\/wp-content\/uploads\/2023\/08\/Captura-de-Pantalla-2023-08-10-a-las-11.43.11.png?w=642&amp;ssl=1 642w, https:\/\/i0.wp.com\/lafuente.mx\/wp-content\/uploads\/2023\/08\/Captura-de-Pantalla-2023-08-10-a-las-11.43.11.png?resize=224%2C300&amp;ssl=1 224w\" sizes=\"(max-width: 481px) 100vw, 481px\" data-recalc-dims=\"1\" \/><\/figure>\n\n\n\n<p class=\"has-vivid-red-color has-text-color has-medium-font-size\"><strong>Objetivo\u00a0<\/strong><\/p>\n\n\n\n<p>Formar psiquiatras especialistas en ni\u00f1as, ni\u00f1os y adolescentes que sean capaces de aplicar el conocimiento cient\u00edfico actual para identificar, realizar intervenciones preventivas y brindar atenci\u00f3n oportuna, a los trastornos psiqui\u00e1tricos que ocurren en esta etapa del ciclo vital.&nbsp;<\/p>\n\n\n\n<p class=\"has-vivid-red-color has-text-color has-medium-font-size\"><strong>Duraci\u00f3n del programa\u00a0<\/strong><\/p>\n\n\n\n<p>Dos a\u00f1os&nbsp;<\/p>\n\n\n\n<p class=\"has-vivid-red-color has-text-color has-medium-font-size\"><strong>Reconocimiento\u00a0<\/strong><\/p>\n\n\n\n<p>Al cubrir los cr\u00e9ditos y requisitos que establece l Plan \u00danico de Especializaciones M\u00e9dicas (PUEM) de la UNAM y aprobar el examen final de conocimientos, se expedir\u00e1 el T\u00edtulo de Especialista en Psiquiatr\u00eda Infantil y de la Adolescencia que otorga la Facultad de Medicina de la UNAM, y al contar con dicho t\u00edtulo se entregar\u00e1n las constancias del Instituto Nacional de Psiquiatr\u00eda y de la Secretar\u00eda de Salud&nbsp;<\/p>\n\n\n\n<div class=\"wp-block-buttons is-layout-flex wp-block-buttons-is-layout-flex\">\n<div class=\"wp-block-button\"><a class=\"wp-block-button__link has-vivid-red-background-color has-background\" href=\"https:\/\/acortar.link\/21jSQI\" target=\"_blank\" rel=\"noreferrer noopener\">M\u00e1s informaci\u00f3n<\/a><\/div>\n<\/div>\n","protected":false},"excerpt":{"rendered":"<p>El Instituto Nacional de Psiquiatr\u00eda Ram\u00f3n de la Fuente Mu\u00f1iz ofrece dos\u00a0 plazas para realizar la Especializaci\u00f3n en Psiquiatr\u00eda Infantil y de la Adolescencia\u00a0 Objetivo\u00a0<\/p>\n","protected":false},"author":3,"featured_media":1599,"comment_status":"closed","ping_status":"closed","sticky":false,"template":"","format":"standard","meta":{"footnotes":"","jetpack_publicize_message":"","jetpack_is_tweetstorm":false,"jetpack_publicize_feature_enabled":true},"categories":[4],"tags":[66,396,21,158,157,397,398,32,207],"jetpack_publicize_connections":[],"yoast_head":"<!-- This site is optimized with the Yoast SEO plugin v19.4 - https:\/\/yoast.com\/wordpress\/plugins\/seo\/ -->\n<title>Especializaci\u00f3n en Psiquiatr\u00eda Infantil y de la Adolescencia -<\/title>\n<meta name=\"description\" content=\"Formar psiquiatras especialistas en ni\u00f1as, ni\u00f1os y adolescentes que sean capaces de aplicar el conocimiento cient\u00edfico actual\" \/>\n<meta name=\"robots\" content=\"index, follow, max-snippet:-1, max-image-preview:large, max-video-preview:-1\" \/>\n<link rel=\"canonical\" href=\"https:\/\/lafuente.mx\/?p=1598\" \/>\n<meta property=\"og:locale\" content=\"es_MX\" \/>\n<meta property=\"og:type\" content=\"article\" \/>\n<meta property=\"og:title\" content=\"Especializaci\u00f3n en Psiquiatr\u00eda Infantil y de la Adolescencia\" \/>\n<meta property=\"og:description\" content=\"Formar psiquiatras especialistas en ni\u00f1as, ni\u00f1os y adolescentes que sean capaces de aplicar el conocimiento cient\u00edfico actual\" \/>\n<meta property=\"og:url\" content=\"https:\/\/lafuente.mx\/?p=1598\" \/>\n<meta property=\"article:published_time\" content=\"2023-08-14T08:14:00+00:00\" \/>\n<meta property=\"article:modified_time\" content=\"2023-08-10T17:46:47+00:00\" \/>\n<meta property=\"og:image\" content=\"https:\/\/i0.wp.com\/lafuente.mx\/wp-content\/uploads\/2023\/08\/Captura-de-Pantalla-2023-08-10-a-las-11.43.11.png?fit=642%2C858&ssl=1\" \/>\n\t<meta property=\"og:image:width\" content=\"642\" \/>\n\t<meta property=\"og:image:height\" content=\"858\" \/>\n\t<meta property=\"og:image:type\" content=\"image\/png\" \/>\n<meta name=\"author\" content=\"Claudia Gallardo\" \/>\n<meta name=\"twitter:card\" content=\"summary_large_image\" \/>\n<meta name=\"twitter:title\" content=\"Especializaci\u00f3n en Psiquiatr\u00eda Infantil y de la Adolescencia\" \/>\n<meta name=\"twitter:description\" content=\"Formar psiquiatras especialistas en ni\u00f1as, ni\u00f1os y adolescentes que sean capaces de aplicar el conocimiento cient\u00edfico actual\" \/>\n<meta name=\"twitter:image\" content=\"https:\/\/i0.wp.com\/lafuente.mx\/wp-content\/uploads\/2023\/08\/Captura-de-Pantalla-2023-08-10-a-las-11.43.11.png?fit=642%2C858&ssl=1\" \/>\n<meta name=\"twitter:label1\" content=\"Escrito por\" \/>\n\t<meta name=\"twitter:data1\" content=\"Claudia Gallardo\" \/>\n\t<meta name=\"twitter:label2\" content=\"Tiempo de lectura\" \/>\n\t<meta name=\"twitter:data2\" content=\"1 minuto\" \/>\n<script type=\"application\/ld+json\" class=\"yoast-schema-graph\">{\"@context\":\"https:\/\/schema.org\",\"@graph\":[{\"@type\":\"WebSite\",\"@id\":\"https:\/\/lafuente.mx\/#website\",\"url\":\"https:\/\/lafuente.mx\/\",\"name\":\"\",\"description\":\"Informaci\u00f3n confiable sobre salud mental\",\"potentialAction\":[{\"@type\":\"SearchAction\",\"target\":{\"@type\":\"EntryPoint\",\"urlTemplate\":\"https:\/\/lafuente.mx\/?s={search_term_string}\"},\"query-input\":\"required name=search_term_string\"}],\"inLanguage\":\"es-MX\"},{\"@type\":\"WebPage\",\"@id\":\"https:\/\/lafuente.mx\/?p=1598\",\"url\":\"https:\/\/lafuente.mx\/?p=1598\",\"name\":\"Especializaci\u00f3n en Psiquiatr\u00eda Infantil y de la Adolescencia -\",\"isPartOf\":{\"@id\":\"https:\/\/lafuente.mx\/#website\"},\"datePublished\":\"2023-08-14T08:14:00+00:00\",\"dateModified\":\"2023-08-10T17:46:47+00:00\",\"author\":{\"@id\":\"https:\/\/lafuente.mx\/#\/schema\/person\/603f3aa8e2f6f7879021ab722d39d6b0\"},\"description\":\"Formar psiquiatras especialistas en ni\u00f1as, ni\u00f1os y adolescentes que sean capaces de aplicar el conocimiento cient\u00edfico actual\",\"breadcrumb\":{\"@id\":\"https:\/\/lafuente.mx\/?p=1598#breadcrumb\"},\"inLanguage\":\"es-MX\",\"potentialAction\":[{\"@type\":\"ReadAction\",\"target\":[\"https:\/\/lafuente.mx\/?p=1598\"]}]},{\"@type\":\"BreadcrumbList\",\"@id\":\"https:\/\/lafuente.mx\/?p=1598#breadcrumb\",\"itemListElement\":[{\"@type\":\"ListItem\",\"position\":1,\"name\":\"Inicio\",\"item\":\"https:\/\/lafuente.mx\/\"},{\"@type\":\"ListItem\",\"position\":2,\"name\":\"Especializaci\u00f3n en Psiquiatr\u00eda Infantil y de la Adolescencia\"}]},{\"@type\":\"Person\",\"@id\":\"https:\/\/lafuente.mx\/#\/schema\/person\/603f3aa8e2f6f7879021ab722d39d6b0\",\"name\":\"Claudia Gallardo\",\"image\":{\"@type\":\"ImageObject\",\"inLanguage\":\"es-MX\",\"@id\":\"https:\/\/lafuente.mx\/#\/schema\/person\/image\/\",\"url\":\"https:\/\/secure.gravatar.com\/avatar\/bfe9c966af1ccfb9d17bcdb9d04e8815?s=96&d=mm&r=g\",\"contentUrl\":\"https:\/\/secure.gravatar.com\/avatar\/bfe9c966af1ccfb9d17bcdb9d04e8815?s=96&d=mm&r=g\",\"caption\":\"Claudia Gallardo\"},\"url\":\"https:\/\/lafuente.mx\/?author=3\"}]}<\/script>\n<!-- \/ Yoast SEO plugin. -->","yoast_head_json":{"title":"Especializaci\u00f3n en Psiquiatr\u00eda Infantil y de la Adolescencia -","description":"Formar psiquiatras especialistas en ni\u00f1as, ni\u00f1os y adolescentes que sean capaces de aplicar el conocimiento cient\u00edfico actual","robots":{"index":"index","follow":"follow","max-snippet":"max-snippet:-1","max-image-preview":"max-image-preview:large","max-video-preview":"max-video-preview:-1"},"canonical":"https:\/\/lafuente.mx\/?p=1598","og_locale":"es_MX","og_type":"article","og_title":"Especializaci\u00f3n en Psiquiatr\u00eda Infantil y de la Adolescencia","og_description":"Formar psiquiatras especialistas en ni\u00f1as, ni\u00f1os y adolescentes que sean capaces de aplicar el conocimiento cient\u00edfico actual","og_url":"https:\/\/lafuente.mx\/?p=1598","article_published_time":"2023-08-14T08:14:00+00:00","article_modified_time":"2023-08-10T17:46:47+00:00","og_image":[{"width":642,"height":858,"url":"https:\/\/i0.wp.com\/lafuente.mx\/wp-content\/uploads\/2023\/08\/Captura-de-Pantalla-2023-08-10-a-las-11.43.11.png?fit=642%2C858&ssl=1","type":"image\/png"}],"author":"Claudia Gallardo","twitter_card":"summary_large_image","twitter_title":"Especializaci\u00f3n en Psiquiatr\u00eda Infantil y de la Adolescencia","twitter_description":"Formar psiquiatras especialistas en ni\u00f1as, ni\u00f1os y adolescentes que sean capaces de aplicar el conocimiento cient\u00edfico actual","twitter_image":"https:\/\/i0.wp.com\/lafuente.mx\/wp-content\/uploads\/2023\/08\/Captura-de-Pantalla-2023-08-10-a-las-11.43.11.png?fit=642%2C858&ssl=1","twitter_misc":{"Escrito por":"Claudia Gallardo","Tiempo de lectura":"1 minuto"},"schema":{"@context":"https:\/\/schema.org","@graph":[{"@type":"WebSite","@id":"https:\/\/lafuente.mx\/#website","url":"https:\/\/lafuente.mx\/","name":"","description":"Informaci\u00f3n confiable sobre salud mental","potentialAction":[{"@type":"SearchAction","target":{"@type":"EntryPoint","urlTemplate":"https:\/\/lafuente.mx\/?s={search_term_string}"},"query-input":"required name=search_term_string"}],"inLanguage":"es-MX"},{"@type":"WebPage","@id":"https:\/\/lafuente.mx\/?p=1598","url":"https:\/\/lafuente.mx\/?p=1598","name":"Especializaci\u00f3n en Psiquiatr\u00eda Infantil y de la Adolescencia -","isPartOf":{"@id":"https:\/\/lafuente.mx\/#website"},"datePublished":"2023-08-14T08:14:00+00:00","dateModified":"2023-08-10T17:46:47+00:00","author":{"@id":"https:\/\/lafuente.mx\/#\/schema\/person\/603f3aa8e2f6f7879021ab722d39d6b0"},"description":"Formar psiquiatras especialistas en ni\u00f1as, ni\u00f1os y adolescentes que sean capaces de aplicar el conocimiento cient\u00edfico actual","breadcrumb":{"@id":"https:\/\/lafuente.mx\/?p=1598#breadcrumb"},"inLanguage":"es-MX","potentialAction":[{"@type":"ReadAction","target":["https:\/\/lafuente.mx\/?p=1598"]}]},{"@type":"BreadcrumbList","@id":"https:\/\/lafuente.mx\/?p=1598#breadcrumb","itemListElement":[{"@type":"ListItem","position":1,"name":"Inicio","item":"https:\/\/lafuente.mx\/"},{"@type":"ListItem","position":2,"name":"Especializaci\u00f3n en Psiquiatr\u00eda Infantil y de la Adolescencia"}]},{"@type":"Person","@id":"https:\/\/lafuente.mx\/#\/schema\/person\/603f3aa8e2f6f7879021ab722d39d6b0","name":"Claudia Gallardo","image":{"@type":"ImageObject","inLanguage":"es-MX","@id":"https:\/\/lafuente.mx\/#\/schema\/person\/image\/","url":"https:\/\/secure.gravatar.com\/avatar\/bfe9c966af1ccfb9d17bcdb9d04e8815?s=96&d=mm&r=g","contentUrl":"https:\/\/secure.gravatar.com\/avatar\/bfe9c966af1ccfb9d17bcdb9d04e8815?s=96&d=mm&r=g","caption":"Claudia Gallardo"},"url":"https:\/\/lafuente.mx\/?author=3"}]}},"jetpack_featured_media_url":"https:\/\/i0.wp.com\/lafuente.mx\/wp-content\/uploads\/2023\/08\/Captura-de-Pantalla-2023-08-10-a-las-11.43.11.png?fit=642%2C858&ssl=1","jetpack-related-posts":[{"id":2365,"url":"https:\/\/lafuente.mx\/?p=2365","url_meta":{"origin":1598,"position":0},"title":"Trastorno Bipolar en Ni\u00f1os y\u00a0 Adolescentes\u00a0","date":"junio 19, 2024","format":false,"excerpt":"GU\u00cdAS CL\u00cdNICAS\u00a0 INTRODUCCI\u00d3N\u00a0 El Trastorno Bipolar, antiguamente conocido como enfermedad maniaco depresiva, es un trastorno del estado del \u00e1nimo, en el que se presentan fases de depresi\u00f3n con otras de euforia. Es una de las psicopatolog\u00edas menos frecuentes en la Infancia, debido en parte a que durante muchos a\u00f1os se\u2026","rel":"","context":"En &quot;Publicaciones&quot;","img":{"alt_text":"","src":"https:\/\/i0.wp.com\/lafuente.mx\/wp-content\/uploads\/2024\/06\/Captura-de-pantalla-2024-06-19-a-las-12.27.32.png?fit=868%2C864&ssl=1&resize=350%2C200","width":350,"height":200},"classes":[]},{"id":2538,"url":"https:\/\/lafuente.mx\/?p=2538","url_meta":{"origin":1598,"position":1},"title":"CONVOCATORIA PARA EL EXAMEN DE LA PROMOCI\u00d3N LXXX DE CERTIFICACI\u00d3N EN PSIQUIATR\u00cdA\u00a0","date":"septiembre 10, 2024","format":false,"excerpt":"PROMOCI\u00d3N LV DE CERTIFICACI\u00d3N EN PSIQUIATR\u00cdA INFANTIL Y DE LA ADOLESCENCIA\u00a0 PROMOCI\u00d3N XVII DE CERTIFICACI\u00d3N EN MEDICINA DEL SUE\u00d1O\u00a0 CONSEJO MEXICANO DE PSIQUIATR\u00cdA, A. C.\u00a0 El Consejo Mexicano de Psiquiatr\u00eda, A. C. en cumplimiento de sus estatutos generales y por medio de su Comisi\u00f3n de Ex\u00e1menes, convoca a los m\u00e9dicos\u2026","rel":"","context":"En &quot;Informaci\u00f3n de inter\u00e9s&quot;","img":{"alt_text":"jamila polatova, oncology, crayfish-7261803.jpg","src":"https:\/\/i0.wp.com\/lafuente.mx\/wp-content\/uploads\/2024\/09\/jamila-polatova-oncology-crayfish-7261803.jpg?fit=1200%2C794&ssl=1&resize=350%2C200","width":350,"height":200},"classes":[]},{"id":1903,"url":"https:\/\/lafuente.mx\/?p=1903","url_meta":{"origin":1598,"position":2},"title":"Compendio de gu\u00edas en psiquiatr\u00eda ni\u00f1os y adolescentes\u00a0","date":"noviembre 24, 2023","format":false,"excerpt":"Coordinador: Francisco R. de la Pe\u00f1a Los Compendios de gu\u00edas cl\u00ednicas en psiquiatr\u00eda representan una de las mejores y m\u00e1s actuales- alternativas para el correcto manejo de los trastornos psiqui\u00e1tricos del adulto y de la poblaci\u00f3n infantil. Rigurosos desde su estructura, los autores incluyeron para cada trastorno mental, sus principales\u2026","rel":"","context":"En &quot;Publicaciones&quot;","img":{"alt_text":"","src":"https:\/\/i0.wp.com\/lafuente.mx\/wp-content\/uploads\/2023\/11\/largepreview-1.png?fit=850%2C1126&ssl=1&resize=350%2C200","width":350,"height":200},"classes":[]},{"id":2892,"url":"https:\/\/lafuente.mx\/?p=2892","url_meta":{"origin":1598,"position":3},"title":"Adaptaci\u00f3n y validaci\u00f3n de un instrumento para la medici\u00f3n del estigma hacia problemas de salud mental en ni\u00f1os entre profesionales de la salud\u00a0","date":"mayo 12, 2025","format":false,"excerpt":"Jorge Javier Caraveo-AnduagaDirecci\u00f3n de Investigaciones Epidemiol\u00f3gicas y Psicosociales, Instituto Nacional de Psiquiatr\u00eda Ram\u00f3n de la Fuente Mu\u00f1iz, Ciudad de M\u00e9xico, M\u00e9xico.\u00a0 Mart\u00ednez-V\u00e9lez NA.\u00a0Direcci\u00f3n de Investigaciones Epidemiol\u00f3gicas y Psicosociales, Instituto Nacional de Psiquiatr\u00eda Ram\u00f3n de la Fuente Mu\u00f1iz, Ciudad de M\u00e9xico, M\u00e9xico.\u00a0 Miriam Arroyo-BelmonteDirecci\u00f3n de Investigaciones Epidemiol\u00f3gicas y Psicosociales, Instituto Nacional\u2026","rel":"","context":"En &quot;Revista Salud Mental&quot;","img":{"alt_text":"","src":"https:\/\/i0.wp.com\/lafuente.mx\/wp-content\/uploads\/2025\/05\/Adaptacion-y-validacion-de-un-instrumento_Mesa-de-trabajo-1.jpg?fit=1200%2C613&ssl=1&resize=350%2C200","width":350,"height":200},"classes":[]},{"id":3619,"url":"https:\/\/lafuente.mx\/?p=3619","url_meta":{"origin":1598,"position":4},"title":"Hallazgos sobre perfil metab\u00f3lico y psicopatolog\u00eda en adolescentes\u00a0","date":"marzo 30, 2026","format":false,"excerpt":"Feb 26, 2026 |\u00a0Academia\u00a0 \u201cEl perfil metab\u00f3lico nos abre el panorama en torno a la investigaci\u00f3n de nuevos marcadores asociados a la patolog\u00eda psiqui\u00e1trica. Entender la enfermedad mental como un constructo dimensional nos ayuda a tener una visi\u00f3n m\u00e1s integral de la psiquiatr\u00eda\u201d, afirm\u00f3 el doctor Cristian Hern\u00e1ndez Alba, residente\u2026","rel":"","context":"En &quot;Noticias&quot;","img":{"alt_text":"","src":"https:\/\/i0.wp.com\/lafuente.mx\/wp-content\/uploads\/2023\/01\/adolescentes_.png?fit=660%2C444&ssl=1&resize=350%2C200","width":350,"height":200},"classes":[]},{"id":2884,"url":"https:\/\/lafuente.mx\/?p=2884","url_meta":{"origin":1598,"position":5},"title":"Jornada de Salud Mental, Autismo y Bio\u00e9tica","date":"mayo 9, 2025","format":false,"excerpt":"En el marco del D\u00eda Mundial de Concienciaci\u00f3n sobre el Autismo, el Programa Institucional de \u00c9tica y Bio\u00e9tica de la Facultad de Medicina y el Departamento de Psiquiatr\u00eda y Salud Mental (DPSM) organizaron la Jornada de Salud Mental, Autismo y Bio\u00e9tica, con el prop\u00f3sito de tener un espacio de reflexi\u00f3n\u2026","rel":"","context":"En &quot;Eventos externos&quot;","img":{"alt_text":"","src":"https:\/\/i0.wp.com\/lafuente.mx\/wp-content\/uploads\/2025\/05\/Autismo.jpg?fit=1200%2C613&ssl=1&resize=350%2C200","width":350,"height":200},"classes":[]}],"jetpack_sharing_enabled":true,"jetpack_shortlink":"https:\/\/wp.me\/pe9WUx-pM","_links":{"self":[{"href":"https:\/\/lafuente.mx\/index.php?rest_route=\/wp\/v2\/posts\/1598"}],"collection":[{"href":"https:\/\/lafuente.mx\/index.php?rest_route=\/wp\/v2\/posts"}],"about":[{"href":"https:\/\/lafuente.mx\/index.php?rest_route=\/wp\/v2\/types\/post"}],"author":[{"embeddable":true,"href":"https:\/\/lafuente.mx\/index.php?rest_route=\/wp\/v2\/users\/3"}],"replies":[{"embeddable":true,"href":"https:\/\/lafuente.mx\/index.php?rest_route=%2Fwp%2Fv2%2Fcomments&post=1598"}],"version-history":[{"count":1,"href":"https:\/\/lafuente.mx\/index.php?rest_route=\/wp\/v2\/posts\/1598\/revisions"}],"predecessor-version":[{"id":1600,"href":"https:\/\/lafuente.mx\/index.php?rest_route=\/wp\/v2\/posts\/1598\/revisions\/1600"}],"wp:featuredmedia":[{"embeddable":true,"href":"https:\/\/lafuente.mx\/index.php?rest_route=\/wp\/v2\/media\/1599"}],"wp:attachment":[{"href":"https:\/\/lafuente.mx\/index.php?rest_route=%2Fwp%2Fv2%2Fmedia&parent=1598"}],"wp:term":[{"taxonomy":"category","embeddable":true,"href":"https:\/\/lafuente.mx\/index.php?rest_route=%2Fwp%2Fv2%2Fcategories&post=1598"},{"taxonomy":"post_tag","embeddable":true,"href":"https:\/\/lafuente.mx\/index.php?rest_route=%2Fwp%2Fv2%2Ftags&post=1598"}],"curies":[{"name":"wp","href":"https:\/\/api.w.org\/{rel}","templated":true}]}}