{"id":1594,"date":"2023-08-11T08:05:00","date_gmt":"2023-08-11T08:05:00","guid":{"rendered":"https:\/\/lafuente.mx\/?p=1594"},"modified":"2023-08-18T14:19:34","modified_gmt":"2023-08-18T14:19:34","slug":"borrador-automatico-dia-internacional-de-la-juventud","status":"publish","type":"post","link":"https:\/\/lafuente.mx\/?p=1594","title":{"rendered":"D\u00eda Internacional de la Juventud\u00a0"},"content":{"rendered":"\n<hr class=\"wp-block-separator has-text-color has-alpha-channel-opacity has-background\" style=\"background-color:#5a646d;color:#5a646d\"\/>\n\n\n\n<p class=\"has-text-align-center has-text-color has-larger-font-size\" style=\"color:#2e749d\"><strong>12 de agosto<\/strong>&nbsp;<\/p>\n\n\n\n<p>El D\u00eda Internacional de la Juventud se celebra el 12 de agosto de cada a\u00f1o. Fue establecido por la Organizaci\u00f3n de las Naciones Unidas (ONU) en 1999 como una forma de aumentar la conciencia entre la poblaci\u00f3n mundial sobre los problemas que afectan a los j\u00f3venes en todo el mundo.&nbsp;<\/p>\n\n\n\n<p class=\"has-text-align-center has-text-color\" style=\"color:#35af08;font-size:28px\"><strong>Competencias ecol\u00f3gicas: Hacia un mundo m\u00e1s sostenible&nbsp;<\/strong><\/p>\n\n\n<div class=\"wp-block-image\">\n<figure class=\"aligncenter size-full\"><img decoding=\"async\" loading=\"lazy\" width=\"640\" height=\"357\" src=\"https:\/\/i0.wp.com\/lafuente.mx\/wp-content\/uploads\/2023\/08\/mundo-2.jpeg?resize=640%2C357&#038;ssl=1\" alt=\"\" class=\"wp-image-1595\" srcset=\"https:\/\/i0.wp.com\/lafuente.mx\/wp-content\/uploads\/2023\/08\/mundo-2.jpeg?w=730&amp;ssl=1 730w, https:\/\/i0.wp.com\/lafuente.mx\/wp-content\/uploads\/2023\/08\/mundo-2.jpeg?resize=300%2C167&amp;ssl=1 300w\" sizes=\"(max-width: 640px) 100vw, 640px\" data-recalc-dims=\"1\" \/><\/figure><\/div>\n\n\n<p>En la actualidad, el mundo se encuentra inmerso en una transici\u00f3n ecol\u00f3gica. El cambio hacia un mundo ambientalmente sostenible y respetuoso con el clima es fundamental no solo para responder a la crisis clim\u00e1tica mundial, sino tambi\u00e9n para alcanzar los Objetivos de Desarrollo Sostenible (ODS). El \u00e9xito de la transici\u00f3n hacia un mundo m\u00e1s verde depender\u00e1 del desarrollo de competencias verdes en la poblaci\u00f3n. Las competencias ecol\u00f3gicas o habilidades verdes son &#8220;los conocimientos, capacidades, valores y actitudes necesarios para vivir, desarrollar y apoyar una sociedad sostenible y eficiente en el uso de los recursos&#8221;.&nbsp;<\/p>\n\n\n\n<p>Entre ellas se incluyen conocimientos y competencias t\u00e9cnicas que permiten el uso eficaz de tecnolog\u00edas y procesos ecol\u00f3gicos en entornos profesionales, as\u00ed como competencias transversales que se basan en una serie de conocimientos, valores y actitudes para facilitar la toma de decisiones sostenibles desde el punto de vista medioambiental en el trabajo y en la vida.&nbsp;<\/p>\n\n\n\n<p>Aunque las competencias ecol\u00f3gicas son pertinentes para personas de todas las edades, tienen mayor importancia para los m\u00e1s j\u00f3venes, que pueden contribuir a la transici\u00f3n ecol\u00f3gica durante un per\u00edodo de tiempo m\u00e1s largo.&nbsp;<\/p>\n\n\n\n<p>Para conmemorar el D\u00eda Internacional de la Juventud este a\u00f1o, la ONU, a trav\u00e9s de la Oficina para la Juventud,&nbsp;llevar\u00e1 a cabo una campa\u00f1a centrada en mostrar la resiliencia, el ingenio y el liderazgo de los j\u00f3venes cuando se trata de crear un mundo mejor para todos.&nbsp;<\/p>\n\n\n\n<div class=\"wp-block-buttons is-layout-flex wp-block-buttons-is-layout-flex\">\n<div class=\"wp-block-button\"><a class=\"wp-block-button__link\" href=\"https:\/\/www.un.org\/es\/observances\/youth-day  \">M\u00e1s informaci\u00f3n<\/a><\/div>\n<\/div>\n\n\n\n<p><\/p>\n","protected":false},"excerpt":{"rendered":"<p>12 de agosto&nbsp; El D\u00eda Internacional de la Juventud se celebra el 12 de agosto de cada a\u00f1o. Fue establecido por la Organizaci\u00f3n de las<\/p>\n","protected":false},"author":3,"featured_media":1595,"comment_status":"closed","ping_status":"closed","sticky":false,"template":"","format":"standard","meta":{"footnotes":"","jetpack_publicize_message":"","jetpack_is_tweetstorm":false,"jetpack_publicize_feature_enabled":true},"categories":[13],"tags":[66,21,137,167,394,395,32,393],"jetpack_publicize_connections":[],"yoast_head":"<!-- This site is optimized with the Yoast SEO plugin v19.4 - https:\/\/yoast.com\/wordpress\/plugins\/seo\/ -->\n<title>D\u00eda Internacional de la Juventud\u00a0 -<\/title>\n<meta name=\"description\" content=\"Para conmemorar el D\u00eda Internacional de la Juventud este a\u00f1o, la ONU, a trav\u00e9s de la Oficina para la Juventud,\u00a0llevar\u00e1 a cabo una campa\u00f1a centrada en mostrar la resiliencia, el ingenio y el liderazgo de los j\u00f3venes cuando se trata de crear un mundo mejor para todos.\u00a0\" \/>\n<meta name=\"robots\" content=\"index, follow, max-snippet:-1, max-image-preview:large, max-video-preview:-1\" \/>\n<link rel=\"canonical\" href=\"https:\/\/lafuente.mx\/?p=1594\" \/>\n<meta property=\"og:locale\" content=\"es_MX\" \/>\n<meta property=\"og:type\" content=\"article\" \/>\n<meta property=\"og:title\" content=\"D\u00eda Internacional de la Juventud\u00a0\" \/>\n<meta property=\"og:description\" content=\"Para conmemorar el D\u00eda Internacional de la Juventud este a\u00f1o, la ONU, a trav\u00e9s de la Oficina para la Juventud,\u00a0llevar\u00e1 a cabo una campa\u00f1a centrada en mostrar la resiliencia, el ingenio y el liderazgo de los j\u00f3venes cuando se trata de crear un mundo mejor para todos.\u00a0\" \/>\n<meta property=\"og:url\" content=\"https:\/\/lafuente.mx\/?p=1594\" \/>\n<meta property=\"article:published_time\" content=\"2023-08-11T08:05:00+00:00\" \/>\n<meta property=\"article:modified_time\" content=\"2023-08-18T14:19:34+00:00\" \/>\n<meta property=\"og:image\" content=\"http:\/\/lafuente.mx\/wp-content\/uploads\/2023\/08\/mundo-2.jpeg\" \/>\n\t<meta property=\"og:image:width\" content=\"730\" \/>\n\t<meta property=\"og:image:height\" content=\"407\" \/>\n\t<meta property=\"og:image:type\" content=\"image\/jpeg\" \/>\n<meta name=\"author\" content=\"Claudia Gallardo\" \/>\n<meta name=\"twitter:card\" content=\"summary_large_image\" \/>\n<meta name=\"twitter:title\" content=\"D\u00eda Internacional de la Juventud\u00a0\" \/>\n<meta name=\"twitter:description\" content=\"Para conmemorar el D\u00eda Internacional de la Juventud este a\u00f1o, la ONU, a trav\u00e9s de la Oficina para la Juventud,\u00a0llevar\u00e1 a cabo una campa\u00f1a centrada en mostrar la resiliencia, el ingenio y el liderazgo de los j\u00f3venes cuando se trata de crear un mundo mejor para todos.\u00a0\" \/>\n<meta name=\"twitter:image\" content=\"https:\/\/i0.wp.com\/lafuente.mx\/wp-content\/uploads\/2023\/08\/mundo-2.jpeg?fit=730%2C407&ssl=1\" \/>\n<meta name=\"twitter:label1\" content=\"Escrito por\" \/>\n\t<meta name=\"twitter:data1\" content=\"Claudia Gallardo\" \/>\n\t<meta name=\"twitter:label2\" content=\"Tiempo de lectura\" \/>\n\t<meta name=\"twitter:data2\" content=\"2 minutos\" \/>\n<script type=\"application\/ld+json\" class=\"yoast-schema-graph\">{\"@context\":\"https:\/\/schema.org\",\"@graph\":[{\"@type\":\"WebSite\",\"@id\":\"https:\/\/lafuente.mx\/#website\",\"url\":\"https:\/\/lafuente.mx\/\",\"name\":\"\",\"description\":\"Informaci\u00f3n confiable sobre salud mental\",\"potentialAction\":[{\"@type\":\"SearchAction\",\"target\":{\"@type\":\"EntryPoint\",\"urlTemplate\":\"https:\/\/lafuente.mx\/?s={search_term_string}\"},\"query-input\":\"required name=search_term_string\"}],\"inLanguage\":\"es-MX\"},{\"@type\":\"WebPage\",\"@id\":\"https:\/\/lafuente.mx\/?p=1594\",\"url\":\"https:\/\/lafuente.mx\/?p=1594\",\"name\":\"D\u00eda Internacional de la Juventud\u00a0 -\",\"isPartOf\":{\"@id\":\"https:\/\/lafuente.mx\/#website\"},\"datePublished\":\"2023-08-11T08:05:00+00:00\",\"dateModified\":\"2023-08-18T14:19:34+00:00\",\"author\":{\"@id\":\"https:\/\/lafuente.mx\/#\/schema\/person\/603f3aa8e2f6f7879021ab722d39d6b0\"},\"description\":\"Para conmemorar el D\u00eda Internacional de la Juventud este a\u00f1o, la ONU, a trav\u00e9s de la Oficina para la Juventud,\u00a0llevar\u00e1 a cabo una campa\u00f1a centrada en mostrar la resiliencia, el ingenio y el liderazgo de los j\u00f3venes cuando se trata de crear un mundo mejor para todos.\u00a0\",\"breadcrumb\":{\"@id\":\"https:\/\/lafuente.mx\/?p=1594#breadcrumb\"},\"inLanguage\":\"es-MX\",\"potentialAction\":[{\"@type\":\"ReadAction\",\"target\":[\"https:\/\/lafuente.mx\/?p=1594\"]}]},{\"@type\":\"BreadcrumbList\",\"@id\":\"https:\/\/lafuente.mx\/?p=1594#breadcrumb\",\"itemListElement\":[{\"@type\":\"ListItem\",\"position\":1,\"name\":\"Inicio\",\"item\":\"https:\/\/lafuente.mx\/\"},{\"@type\":\"ListItem\",\"position\":2,\"name\":\"D\u00eda Internacional de la Juventud\u00a0\"}]},{\"@type\":\"Person\",\"@id\":\"https:\/\/lafuente.mx\/#\/schema\/person\/603f3aa8e2f6f7879021ab722d39d6b0\",\"name\":\"Claudia Gallardo\",\"image\":{\"@type\":\"ImageObject\",\"inLanguage\":\"es-MX\",\"@id\":\"https:\/\/lafuente.mx\/#\/schema\/person\/image\/\",\"url\":\"https:\/\/secure.gravatar.com\/avatar\/bfe9c966af1ccfb9d17bcdb9d04e8815?s=96&d=mm&r=g\",\"contentUrl\":\"https:\/\/secure.gravatar.com\/avatar\/bfe9c966af1ccfb9d17bcdb9d04e8815?s=96&d=mm&r=g\",\"caption\":\"Claudia Gallardo\"},\"url\":\"https:\/\/lafuente.mx\/?author=3\"}]}<\/script>\n<!-- \/ Yoast SEO plugin. -->","yoast_head_json":{"title":"D\u00eda Internacional de la Juventud\u00a0 -","description":"Para conmemorar el D\u00eda Internacional de la Juventud este a\u00f1o, la ONU, a trav\u00e9s de la Oficina para la Juventud,\u00a0llevar\u00e1 a cabo una campa\u00f1a centrada en mostrar la resiliencia, el ingenio y el liderazgo de los j\u00f3venes cuando se trata de crear un mundo mejor para todos.\u00a0","robots":{"index":"index","follow":"follow","max-snippet":"max-snippet:-1","max-image-preview":"max-image-preview:large","max-video-preview":"max-video-preview:-1"},"canonical":"https:\/\/lafuente.mx\/?p=1594","og_locale":"es_MX","og_type":"article","og_title":"D\u00eda Internacional de la Juventud\u00a0","og_description":"Para conmemorar el D\u00eda Internacional de la Juventud este a\u00f1o, la ONU, a trav\u00e9s de la Oficina para la Juventud,\u00a0llevar\u00e1 a cabo una campa\u00f1a centrada en mostrar la resiliencia, el ingenio y el liderazgo de los j\u00f3venes cuando se trata de crear un mundo mejor para todos.\u00a0","og_url":"https:\/\/lafuente.mx\/?p=1594","article_published_time":"2023-08-11T08:05:00+00:00","article_modified_time":"2023-08-18T14:19:34+00:00","og_image":[{"width":730,"height":407,"url":"http:\/\/lafuente.mx\/wp-content\/uploads\/2023\/08\/mundo-2.jpeg","type":"image\/jpeg"}],"author":"Claudia Gallardo","twitter_card":"summary_large_image","twitter_title":"D\u00eda Internacional de la Juventud\u00a0","twitter_description":"Para conmemorar el D\u00eda Internacional de la Juventud este a\u00f1o, la ONU, a trav\u00e9s de la Oficina para la Juventud,\u00a0llevar\u00e1 a cabo una campa\u00f1a centrada en mostrar la resiliencia, el ingenio y el liderazgo de los j\u00f3venes cuando se trata de crear un mundo mejor para todos.\u00a0","twitter_image":"https:\/\/i0.wp.com\/lafuente.mx\/wp-content\/uploads\/2023\/08\/mundo-2.jpeg?fit=730%2C407&ssl=1","twitter_misc":{"Escrito por":"Claudia Gallardo","Tiempo de lectura":"2 minutos"},"schema":{"@context":"https:\/\/schema.org","@graph":[{"@type":"WebSite","@id":"https:\/\/lafuente.mx\/#website","url":"https:\/\/lafuente.mx\/","name":"","description":"Informaci\u00f3n confiable sobre salud mental","potentialAction":[{"@type":"SearchAction","target":{"@type":"EntryPoint","urlTemplate":"https:\/\/lafuente.mx\/?s={search_term_string}"},"query-input":"required name=search_term_string"}],"inLanguage":"es-MX"},{"@type":"WebPage","@id":"https:\/\/lafuente.mx\/?p=1594","url":"https:\/\/lafuente.mx\/?p=1594","name":"D\u00eda Internacional de la Juventud\u00a0 -","isPartOf":{"@id":"https:\/\/lafuente.mx\/#website"},"datePublished":"2023-08-11T08:05:00+00:00","dateModified":"2023-08-18T14:19:34+00:00","author":{"@id":"https:\/\/lafuente.mx\/#\/schema\/person\/603f3aa8e2f6f7879021ab722d39d6b0"},"description":"Para conmemorar el D\u00eda Internacional de la Juventud este a\u00f1o, la ONU, a trav\u00e9s de la Oficina para la Juventud,\u00a0llevar\u00e1 a cabo una campa\u00f1a centrada en mostrar la resiliencia, el ingenio y el liderazgo de los j\u00f3venes cuando se trata de crear un mundo mejor para todos.\u00a0","breadcrumb":{"@id":"https:\/\/lafuente.mx\/?p=1594#breadcrumb"},"inLanguage":"es-MX","potentialAction":[{"@type":"ReadAction","target":["https:\/\/lafuente.mx\/?p=1594"]}]},{"@type":"BreadcrumbList","@id":"https:\/\/lafuente.mx\/?p=1594#breadcrumb","itemListElement":[{"@type":"ListItem","position":1,"name":"Inicio","item":"https:\/\/lafuente.mx\/"},{"@type":"ListItem","position":2,"name":"D\u00eda Internacional de la Juventud\u00a0"}]},{"@type":"Person","@id":"https:\/\/lafuente.mx\/#\/schema\/person\/603f3aa8e2f6f7879021ab722d39d6b0","name":"Claudia Gallardo","image":{"@type":"ImageObject","inLanguage":"es-MX","@id":"https:\/\/lafuente.mx\/#\/schema\/person\/image\/","url":"https:\/\/secure.gravatar.com\/avatar\/bfe9c966af1ccfb9d17bcdb9d04e8815?s=96&d=mm&r=g","contentUrl":"https:\/\/secure.gravatar.com\/avatar\/bfe9c966af1ccfb9d17bcdb9d04e8815?s=96&d=mm&r=g","caption":"Claudia Gallardo"},"url":"https:\/\/lafuente.mx\/?author=3"}]}},"jetpack_featured_media_url":"https:\/\/i0.wp.com\/lafuente.mx\/wp-content\/uploads\/2023\/08\/mundo-2.jpeg?fit=730%2C407&ssl=1","jetpack-related-posts":[{"id":214,"url":"https:\/\/lafuente.mx\/?p=214","url_meta":{"origin":1594,"position":0},"title":"D\u00eda Internacional de la Juventud\u00a0","date":"agosto 11, 2022","format":false,"excerpt":"12 de agosto\u00a0 El D\u00eda Internacional de la Juventud, lo celebramos el 12 de agosto, una fecha promovida por la ONU Solidaridad intergeneracional: Creando un mundo para todas las edades El objetivo del D\u00eda Internacional de la Juventud 2022 es conseguir que todas las generaciones entren en acci\u00f3n para alcanzar\u2026","rel":"","context":"En &quot;Efem\u00e9rides de Salud Mental&quot;","img":{"alt_text":"","src":"https:\/\/i0.wp.com\/lafuente.mx\/wp-content\/uploads\/2022\/07\/pexels-photo-3063478.jpeg?fit=1200%2C800&ssl=1&resize=350%2C200","width":350,"height":200},"classes":[]},{"id":3208,"url":"https:\/\/lafuente.mx\/?p=3208","url_meta":{"origin":1594,"position":1},"title":"12 de agosto, D\u00eda Internacional de la Juventud","date":"agosto 12, 2025","format":false,"excerpt":"Cada 12 de agosto, el mundo celebra el D\u00eda Internacional de la Juventud, una fecha para reconocer los desaf\u00edos y oportunidades que enfrentan las y los j\u00f3venes, pero tambi\u00e9n para visibilizar su papel clave en la transformaci\u00f3n social, el desarrollo y la construcci\u00f3n de la paz. Tema 2025: Acciones locales\u2026","rel":"","context":"En &quot;Efem\u00e9rides de Salud Mental&quot;","img":{"alt_text":"","src":"https:\/\/i0.wp.com\/lafuente.mx\/wp-content\/uploads\/2025\/08\/juventud_Mesa-de-trabajo-1.png?fit=1200%2C622&ssl=1&resize=350%2C200","width":350,"height":200},"classes":[]},{"id":2330,"url":"https:\/\/lafuente.mx\/?p=2330","url_meta":{"origin":1594,"position":2},"title":"D\u00eda Mundial Sin Tabaco\u00a0","date":"mayo 31, 2024","format":false,"excerpt":"31 de mayo Proteger a los ni\u00f1os de la interferencia de la industria tabacalera\u00a0 El D\u00eda Mundial Sin Tabaco 2024 brindar\u00e1 una plataforma a la juventud de todo el mundo, que demandan que la industria tabacalera cese de dirigirse a este grupo con productos nocivos para su salud. La juventud\u2026","rel":"","context":"En &quot;Efem\u00e9rides de Salud Mental&quot;","img":{"alt_text":"non-smoking, stop smoking, glow sticks-2497308.jpg","src":"https:\/\/i0.wp.com\/lafuente.mx\/wp-content\/uploads\/2024\/05\/non-smoking-stop-smoking-glow-sticks-2497308.jpg?fit=1200%2C900&ssl=1&resize=350%2C200","width":350,"height":200},"classes":[]},{"id":3253,"url":"https:\/\/lafuente.mx\/?p=3253","url_meta":{"origin":1594,"position":3},"title":"El suicidio es la segunda causa de muerte entre los estudiantes universitarios: Mar\u00eda Elena\u00a0\u00a0Medina-Mora\u00a0\u00a0","date":"septiembre 11, 2025","format":false,"excerpt":"Julio 30, 2025\u00a0 La psic\u00f3loga mexicana, miembro de El Colegio Nacional, coordin\u00f3 la mesa \u201cLa adolescencia y la juventud en crisis\u201d, como parte del Seminario de Estudios sobre la Globalidad.\u00a0 En la sesi\u00f3n, participaron las especialistas Deni \u00c1lvarez Icaza, Corina Benjet, y Fernando Macedo, quienes hablaron de la salud mental\u2026","rel":"","context":"En &quot;Noticias&quot;","img":{"alt_text":"","src":"https:\/\/i0.wp.com\/lafuente.mx\/wp-content\/uploads\/2025\/09\/estudiante-en-clase-mirando-curso-scaled.jpg?fit=1200%2C800&ssl=1&resize=350%2C200","width":350,"height":200},"classes":[]},{"id":1821,"url":"https:\/\/lafuente.mx\/?p=1821","url_meta":{"origin":1594,"position":4},"title":"12 de noviembre. D\u00eda Mundial Contra la Obesidad","date":"octubre 30, 2023","format":false,"excerpt":"Con el objetivo principal de informar y sensibilizar a la poblaci\u00f3n en general y de manera particular, a ni\u00f1as, ni\u00f1os, adolescentes y j\u00f3venes sobre la necesidad de la adopci\u00f3n de medidas para prevenir y tratar el sobrepeso y la obesidad, el 12 de noviembre de cada a\u00f1o se celebra el\u2026","rel":"","context":"En &quot;Efem\u00e9rides de Salud Mental&quot;","img":{"alt_text":"","src":"https:\/\/i0.wp.com\/lafuente.mx\/wp-content\/uploads\/2023\/10\/concepto-dieta-cientifica-comida-sana-scaled.jpg?fit=1200%2C675&ssl=1&resize=350%2C200","width":350,"height":200},"classes":[]},{"id":3296,"url":"https:\/\/lafuente.mx\/?p=3296","url_meta":{"origin":1594,"position":5},"title":"Tema del mes: Salud mental y uso de tecnolog\u00eda","date":"octubre 6, 2025","format":false,"excerpt":"AGOSTO Durante este mes, hablaremos sobre salud mental y el uso de tecnolog\u00eda en las personas m\u00e1s j\u00f3venes. Mentalizarte","rel":"","context":"En &quot;T\u00f3picos de salud mental&quot;","img":{"alt_text":"","src":"https:\/\/i0.wp.com\/lafuente.mx\/wp-content\/uploads\/2025\/10\/Captura-de-pantalla-2025-10-06-a-las-14.10.43.png?fit=1200%2C602&ssl=1&resize=350%2C200","width":350,"height":200},"classes":[]}],"jetpack_sharing_enabled":true,"jetpack_shortlink":"https:\/\/wp.me\/pe9WUx-pI","_links":{"self":[{"href":"https:\/\/lafuente.mx\/index.php?rest_route=\/wp\/v2\/posts\/1594"}],"collection":[{"href":"https:\/\/lafuente.mx\/index.php?rest_route=\/wp\/v2\/posts"}],"about":[{"href":"https:\/\/lafuente.mx\/index.php?rest_route=\/wp\/v2\/types\/post"}],"author":[{"embeddable":true,"href":"https:\/\/lafuente.mx\/index.php?rest_route=\/wp\/v2\/users\/3"}],"replies":[{"embeddable":true,"href":"https:\/\/lafuente.mx\/index.php?rest_route=%2Fwp%2Fv2%2Fcomments&post=1594"}],"version-history":[{"count":3,"href":"https:\/\/lafuente.mx\/index.php?rest_route=\/wp\/v2\/posts\/1594\/revisions"}],"predecessor-version":[{"id":1607,"href":"https:\/\/lafuente.mx\/index.php?rest_route=\/wp\/v2\/posts\/1594\/revisions\/1607"}],"wp:featuredmedia":[{"embeddable":true,"href":"https:\/\/lafuente.mx\/index.php?rest_route=\/wp\/v2\/media\/1595"}],"wp:attachment":[{"href":"https:\/\/lafuente.mx\/index.php?rest_route=%2Fwp%2Fv2%2Fmedia&parent=1594"}],"wp:term":[{"taxonomy":"category","embeddable":true,"href":"https:\/\/lafuente.mx\/index.php?rest_route=%2Fwp%2Fv2%2Fcategories&post=1594"},{"taxonomy":"post_tag","embeddable":true,"href":"https:\/\/lafuente.mx\/index.php?rest_route=%2Fwp%2Fv2%2Ftags&post=1594"}],"curies":[{"name":"wp","href":"https:\/\/api.w.org\/{rel}","templated":true}]}}