{"id":1576,"date":"2023-08-09T20:55:49","date_gmt":"2023-08-09T20:55:49","guid":{"rendered":"https:\/\/lafuente.mx\/?p=1576"},"modified":"2023-08-10T15:00:27","modified_gmt":"2023-08-10T15:00:27","slug":"autoeficacia-y-bienestar-de-los-jovenes-durante-la-pandemia-de-covid-19-en-indonesia","status":"publish","type":"post","link":"https:\/\/lafuente.mx\/?p=1576","title":{"rendered":"Autoeficacia y bienestar de los j\u00f3venes durante la pandemia de COVID-19 en Indonesia"},"content":{"rendered":"\n<p>Tience D\u00e9bora Valentina, Firmanto Adinurcahyo, Dewi PuriAstiti<\/p>\n\n\n\n<hr class=\"wp-block-separator aligncenter has-alpha-channel-opacity is-style-wide\"\/>\n\n\n<div class=\"wp-block-image\">\n<figure class=\"aligncenter size-large\"><img decoding=\"async\" loading=\"lazy\" width=\"640\" height=\"360\" src=\"https:\/\/i0.wp.com\/lafuente.mx\/wp-content\/uploads\/2023\/08\/001-2-edited-scaled.jpg?resize=640%2C360&#038;ssl=1\" alt=\"\" class=\"wp-image-1589\" srcset=\"https:\/\/i0.wp.com\/lafuente.mx\/wp-content\/uploads\/2023\/08\/001-2-edited-scaled.jpg?w=2560&amp;ssl=1 2560w, https:\/\/i0.wp.com\/lafuente.mx\/wp-content\/uploads\/2023\/08\/001-2-edited-scaled.jpg?resize=300%2C169&amp;ssl=1 300w, https:\/\/i0.wp.com\/lafuente.mx\/wp-content\/uploads\/2023\/08\/001-2-edited-scaled.jpg?resize=1024%2C576&amp;ssl=1 1024w, https:\/\/i0.wp.com\/lafuente.mx\/wp-content\/uploads\/2023\/08\/001-2-edited-scaled.jpg?resize=768%2C432&amp;ssl=1 768w, https:\/\/i0.wp.com\/lafuente.mx\/wp-content\/uploads\/2023\/08\/001-2-edited-scaled.jpg?resize=1536%2C864&amp;ssl=1 1536w, https:\/\/i0.wp.com\/lafuente.mx\/wp-content\/uploads\/2023\/08\/001-2-edited-scaled.jpg?resize=2048%2C1152&amp;ssl=1 2048w, https:\/\/i0.wp.com\/lafuente.mx\/wp-content\/uploads\/2023\/08\/001-2-edited-scaled.jpg?w=1280 1280w, https:\/\/i0.wp.com\/lafuente.mx\/wp-content\/uploads\/2023\/08\/001-2-edited-scaled.jpg?w=1920 1920w\" sizes=\"(max-width: 640px) 100vw, 640px\" data-recalc-dims=\"1\" \/><\/figure><\/div>\n\n\n<hr class=\"wp-block-separator has-alpha-channel-opacity is-style-wide\"\/>\n\n\n\n<p><strong>Introducci\u00f3n.&nbsp;<\/strong>El impacto de la pandemia de COVID-19 en el bienestar de los j\u00f3venes ha atra\u00eddo la preocupaci\u00f3n de muchas partes.&nbsp;Se cree que la autoeficacia, la creencia de un individuo para hacer frente a diversas situaciones, tiene una relaci\u00f3n con el bienestar psicol\u00f3gico del individuo.&nbsp;<br>&nbsp;<br><strong>Objetivo.<\/strong>&nbsp;Explorar la relaci\u00f3n entre la autoeficacia y el bienestar de los j\u00f3venes en Indonesia durante la pandemia de COVID-19.&nbsp;<br>&nbsp;<br><strong>M\u00e9todo.&nbsp;<\/strong>Un dise\u00f1o transversal con una muestra de conveniencia de estudiantes de escuelas secundarias y universidades en Indonesia.&nbsp;El n\u00famero de participantes fueron 365 j\u00f3venes de 15 a 23 a\u00f1os (M&nbsp;= 18,57;&nbsp;SD&nbsp;= 1,95).&nbsp;Se les pidi\u00f3 que completaran la Escala de Autoeficacia y la Escala de Florecimiento en forma de encuesta en l\u00ednea.&nbsp;<br>&nbsp;<br><strong>Resultados.<\/strong>&nbsp;Existe una correlaci\u00f3n positiva entre la autoeficacia y el bienestar (r&nbsp;= .547,&nbsp;p&nbsp;&lt; .01) con el porcentaje de cotizaci\u00f3n del 33,5%.&nbsp;El ANOVA de dos v\u00edas result\u00f3 que hubo un efecto del nivel educativo sobre el bienestar (F&nbsp;= 12.956,&nbsp;p&nbsp;&lt; .05), mientras que no hubo efecto de g\u00e9nero sobre el bienestar (F&nbsp;= .006,&nbsp;p&nbsp;&gt; .05).&nbsp;<br>&nbsp;<br><strong>Discusi\u00f3n y conclusi\u00f3n.&nbsp;<\/strong>Los hallazgos de este estudio destacan la importancia de desarrollar la autoeficacia en los j\u00f3venes para promover el bienestar a pesar de enfrentar una situaci\u00f3n desafiante.&nbsp;<\/p>\n\n\n\n<hr class=\"wp-block-separator aligncenter has-alpha-channel-opacity is-style-wide\"\/>\n\n\n\n<div class=\"wp-block-buttons is-layout-flex wp-block-buttons-is-layout-flex\">\n<div class=\"wp-block-button is-style-fill\"><a class=\"wp-block-button__link has-background\" href=\"http:\/\/revistasaludmental.mx\/index.php\/salud_mental\/article\/view\/SM.0185-3325.2023.023\/4232\" style=\"background-color:#ab1c1c\" target=\"_blank\" rel=\"noreferrer noopener\">Lee el art\u00edculo completo aqu\u00ed<\/a><\/div>\n<\/div>\n\n\n\n<p><\/p>\n\n\n<div class=\"wp-block-image\">\n<figure class=\"aligncenter size-full\"><a href=\"http:\/\/www.revistasaludmental.mx\/index.php\/salud_mental\" target=\"_blank\" rel=\"noreferrer noopener\"><img decoding=\"async\" loading=\"lazy\" width=\"640\" height=\"143\" src=\"https:\/\/i0.wp.com\/lafuente.mx\/wp-content\/uploads\/2023\/08\/001SM.webp?resize=640%2C143&#038;ssl=1\" alt=\"\" class=\"wp-image-1579\" srcset=\"https:\/\/i0.wp.com\/lafuente.mx\/wp-content\/uploads\/2023\/08\/001SM.webp?w=768&amp;ssl=1 768w, https:\/\/i0.wp.com\/lafuente.mx\/wp-content\/uploads\/2023\/08\/001SM.webp?resize=300%2C67&amp;ssl=1 300w\" sizes=\"(max-width: 640px) 100vw, 640px\" data-recalc-dims=\"1\" \/><\/a><\/figure><\/div>","protected":false},"excerpt":{"rendered":"<p>Tience D\u00e9bora Valentina, Firmanto Adinurcahyo, Dewi PuriAstiti Introducci\u00f3n.&nbsp;El impacto de la pandemia de COVID-19 en el bienestar de los j\u00f3venes ha atra\u00eddo la preocupaci\u00f3n de<\/p>\n","protected":false},"author":5,"featured_media":1589,"comment_status":"closed","ping_status":"closed","sticky":false,"template":"","format":"standard","meta":{"footnotes":"","jetpack_publicize_message":"","jetpack_is_tweetstorm":false,"jetpack_publicize_feature_enabled":true},"categories":[11],"tags":[66,389,41,301,388,21,32],"jetpack_publicize_connections":[],"yoast_head":"<!-- This site is optimized with the Yoast SEO plugin v19.4 - https:\/\/yoast.com\/wordpress\/plugins\/seo\/ -->\n<title>Autoeficacia y bienestar de los j\u00f3venes durante la pandemia de COVID-19 en Indonesia -<\/title>\n<meta name=\"description\" content=\"Autoeficacia y bienestar de los j\u00f3venes durante la pandemia de COVID-19 en Indonesia\" \/>\n<meta name=\"robots\" content=\"index, follow, max-snippet:-1, max-image-preview:large, max-video-preview:-1\" \/>\n<link rel=\"canonical\" href=\"https:\/\/lafuente.mx\/?p=1576\" \/>\n<meta property=\"og:locale\" content=\"es_MX\" \/>\n<meta property=\"og:type\" content=\"article\" \/>\n<meta property=\"og:title\" content=\"Autoeficacia y bienestar de los j\u00f3venes durante la pandemia de COVID-19 en Indonesia\" \/>\n<meta property=\"og:description\" content=\"Autoeficacia y bienestar de los j\u00f3venes durante la pandemia de COVID-19 en Indonesia\" \/>\n<meta property=\"og:url\" content=\"https:\/\/lafuente.mx\/?p=1576\" \/>\n<meta property=\"article:published_time\" content=\"2023-08-09T20:55:49+00:00\" \/>\n<meta property=\"article:modified_time\" content=\"2023-08-10T15:00:27+00:00\" \/>\n<meta property=\"og:image\" content=\"http:\/\/lafuente.mx\/wp-content\/uploads\/2023\/08\/001-2-edited-scaled.jpg\" \/>\n\t<meta property=\"og:image:width\" content=\"2560\" \/>\n\t<meta property=\"og:image:height\" content=\"1440\" \/>\n\t<meta property=\"og:image:type\" content=\"image\/jpeg\" \/>\n<meta name=\"author\" content=\"Dar\u00edo Ram\u00edrez\" \/>\n<meta name=\"twitter:card\" content=\"summary_large_image\" \/>\n<meta name=\"twitter:title\" content=\"Autoeficacia y bienestar de los j\u00f3venes durante la pandemia de COVID-19 en Indonesia\" \/>\n<meta name=\"twitter:description\" content=\"Autoeficacia y bienestar de los j\u00f3venes durante la pandemia de COVID-19 en Indonesia\" \/>\n<meta name=\"twitter:image\" content=\"https:\/\/i0.wp.com\/lafuente.mx\/wp-content\/uploads\/2023\/08\/001-2-edited-scaled.jpg?fit=2560%2C1440&ssl=1\" \/>\n<meta name=\"twitter:label1\" content=\"Escrito por\" \/>\n\t<meta name=\"twitter:data1\" content=\"Dar\u00edo Ram\u00edrez\" \/>\n\t<meta name=\"twitter:label2\" content=\"Tiempo de lectura\" \/>\n\t<meta name=\"twitter:data2\" content=\"2 minutos\" \/>\n<script type=\"application\/ld+json\" class=\"yoast-schema-graph\">{\"@context\":\"https:\/\/schema.org\",\"@graph\":[{\"@type\":\"WebSite\",\"@id\":\"https:\/\/lafuente.mx\/#website\",\"url\":\"https:\/\/lafuente.mx\/\",\"name\":\"\",\"description\":\"Informaci\u00f3n confiable sobre salud mental\",\"potentialAction\":[{\"@type\":\"SearchAction\",\"target\":{\"@type\":\"EntryPoint\",\"urlTemplate\":\"https:\/\/lafuente.mx\/?s={search_term_string}\"},\"query-input\":\"required name=search_term_string\"}],\"inLanguage\":\"es-MX\"},{\"@type\":\"WebPage\",\"@id\":\"https:\/\/lafuente.mx\/?p=1576\",\"url\":\"https:\/\/lafuente.mx\/?p=1576\",\"name\":\"Autoeficacia y bienestar de los j\u00f3venes durante la pandemia de COVID-19 en Indonesia -\",\"isPartOf\":{\"@id\":\"https:\/\/lafuente.mx\/#website\"},\"datePublished\":\"2023-08-09T20:55:49+00:00\",\"dateModified\":\"2023-08-10T15:00:27+00:00\",\"author\":{\"@id\":\"https:\/\/lafuente.mx\/#\/schema\/person\/b9cc1ac3941245ec61c80638a92abfb6\"},\"description\":\"Autoeficacia y bienestar de los j\u00f3venes durante la pandemia de COVID-19 en Indonesia\",\"breadcrumb\":{\"@id\":\"https:\/\/lafuente.mx\/?p=1576#breadcrumb\"},\"inLanguage\":\"es-MX\",\"potentialAction\":[{\"@type\":\"ReadAction\",\"target\":[\"https:\/\/lafuente.mx\/?p=1576\"]}]},{\"@type\":\"BreadcrumbList\",\"@id\":\"https:\/\/lafuente.mx\/?p=1576#breadcrumb\",\"itemListElement\":[{\"@type\":\"ListItem\",\"position\":1,\"name\":\"Inicio\",\"item\":\"https:\/\/lafuente.mx\/\"},{\"@type\":\"ListItem\",\"position\":2,\"name\":\"Autoeficacia y bienestar de los j\u00f3venes durante la pandemia de COVID-19 en Indonesia\"}]},{\"@type\":\"Person\",\"@id\":\"https:\/\/lafuente.mx\/#\/schema\/person\/b9cc1ac3941245ec61c80638a92abfb6\",\"name\":\"Dar\u00edo Ram\u00edrez\",\"image\":{\"@type\":\"ImageObject\",\"inLanguage\":\"es-MX\",\"@id\":\"https:\/\/lafuente.mx\/#\/schema\/person\/image\/\",\"url\":\"https:\/\/secure.gravatar.com\/avatar\/bd5441528d8085d08a897e5789079259?s=96&d=mm&r=g\",\"contentUrl\":\"https:\/\/secure.gravatar.com\/avatar\/bd5441528d8085d08a897e5789079259?s=96&d=mm&r=g\",\"caption\":\"Dar\u00edo Ram\u00edrez\"},\"url\":\"https:\/\/lafuente.mx\/?author=5\"}]}<\/script>\n<!-- \/ Yoast SEO plugin. -->","yoast_head_json":{"title":"Autoeficacia y bienestar de los j\u00f3venes durante la pandemia de COVID-19 en Indonesia -","description":"Autoeficacia y bienestar de los j\u00f3venes durante la pandemia de COVID-19 en Indonesia","robots":{"index":"index","follow":"follow","max-snippet":"max-snippet:-1","max-image-preview":"max-image-preview:large","max-video-preview":"max-video-preview:-1"},"canonical":"https:\/\/lafuente.mx\/?p=1576","og_locale":"es_MX","og_type":"article","og_title":"Autoeficacia y bienestar de los j\u00f3venes durante la pandemia de COVID-19 en Indonesia","og_description":"Autoeficacia y bienestar de los j\u00f3venes durante la pandemia de COVID-19 en Indonesia","og_url":"https:\/\/lafuente.mx\/?p=1576","article_published_time":"2023-08-09T20:55:49+00:00","article_modified_time":"2023-08-10T15:00:27+00:00","og_image":[{"width":2560,"height":1440,"url":"http:\/\/lafuente.mx\/wp-content\/uploads\/2023\/08\/001-2-edited-scaled.jpg","type":"image\/jpeg"}],"author":"Dar\u00edo Ram\u00edrez","twitter_card":"summary_large_image","twitter_title":"Autoeficacia y bienestar de los j\u00f3venes durante la pandemia de COVID-19 en Indonesia","twitter_description":"Autoeficacia y bienestar de los j\u00f3venes durante la pandemia de COVID-19 en Indonesia","twitter_image":"https:\/\/i0.wp.com\/lafuente.mx\/wp-content\/uploads\/2023\/08\/001-2-edited-scaled.jpg?fit=2560%2C1440&ssl=1","twitter_misc":{"Escrito por":"Dar\u00edo Ram\u00edrez","Tiempo de lectura":"2 minutos"},"schema":{"@context":"https:\/\/schema.org","@graph":[{"@type":"WebSite","@id":"https:\/\/lafuente.mx\/#website","url":"https:\/\/lafuente.mx\/","name":"","description":"Informaci\u00f3n confiable sobre salud mental","potentialAction":[{"@type":"SearchAction","target":{"@type":"EntryPoint","urlTemplate":"https:\/\/lafuente.mx\/?s={search_term_string}"},"query-input":"required name=search_term_string"}],"inLanguage":"es-MX"},{"@type":"WebPage","@id":"https:\/\/lafuente.mx\/?p=1576","url":"https:\/\/lafuente.mx\/?p=1576","name":"Autoeficacia y bienestar de los j\u00f3venes durante la pandemia de COVID-19 en Indonesia -","isPartOf":{"@id":"https:\/\/lafuente.mx\/#website"},"datePublished":"2023-08-09T20:55:49+00:00","dateModified":"2023-08-10T15:00:27+00:00","author":{"@id":"https:\/\/lafuente.mx\/#\/schema\/person\/b9cc1ac3941245ec61c80638a92abfb6"},"description":"Autoeficacia y bienestar de los j\u00f3venes durante la pandemia de COVID-19 en Indonesia","breadcrumb":{"@id":"https:\/\/lafuente.mx\/?p=1576#breadcrumb"},"inLanguage":"es-MX","potentialAction":[{"@type":"ReadAction","target":["https:\/\/lafuente.mx\/?p=1576"]}]},{"@type":"BreadcrumbList","@id":"https:\/\/lafuente.mx\/?p=1576#breadcrumb","itemListElement":[{"@type":"ListItem","position":1,"name":"Inicio","item":"https:\/\/lafuente.mx\/"},{"@type":"ListItem","position":2,"name":"Autoeficacia y bienestar de los j\u00f3venes durante la pandemia de COVID-19 en Indonesia"}]},{"@type":"Person","@id":"https:\/\/lafuente.mx\/#\/schema\/person\/b9cc1ac3941245ec61c80638a92abfb6","name":"Dar\u00edo Ram\u00edrez","image":{"@type":"ImageObject","inLanguage":"es-MX","@id":"https:\/\/lafuente.mx\/#\/schema\/person\/image\/","url":"https:\/\/secure.gravatar.com\/avatar\/bd5441528d8085d08a897e5789079259?s=96&d=mm&r=g","contentUrl":"https:\/\/secure.gravatar.com\/avatar\/bd5441528d8085d08a897e5789079259?s=96&d=mm&r=g","caption":"Dar\u00edo Ram\u00edrez"},"url":"https:\/\/lafuente.mx\/?author=5"}]}},"jetpack_featured_media_url":"https:\/\/i0.wp.com\/lafuente.mx\/wp-content\/uploads\/2023\/08\/001-2-edited-scaled.jpg?fit=2560%2C1440&ssl=1","jetpack-related-posts":[{"id":974,"url":"https:\/\/lafuente.mx\/?p=974","url_meta":{"origin":1576,"position":0},"title":"\u00bfQU\u00c9 PASA SI TE PASAS?","date":"marzo 27, 2023","format":false,"excerpt":"Aumenta la percepci\u00f3n de riesgo por usar alcohol, tabaco o drogas.\u00a0 Red Internacional de Salud Mental y Apoyo Psicosocial. La pandemia de COVID-19, a pesar de ser una crisis de salud f\u00edsica, tambi\u00e9n est\u00e1 impactando en la salud mental de las personas. Es innegable el esfuerzo que se vienen realizando\u2026","rel":"","context":"En &quot;Informaci\u00f3n de inter\u00e9s&quot;","img":{"alt_text":"","src":"https:\/\/i0.wp.com\/lafuente.mx\/wp-content\/uploads\/2023\/03\/Captura-de-Pantalla-2023-03-23-a-las-11.40.21.png?fit=932%2C670&ssl=1&resize=350%2C200","width":350,"height":200},"classes":[]},{"id":1480,"url":"https:\/\/lafuente.mx\/?p=1480","url_meta":{"origin":1576,"position":1},"title":"Autoridades presentan Plan Sectorial de Salud Mental y Adicciones 2023\u20132024","date":"julio 18, 2023","format":false,"excerpt":"Con enfoque comunitario permite a personas acceder a servicios de forma universal y gratuita: Jorge Alcocer Varela\u00a0 Secretar\u00eda de Salud | 04 de julio de 2023 | Nacional\u00a0 Por primera vez en la historia de M\u00e9xico, el cuidado de la salud mental es una prioridad para el gobierno:Juan Manuel Quijada\u2026","rel":"","context":"En &quot;Noticias&quot;","img":{"alt_text":"","src":"https:\/\/i0.wp.com\/lafuente.mx\/wp-content\/uploads\/2023\/07\/image.png?fit=650%2C380&ssl=1&resize=350%2C200","width":350,"height":200},"classes":[]},{"id":548,"url":"https:\/\/lafuente.mx\/?p=548","url_meta":{"origin":1576,"position":2},"title":"Meta preocupaci\u00f3n, ansiedad y depresi\u00f3n en la pandemia del coronavirus 2019 (COVID-19): Brasil, junio de 2020","date":"noviembre 10, 2022","format":false,"excerpt":"Luana CristinaSilva-Santos,1 Ma\u00edsa Carvalho Silva,2 Andr\u00e9 Faro\u00a0 1 Post-Graduate Program in Psychology, Federal University of Sergipe, Psychology Department, University Center Est\u00e1cio of Sergipe, Sergipe, Brazil.\u00a0 2 Psychology Department, Federal University of Sergipe, Sergipe, Brazil.\u00a0 3 Post-Graduate Program in Psychology and Psychology Department, Federal University of Sergipe, Sergipe, Brazil.\u00a0 Introducci\u00f3n. Las\u2026","rel":"","context":"En &quot;Revista Salud Mental&quot;","img":{"alt_text":"","src":"https:\/\/i0.wp.com\/lafuente.mx\/wp-content\/uploads\/2022\/11\/DSC_0292-scaled-e1668114278872.jpg?fit=700%2C465&ssl=1&resize=350%2C200","width":350,"height":200},"classes":[]},{"id":1691,"url":"https:\/\/lafuente.mx\/?p=1691","url_meta":{"origin":1576,"position":3},"title":"Cuadernillo b\u00e1sico para la prevenci\u00f3n del suicidio\u00a0","date":"septiembre 10, 2023","format":false,"excerpt":"El presente cuadernillo tiene como prop\u00f3sito ofrecer conocimientos y habilidades b\u00e1sicos para la prevenci\u00f3n del suicidio en la poblaci\u00f3n general. Si bien es fundamental reconocer que el suicidio, como problema de salud p\u00fablica, requiere la intervenci\u00f3n de profesionales de la salud mental a trav\u00e9s de un enfoque cl\u00ednico-terap\u00e9utico, la participaci\u00f3n\u2026","rel":"","context":"En &quot;Publicaciones&quot;","img":{"alt_text":"","src":"https:\/\/i0.wp.com\/lafuente.mx\/wp-content\/uploads\/2023\/09\/Captura-de-Pantalla-2023-09-08-a-las-14.33.59.png?fit=936%2C1200&ssl=1&resize=350%2C200","width":350,"height":200},"classes":[]},{"id":3614,"url":"https:\/\/lafuente.mx\/?p=3614","url_meta":{"origin":1576,"position":4},"title":"Evaluaci\u00f3n de la salud del sue\u00f1o y la actividad f\u00edsica en adultos j\u00f3venes durante la pandemia\u00a0","date":"marzo 25, 2026","format":false,"excerpt":"\u00dclk\u00fc\u00a0Sayg\u0131l\u0131\u00a0D\u00fczova,1, Hatice\u00a0Serap\u00a0Ko\u00e7ak,2, Emine\u00a0Kaplan Serin,3, Sevim\u00a0S\u00fceda\u00a0Aladag\u00a0\u0306,4, Buket\u00a0Bostan4\u00a0 Assist. Prof., PhD., RN;\u00a0Sel\u00e7uk\u00a0University,\u00a0Faculty\u00a0of\u00a0Nursing,\u00a0Department\u00a0of\u00a0Internal\u00a0Medicine\u00a0Nursing, Konya,\u00a0Turkey.\u00a0 Assoc. Prof., PhD., RN; Gaziantep\u00a0University,\u00a0Faculty\u00a0of\u00a0Health\u00a0Sciences,\u00a0Department\u00a0of\u00a0Public\u00a0Health\u00a0Nursing, Gaziantep,\u00a0Turkey.\u00a0 Assoc. Prof., PhD., RN; Mersin\u00a0University,\u00a0Faculty\u00a0of\u00a0Nursing,\u00a0Department\u00a0of\u00a0Internal\u00a0Medicine\u00a0Nursing, Mersin,\u00a0Turkey.\u00a0 Sel\u00e7uk\u00a0University,\u00a0Vocational\u00a0School\u00a0of\u00a0Health\u00a0Services,\u00a0Department\u00a0of\u00a0Healthcare\u00a0Services, Konya,\u00a0Turkey\u00a0 Imagen creada con IA Introducci\u00f3n.\u00a0 Las restricciones, las medidas de aislamiento social, el aumento del estr\u00e9s y los cambios en las rutinas diarias durante la\u2026","rel":"","context":"En &quot;Revista Salud Mental&quot;","img":{"alt_text":"","src":"https:\/\/i0.wp.com\/lafuente.mx\/wp-content\/uploads\/2026\/03\/ChatGPT-Image-25-mar-2026-10_19_46-a.m.png?fit=1200%2C800&ssl=1&resize=350%2C200","width":350,"height":200},"classes":[]},{"id":976,"url":"https:\/\/lafuente.mx\/?p=976","url_meta":{"origin":1576,"position":5},"title":"Asociaci\u00f3n de soledad, aislamiento social y funci\u00f3n cognitiva cotidiana en adultos mayores mexicanos que viven en comunidad durante la primera ola de la pandemia de COVID-19\u00a0","date":"marzo 23, 2023","format":false,"excerpt":"Dafne Estefania Dur\u00f3n-Reyes,1 Alberto Jos\u00e9Mimenza-Alvarado,1,2 Lidia Guti\u00e9rrez-Guti\u00e9rrez, 3 Mar\u00eda Jos\u00e9 Suing-Ortega,1Yakeel T.Quiroz,4 Sara Gloria Aguilar-Navarro,1,2\u00a0 1 Departamento de Geriatr\u00eda, Geriatr\u00eda Neurol\u00f3gica, Instituto Nacional de Ciencias M\u00e9dicas y Nutrici\u00f3n Salvador Zubir\u00e1n, Ciudad de M\u00e9xico, M\u00e9xico.\u00a0 2 Departamento de Geriatr\u00eda, Instituto de Ciencias M\u00e9dicas y Nutrici\u00f3n Salvador Zubir\u00e1n, Ciudad de M\u00e9xico, M\u00e9xico.\u00a0\u2026","rel":"","context":"En &quot;Revista Salud Mental&quot;","img":{"alt_text":"","src":"https:\/\/i0.wp.com\/lafuente.mx\/wp-content\/uploads\/2023\/03\/Viejita-scaled.jpeg?fit=1200%2C690&ssl=1&resize=350%2C200","width":350,"height":200},"classes":[]}],"jetpack_sharing_enabled":true,"jetpack_shortlink":"https:\/\/wp.me\/pe9WUx-pq","_links":{"self":[{"href":"https:\/\/lafuente.mx\/index.php?rest_route=\/wp\/v2\/posts\/1576"}],"collection":[{"href":"https:\/\/lafuente.mx\/index.php?rest_route=\/wp\/v2\/posts"}],"about":[{"href":"https:\/\/lafuente.mx\/index.php?rest_route=\/wp\/v2\/types\/post"}],"author":[{"embeddable":true,"href":"https:\/\/lafuente.mx\/index.php?rest_route=\/wp\/v2\/users\/5"}],"replies":[{"embeddable":true,"href":"https:\/\/lafuente.mx\/index.php?rest_route=%2Fwp%2Fv2%2Fcomments&post=1576"}],"version-history":[{"count":5,"href":"https:\/\/lafuente.mx\/index.php?rest_route=\/wp\/v2\/posts\/1576\/revisions"}],"predecessor-version":[{"id":1591,"href":"https:\/\/lafuente.mx\/index.php?rest_route=\/wp\/v2\/posts\/1576\/revisions\/1591"}],"wp:featuredmedia":[{"embeddable":true,"href":"https:\/\/lafuente.mx\/index.php?rest_route=\/wp\/v2\/media\/1589"}],"wp:attachment":[{"href":"https:\/\/lafuente.mx\/index.php?rest_route=%2Fwp%2Fv2%2Fmedia&parent=1576"}],"wp:term":[{"taxonomy":"category","embeddable":true,"href":"https:\/\/lafuente.mx\/index.php?rest_route=%2Fwp%2Fv2%2Fcategories&post=1576"},{"taxonomy":"post_tag","embeddable":true,"href":"https:\/\/lafuente.mx\/index.php?rest_route=%2Fwp%2Fv2%2Ftags&post=1576"}],"curies":[{"name":"wp","href":"https:\/\/api.w.org\/{rel}","templated":true}]}}