{"id":1560,"date":"2023-08-03T08:10:00","date_gmt":"2023-08-03T08:10:00","guid":{"rendered":"https:\/\/lafuente.mx\/?p=1560"},"modified":"2023-08-11T17:48:11","modified_gmt":"2023-08-11T17:48:11","slug":"borrador-automatico-2","status":"publish","type":"post","link":"https:\/\/lafuente.mx\/?p=1560","title":{"rendered":"Intervenci\u00f3n en crisis en el \u00e1mbito escolar"},"content":{"rendered":"\n<figure class=\"wp-block-image size-large\"><img decoding=\"async\" loading=\"lazy\" width=\"640\" height=\"543\" src=\"https:\/\/i0.wp.com\/lafuente.mx\/wp-content\/uploads\/2023\/07\/mentalizarte-1024x869.jpeg?resize=640%2C543&#038;ssl=1\" alt=\"\" class=\"wp-image-1562\" srcset=\"https:\/\/i0.wp.com\/lafuente.mx\/wp-content\/uploads\/2023\/07\/mentalizarte.jpeg?resize=1024%2C869&amp;ssl=1 1024w, https:\/\/i0.wp.com\/lafuente.mx\/wp-content\/uploads\/2023\/07\/mentalizarte.jpeg?resize=300%2C254&amp;ssl=1 300w, https:\/\/i0.wp.com\/lafuente.mx\/wp-content\/uploads\/2023\/07\/mentalizarte.jpeg?resize=768%2C651&amp;ssl=1 768w, https:\/\/i0.wp.com\/lafuente.mx\/wp-content\/uploads\/2023\/07\/mentalizarte.jpeg?w=1107&amp;ssl=1 1107w\" sizes=\"(max-width: 640px) 100vw, 640px\" data-recalc-dims=\"1\" \/><figcaption>Imagen INPRFM<\/figcaption><\/figure>\n\n\n\n<p class=\"has-text-align-center has-text-color has-larger-font-size\" style=\"color:#b83dca\"><strong>CONFERENCIA<\/strong><\/p>\n\n\n\n<p class=\"has-text-align-center\" style=\"font-size:45px\"><strong>10 de agosto<\/strong><\/p>\n\n\n\n<p class=\"has-text-align-center\" style=\"font-size:45px\"><strong>12:00 horas<\/strong><\/p>\n\n\n\n<hr class=\"wp-block-separator has-alpha-channel-opacity\"\/>\n\n\n\n<p class=\"has-text-align-center has-medium-font-size\"><strong>Hablemos de salud mental<\/strong><\/p>\n\n\n\n<p class=\"has-text-align-center has-medium-font-size\">10 DE CADA MES<\/p>\n\n\n\n<hr class=\"wp-block-separator has-alpha-channel-opacity\"\/>\n\n\n\n<p class=\"has-text-color has-medium-font-size\" style=\"color:#9433ac\"><strong>Ponentes:<\/strong><\/p>\n\n\n\n<p class=\"has-text-color has-medium-font-size\" style=\"color:#9433ac\">Emmanuel Sarmiento Hern\u00e1ndez<br>Alejandro Molina L\u00f3pez<\/p>\n","protected":false},"excerpt":{"rendered":"<p>CONFERENCIA 10 de agosto 12:00 horas Hablemos de salud mental 10 DE CADA MES Ponentes: Emmanuel Sarmiento Hern\u00e1ndezAlejandro Molina L\u00f3pez<\/p>\n","protected":false},"author":3,"featured_media":1562,"comment_status":"closed","ping_status":"open","sticky":false,"template":"","format":"standard","meta":{"footnotes":"","jetpack_publicize_message":"","jetpack_is_tweetstorm":false,"jetpack_publicize_feature_enabled":true},"categories":[8],"tags":[384,77,21,383,75,32],"jetpack_publicize_connections":[],"yoast_head":"<!-- This site is optimized with the Yoast SEO plugin v19.4 - https:\/\/yoast.com\/wordpress\/plugins\/seo\/ -->\n<title>Intervenci\u00f3n en crisis en el \u00e1mbito escolar -<\/title>\n<meta name=\"description\" content=\"Hablemos de salud mental 10 DE CADA MES\" \/>\n<meta name=\"robots\" content=\"index, follow, max-snippet:-1, max-image-preview:large, max-video-preview:-1\" \/>\n<link rel=\"canonical\" href=\"https:\/\/lafuente.mx\/?p=1560\" \/>\n<meta property=\"og:locale\" content=\"es_MX\" \/>\n<meta property=\"og:type\" content=\"article\" \/>\n<meta property=\"og:title\" content=\"Intervenci\u00f3n en crisis en el \u00e1mbito escolar\" \/>\n<meta property=\"og:description\" content=\"Hablemos de salud mental 10 DE CADA MES\" \/>\n<meta property=\"og:url\" content=\"https:\/\/lafuente.mx\/?p=1560\" \/>\n<meta property=\"article:published_time\" content=\"2023-08-03T08:10:00+00:00\" \/>\n<meta property=\"article:modified_time\" content=\"2023-08-11T17:48:11+00:00\" \/>\n<meta property=\"og:image\" content=\"http:\/\/lafuente.mx\/wp-content\/uploads\/2023\/07\/mentalizarte.jpeg\" \/>\n\t<meta property=\"og:image:width\" content=\"1107\" \/>\n\t<meta property=\"og:image:height\" content=\"939\" \/>\n\t<meta property=\"og:image:type\" content=\"image\/jpeg\" \/>\n<meta name=\"author\" content=\"Claudia Gallardo\" \/>\n<meta name=\"twitter:card\" content=\"summary_large_image\" \/>\n<meta name=\"twitter:title\" content=\"Intervenci\u00f3n en crisis en el \u00e1mbito escolar\" \/>\n<meta name=\"twitter:description\" content=\"Hablemos de salud mental 10 DE CADA MES\" \/>\n<meta name=\"twitter:image\" content=\"https:\/\/i0.wp.com\/lafuente.mx\/wp-content\/uploads\/2023\/07\/mentalizarte.jpeg?fit=1107%2C939&ssl=1\" \/>\n<meta name=\"twitter:label1\" content=\"Escrito por\" \/>\n\t<meta name=\"twitter:data1\" content=\"Claudia Gallardo\" \/>\n\t<meta name=\"twitter:label2\" content=\"Tiempo de lectura\" \/>\n\t<meta name=\"twitter:data2\" content=\"1 minuto\" \/>\n<script type=\"application\/ld+json\" class=\"yoast-schema-graph\">{\"@context\":\"https:\/\/schema.org\",\"@graph\":[{\"@type\":\"WebSite\",\"@id\":\"https:\/\/lafuente.mx\/#website\",\"url\":\"https:\/\/lafuente.mx\/\",\"name\":\"\",\"description\":\"Informaci\u00f3n confiable sobre salud mental\",\"potentialAction\":[{\"@type\":\"SearchAction\",\"target\":{\"@type\":\"EntryPoint\",\"urlTemplate\":\"https:\/\/lafuente.mx\/?s={search_term_string}\"},\"query-input\":\"required name=search_term_string\"}],\"inLanguage\":\"es-MX\"},{\"@type\":\"WebPage\",\"@id\":\"https:\/\/lafuente.mx\/?p=1560\",\"url\":\"https:\/\/lafuente.mx\/?p=1560\",\"name\":\"Intervenci\u00f3n en crisis en el \u00e1mbito escolar -\",\"isPartOf\":{\"@id\":\"https:\/\/lafuente.mx\/#website\"},\"datePublished\":\"2023-08-03T08:10:00+00:00\",\"dateModified\":\"2023-08-11T17:48:11+00:00\",\"author\":{\"@id\":\"https:\/\/lafuente.mx\/#\/schema\/person\/603f3aa8e2f6f7879021ab722d39d6b0\"},\"description\":\"Hablemos de salud mental 10 DE CADA MES\",\"breadcrumb\":{\"@id\":\"https:\/\/lafuente.mx\/?p=1560#breadcrumb\"},\"inLanguage\":\"es-MX\",\"potentialAction\":[{\"@type\":\"ReadAction\",\"target\":[\"https:\/\/lafuente.mx\/?p=1560\"]}]},{\"@type\":\"BreadcrumbList\",\"@id\":\"https:\/\/lafuente.mx\/?p=1560#breadcrumb\",\"itemListElement\":[{\"@type\":\"ListItem\",\"position\":1,\"name\":\"Inicio\",\"item\":\"https:\/\/lafuente.mx\/\"},{\"@type\":\"ListItem\",\"position\":2,\"name\":\"Intervenci\u00f3n en crisis en el \u00e1mbito escolar\"}]},{\"@type\":\"Person\",\"@id\":\"https:\/\/lafuente.mx\/#\/schema\/person\/603f3aa8e2f6f7879021ab722d39d6b0\",\"name\":\"Claudia Gallardo\",\"image\":{\"@type\":\"ImageObject\",\"inLanguage\":\"es-MX\",\"@id\":\"https:\/\/lafuente.mx\/#\/schema\/person\/image\/\",\"url\":\"https:\/\/secure.gravatar.com\/avatar\/bfe9c966af1ccfb9d17bcdb9d04e8815?s=96&d=mm&r=g\",\"contentUrl\":\"https:\/\/secure.gravatar.com\/avatar\/bfe9c966af1ccfb9d17bcdb9d04e8815?s=96&d=mm&r=g\",\"caption\":\"Claudia Gallardo\"},\"url\":\"https:\/\/lafuente.mx\/?author=3\"}]}<\/script>\n<!-- \/ Yoast SEO plugin. -->","yoast_head_json":{"title":"Intervenci\u00f3n en crisis en el \u00e1mbito escolar -","description":"Hablemos de salud mental 10 DE CADA MES","robots":{"index":"index","follow":"follow","max-snippet":"max-snippet:-1","max-image-preview":"max-image-preview:large","max-video-preview":"max-video-preview:-1"},"canonical":"https:\/\/lafuente.mx\/?p=1560","og_locale":"es_MX","og_type":"article","og_title":"Intervenci\u00f3n en crisis en el \u00e1mbito escolar","og_description":"Hablemos de salud mental 10 DE CADA MES","og_url":"https:\/\/lafuente.mx\/?p=1560","article_published_time":"2023-08-03T08:10:00+00:00","article_modified_time":"2023-08-11T17:48:11+00:00","og_image":[{"width":1107,"height":939,"url":"http:\/\/lafuente.mx\/wp-content\/uploads\/2023\/07\/mentalizarte.jpeg","type":"image\/jpeg"}],"author":"Claudia Gallardo","twitter_card":"summary_large_image","twitter_title":"Intervenci\u00f3n en crisis en el \u00e1mbito escolar","twitter_description":"Hablemos de salud mental 10 DE CADA MES","twitter_image":"https:\/\/i0.wp.com\/lafuente.mx\/wp-content\/uploads\/2023\/07\/mentalizarte.jpeg?fit=1107%2C939&ssl=1","twitter_misc":{"Escrito por":"Claudia Gallardo","Tiempo de lectura":"1 minuto"},"schema":{"@context":"https:\/\/schema.org","@graph":[{"@type":"WebSite","@id":"https:\/\/lafuente.mx\/#website","url":"https:\/\/lafuente.mx\/","name":"","description":"Informaci\u00f3n confiable sobre salud mental","potentialAction":[{"@type":"SearchAction","target":{"@type":"EntryPoint","urlTemplate":"https:\/\/lafuente.mx\/?s={search_term_string}"},"query-input":"required name=search_term_string"}],"inLanguage":"es-MX"},{"@type":"WebPage","@id":"https:\/\/lafuente.mx\/?p=1560","url":"https:\/\/lafuente.mx\/?p=1560","name":"Intervenci\u00f3n en crisis en el \u00e1mbito escolar -","isPartOf":{"@id":"https:\/\/lafuente.mx\/#website"},"datePublished":"2023-08-03T08:10:00+00:00","dateModified":"2023-08-11T17:48:11+00:00","author":{"@id":"https:\/\/lafuente.mx\/#\/schema\/person\/603f3aa8e2f6f7879021ab722d39d6b0"},"description":"Hablemos de salud mental 10 DE CADA MES","breadcrumb":{"@id":"https:\/\/lafuente.mx\/?p=1560#breadcrumb"},"inLanguage":"es-MX","potentialAction":[{"@type":"ReadAction","target":["https:\/\/lafuente.mx\/?p=1560"]}]},{"@type":"BreadcrumbList","@id":"https:\/\/lafuente.mx\/?p=1560#breadcrumb","itemListElement":[{"@type":"ListItem","position":1,"name":"Inicio","item":"https:\/\/lafuente.mx\/"},{"@type":"ListItem","position":2,"name":"Intervenci\u00f3n en crisis en el \u00e1mbito escolar"}]},{"@type":"Person","@id":"https:\/\/lafuente.mx\/#\/schema\/person\/603f3aa8e2f6f7879021ab722d39d6b0","name":"Claudia Gallardo","image":{"@type":"ImageObject","inLanguage":"es-MX","@id":"https:\/\/lafuente.mx\/#\/schema\/person\/image\/","url":"https:\/\/secure.gravatar.com\/avatar\/bfe9c966af1ccfb9d17bcdb9d04e8815?s=96&d=mm&r=g","contentUrl":"https:\/\/secure.gravatar.com\/avatar\/bfe9c966af1ccfb9d17bcdb9d04e8815?s=96&d=mm&r=g","caption":"Claudia Gallardo"},"url":"https:\/\/lafuente.mx\/?author=3"}]}},"jetpack_featured_media_url":"https:\/\/i0.wp.com\/lafuente.mx\/wp-content\/uploads\/2023\/07\/mentalizarte.jpeg?fit=1107%2C939&ssl=1","jetpack-related-posts":[{"id":807,"url":"https:\/\/lafuente.mx\/?p=807","url_meta":{"origin":1560,"position":0},"title":"Convocatoria de Maestr\u00eda y Doctorado en Ciencias de la Salud\u00a0","date":"febrero 9, 2023","format":false,"excerpt":"Foto INPRFM Foto INPRFM Foto INPRFM Campo del Conocimiento: Salud Mental P\u00fablica\u00a0 La salud mental es fundamental en el desarrollo equilibrado de la vida, siendo pieza clave en las relaciones interpersonales, la vida familiar y la integraci\u00f3n social. Este factor es de vital importancia para la inclusi\u00f3n social y la\u2026","rel":"","context":"En &quot;Cursos&quot;","img":{"alt_text":"","src":"https:\/\/i0.wp.com\/lafuente.mx\/wp-content\/uploads\/2023\/02\/DSC_0290-scaled.jpg?fit=1200%2C797&ssl=1&resize=350%2C200","width":350,"height":200},"classes":[]},{"id":1388,"url":"https:\/\/lafuente.mx\/?p=1388","url_meta":{"origin":1560,"position":1},"title":"Insomnio: Intervenciones terap\u00e9uticas para su manejo","date":"julio 7, 2023","format":false,"excerpt":"Inscripciones:\u00a0 10 de julio de 2023\u00a0 Inicio: 17 de julio de 2023\u00a0 Termina: 28 de julio de 2023\u00a0 Los invitamos a estar atentos a la inscripci\u00f3n de nuestros cursos que se abrir\u00e1 una semana previa de su inicio a las 9:00 h en nuestras redes sociales @INPRFM; es importante mencionarles\u2026","rel":"","context":"En &quot;Cursos&quot;","img":{"alt_text":"","src":"https:\/\/i0.wp.com\/lafuente.mx\/wp-content\/uploads\/2023\/06\/4436809.jpg?fit=1200%2C1200&ssl=1&resize=350%2C200","width":350,"height":200},"classes":[]},{"id":974,"url":"https:\/\/lafuente.mx\/?p=974","url_meta":{"origin":1560,"position":2},"title":"\u00bfQU\u00c9 PASA SI TE PASAS?","date":"marzo 27, 2023","format":false,"excerpt":"Aumenta la percepci\u00f3n de riesgo por usar alcohol, tabaco o drogas.\u00a0 Red Internacional de Salud Mental y Apoyo Psicosocial. La pandemia de COVID-19, a pesar de ser una crisis de salud f\u00edsica, tambi\u00e9n est\u00e1 impactando en la salud mental de las personas. Es innegable el esfuerzo que se vienen realizando\u2026","rel":"","context":"En &quot;Informaci\u00f3n de inter\u00e9s&quot;","img":{"alt_text":"","src":"https:\/\/i0.wp.com\/lafuente.mx\/wp-content\/uploads\/2023\/03\/Captura-de-Pantalla-2023-03-23-a-las-11.40.21.png?fit=932%2C670&ssl=1&resize=350%2C200","width":350,"height":200},"classes":[]},{"id":2237,"url":"https:\/\/lafuente.mx\/?p=2237","url_meta":{"origin":1560,"position":3},"title":"Actualizaci\u00f3n en Trastornos Afectivos Bipolares\u00a0","date":"abril 19, 2024","format":false,"excerpt":"Del 29 de abril al 10 de mayo de 2024\u00a0 Coordinadora:\u00a0 Dra. Joanna Jim\u00e9nez Pav\u00f3n\u00a0 Coordinadora adjunta:\u00a0 Dra. Mar\u00eda Constanza Peretto\u00a0 Dirigido a:\u00a0 Personal m\u00e9dico, especialistas en psiquiatr\u00eda y en formaci\u00f3n (residentes de psiquiatr\u00eda)\u00a0 Objetivo general:\u00a0 Revisar las bases neurobiol\u00f3gicas y las caracter\u00edsticas cl\u00ednicas de los trastornos del espectro bipolar\u2026","rel":"","context":"En &quot;Cursos&quot;","img":{"alt_text":"","src":"https:\/\/i0.wp.com\/lafuente.mx\/wp-content\/uploads\/2024\/04\/WhatsApp-Image-2024-04-19-at-1.14.02-PM.jpeg?fit=1024%2C1024&ssl=1&resize=350%2C200","width":350,"height":200},"classes":[]},{"id":1870,"url":"https:\/\/lafuente.mx\/?p=1870","url_meta":{"origin":1560,"position":4},"title":"VIII FORO DE ENFERMEDADES NEUROL\u00d3GICAS Y PSIQUI\u00c1TRICAS \u00a0","date":"noviembre 14, 2023","format":false,"excerpt":"Experiencias de Trabajo Social en el campo de la investigaci\u00f3n e intervenci\u00f3n colaborativa\u00a0 OBJETIVO: Reflexionar en torno a las construcciones te\u00f3ricasmetodol\u00f3gicas del Trabajo Social, y disciplinas afines, con relaci\u00f3n a la pr\u00e1ctica profesional inter y multidisciplinar de investigaci\u00f3n e intervenci\u00f3n en la atenci\u00f3n de las enfermedades neurol\u00f3gicas y los trastornos\u2026","rel":"","context":"En &quot;Eventos externos&quot;","img":{"alt_text":"","src":"https:\/\/i0.wp.com\/lafuente.mx\/wp-content\/uploads\/2023\/11\/Captura-de-Pantalla-2023-11-14-a-las-9.41.38.png?fit=1186%2C750&ssl=1&resize=350%2C200","width":350,"height":200},"classes":[]},{"id":2405,"url":"https:\/\/lafuente.mx\/?p=2405","url_meta":{"origin":1560,"position":5},"title":"Insomnio: intervenciones terap\u00e9uticas para su manejo","date":"junio 28, 2024","format":false,"excerpt":"CURSO EN L\u00cdNEA Inicio: 8 de julio \u00a0 Cierre: 19 de julio \u00a0 Dirigido a: Profesionales de la salud interesados en el abordaje terap\u00e9utico del insomnio \u00a0 Objetivo: Dirigir intervenciones terap\u00e9uticas, sea psicol\u00f3gicas o farmacol\u00f3gicas; mediante la detecci\u00f3n y diagn\u00f3stico del insomnio; basadas en la planeaci\u00f3n, aplicaci\u00f3n y vigilancia correspondiente\u2026","rel":"","context":"En &quot;Cursos en l\u00ednea&quot;","img":{"alt_text":"","src":"https:\/\/i0.wp.com\/lafuente.mx\/wp-content\/uploads\/2024\/06\/f800x450-714498_765944_4833.jpg?fit=800%2C450&ssl=1&resize=350%2C200","width":350,"height":200},"classes":[]}],"jetpack_sharing_enabled":true,"jetpack_shortlink":"https:\/\/wp.me\/pe9WUx-pa","_links":{"self":[{"href":"https:\/\/lafuente.mx\/index.php?rest_route=\/wp\/v2\/posts\/1560"}],"collection":[{"href":"https:\/\/lafuente.mx\/index.php?rest_route=\/wp\/v2\/posts"}],"about":[{"href":"https:\/\/lafuente.mx\/index.php?rest_route=\/wp\/v2\/types\/post"}],"author":[{"embeddable":true,"href":"https:\/\/lafuente.mx\/index.php?rest_route=\/wp\/v2\/users\/3"}],"replies":[{"embeddable":true,"href":"https:\/\/lafuente.mx\/index.php?rest_route=%2Fwp%2Fv2%2Fcomments&post=1560"}],"version-history":[{"count":1,"href":"https:\/\/lafuente.mx\/index.php?rest_route=\/wp\/v2\/posts\/1560\/revisions"}],"predecessor-version":[{"id":1563,"href":"https:\/\/lafuente.mx\/index.php?rest_route=\/wp\/v2\/posts\/1560\/revisions\/1563"}],"wp:featuredmedia":[{"embeddable":true,"href":"https:\/\/lafuente.mx\/index.php?rest_route=\/wp\/v2\/media\/1562"}],"wp:attachment":[{"href":"https:\/\/lafuente.mx\/index.php?rest_route=%2Fwp%2Fv2%2Fmedia&parent=1560"}],"wp:term":[{"taxonomy":"category","embeddable":true,"href":"https:\/\/lafuente.mx\/index.php?rest_route=%2Fwp%2Fv2%2Fcategories&post=1560"},{"taxonomy":"post_tag","embeddable":true,"href":"https:\/\/lafuente.mx\/index.php?rest_route=%2Fwp%2Fv2%2Ftags&post=1560"}],"curies":[{"name":"wp","href":"https:\/\/api.w.org\/{rel}","templated":true}]}}