{"id":1541,"date":"2023-07-28T08:05:00","date_gmt":"2023-07-28T08:05:00","guid":{"rendered":"https:\/\/lafuente.mx\/?p=1541"},"modified":"2023-07-27T18:30:41","modified_gmt":"2023-07-27T18:30:41","slug":"borrador-automatico-la-conamed-se-reune-con-directivos-del-instituto-nacional-de-psiquiatria-ramon-de-la-fuente-muniz","status":"publish","type":"post","link":"https:\/\/lafuente.mx\/?p=1541","title":{"rendered":"La CONAMED se re\u00fane con directivos del Instituto Nacional de Psiquiatr\u00eda Ram\u00f3n de la Fuente Mu\u00f1iz"},"content":{"rendered":"\n<hr class=\"wp-block-separator has-text-color has-vivid-cyan-blue-color has-alpha-channel-opacity has-vivid-cyan-blue-background-color has-background\"\/>\n\n\n\n<p class=\"has-text-align-center has-vivid-cyan-blue-color has-text-color has-large-font-size\"><strong>El objetivo de la reuni\u00f3n es privilegiar la atenci\u00f3n m\u00e9dica&nbsp;<\/strong><\/p>\n\n\n\n<p class=\"has-text-align-center\"><strong>Comisi\u00f3n Nacional de Arbitraje M\u00e9dico | 25 de julio de 2023&nbsp;<\/strong><\/p>\n\n\n\n<hr class=\"wp-block-separator has-text-color has-vivid-cyan-blue-color has-alpha-channel-opacity has-vivid-cyan-blue-background-color has-background\"\/>\n\n\n\n<p class=\"has-text-color\" style=\"color:#2e434f\">Directivos de la CONAMED y del Instituto Nacional de Psiquiatr\u00eda Ram\u00f3n de la Fuente Mu\u00f1iz se re\u00fanen este 25 de julio para establecer la colaboraci\u00f3n entre ambas instituciones, buscando favorecer la calidad de la atenci\u00f3n en los pacientes que requieren de los servicios de Psiquiatr\u00eda.\u00a0<\/p>\n\n\n\n<figure class=\"wp-block-image size-large\"><img decoding=\"async\" loading=\"lazy\" width=\"640\" height=\"425\" src=\"https:\/\/i0.wp.com\/lafuente.mx\/wp-content\/uploads\/2023\/07\/DSC_0028-1-1024x680.jpg?resize=640%2C425&#038;ssl=1\" alt=\"\" class=\"wp-image-1547\" srcset=\"https:\/\/i0.wp.com\/lafuente.mx\/wp-content\/uploads\/2023\/07\/DSC_0028-1-scaled.jpg?resize=1024%2C680&amp;ssl=1 1024w, https:\/\/i0.wp.com\/lafuente.mx\/wp-content\/uploads\/2023\/07\/DSC_0028-1-scaled.jpg?resize=300%2C199&amp;ssl=1 300w, https:\/\/i0.wp.com\/lafuente.mx\/wp-content\/uploads\/2023\/07\/DSC_0028-1-scaled.jpg?resize=768%2C510&amp;ssl=1 768w, https:\/\/i0.wp.com\/lafuente.mx\/wp-content\/uploads\/2023\/07\/DSC_0028-1-scaled.jpg?resize=1536%2C1020&amp;ssl=1 1536w, https:\/\/i0.wp.com\/lafuente.mx\/wp-content\/uploads\/2023\/07\/DSC_0028-1-scaled.jpg?resize=2048%2C1360&amp;ssl=1 2048w, https:\/\/i0.wp.com\/lafuente.mx\/wp-content\/uploads\/2023\/07\/DSC_0028-1-scaled.jpg?w=1280 1280w, https:\/\/i0.wp.com\/lafuente.mx\/wp-content\/uploads\/2023\/07\/DSC_0028-1-scaled.jpg?w=1920 1920w\" sizes=\"(max-width: 640px) 100vw, 640px\" data-recalc-dims=\"1\" \/><figcaption>Imagen INPRFM<\/figcaption><\/figure>\n\n\n\n<p class=\"has-text-color\" style=\"color:#2e434f\">Los directivos de la CONAMED reconocieron la labor del Instituto ya que de 2018 a 2022 solo se han recibido 2 quejas, invitando a continuar con la labor y sobre todo contar con el apoyo para sumarse a la red de atenci\u00f3n m\u00e9dica en beneficio de los usuarios de los servicios m\u00e9dicos.&nbsp;&nbsp;<\/p>\n\n\n\n<p class=\"has-text-color\" style=\"color:#2e434f\">El Dr. Eduardo \u00c1ngel Madrigal de Le\u00f3n, Director General del Instituto Nacional de Psiquiatr\u00eda Ram\u00f3n de la Fuente Mu\u00f1iz y su equipo de trabajo externaron sus dudas en cuanto a los procesos que realiza la CONAMED, permitiendo un di\u00e1logo para aclarar y reforzar el trabajo que se realiza de manera institucional.&nbsp;<\/p>\n\n\n\n<hr class=\"wp-block-separator has-text-color has-vivid-cyan-blue-color has-alpha-channel-opacity has-vivid-cyan-blue-background-color has-background is-style-wide\"\/>\n\n\n\n<div class=\"wp-block-buttons is-layout-flex wp-block-buttons-is-layout-flex\">\n<div class=\"wp-block-button\"><a class=\"wp-block-button__link has-vivid-cyan-blue-background-color has-background\" href=\"https:\/\/www.gob.mx\/conamed\/prensa\/la-conamed-se-reune-con-directivos-del-instituto-nacional-de-psiquiatria-ramon-de-la-fuente-muniz?fbclid=IwAR0hm3ANf0ZAi1ORmpaRo8V-6Y1wToX504Rdtj0HomQSlBc0aD-Fj96EIds\" target=\"_blank\" rel=\"noreferrer noopener\">M\u00e1s informaci\u00f3n<\/a><\/div>\n<\/div>\n\n\n\n<p><\/p>\n","protected":false},"excerpt":{"rendered":"<p>El objetivo de la reuni\u00f3n es privilegiar la atenci\u00f3n m\u00e9dica&nbsp; Comisi\u00f3n Nacional de Arbitraje M\u00e9dico | 25 de julio de 2023&nbsp; Directivos de la CONAMED<\/p>\n","protected":false},"author":3,"featured_media":1542,"comment_status":"closed","ping_status":"closed","sticky":false,"template":"","format":"standard","meta":{"footnotes":"","jetpack_publicize_message":"","jetpack_is_tweetstorm":false,"jetpack_publicize_feature_enabled":true},"categories":[3],"tags":[377,375,21,378,40,32,376],"jetpack_publicize_connections":[],"yoast_head":"<!-- This site is optimized with the Yoast SEO plugin v19.4 - https:\/\/yoast.com\/wordpress\/plugins\/seo\/ -->\n<title>La CONAMED se re\u00fane con directivos del Instituto Nacional de Psiquiatr\u00eda Ram\u00f3n de la Fuente Mu\u00f1iz -<\/title>\n<meta name=\"description\" content=\"La CONAMED se re\u00fane con directivos del Instituto Nacional de Psiquiatr\u00eda Ram\u00f3n de la Fuente Mu\u00f1iz El objetivo de la reuni\u00f3n es privilegiar la atenci\u00f3n m\u00e9dica\u00a0\" \/>\n<meta name=\"robots\" content=\"index, follow, max-snippet:-1, max-image-preview:large, max-video-preview:-1\" \/>\n<link rel=\"canonical\" href=\"https:\/\/lafuente.mx\/?p=1541\" \/>\n<meta property=\"og:locale\" content=\"es_MX\" \/>\n<meta property=\"og:type\" content=\"article\" \/>\n<meta property=\"og:title\" content=\"La CONAMED se re\u00fane con directivos del Instituto Nacional de Psiquiatr\u00eda Ram\u00f3n de la Fuente Mu\u00f1iz\" \/>\n<meta property=\"og:description\" content=\"El objetivo de la reuni\u00f3n es privilegiar la atenci\u00f3n m\u00e9dica\u00a0\" \/>\n<meta property=\"og:url\" content=\"https:\/\/lafuente.mx\/?p=1541\" \/>\n<meta property=\"article:published_time\" content=\"2023-07-28T08:05:00+00:00\" \/>\n<meta property=\"article:modified_time\" content=\"2023-07-27T18:30:41+00:00\" \/>\n<meta property=\"og:image\" content=\"https:\/\/i0.wp.com\/lafuente.mx\/wp-content\/uploads\/2023\/07\/DSC_0027-scaled.jpg?fit=2560%2C1700&ssl=1\" \/>\n\t<meta property=\"og:image:width\" content=\"2560\" \/>\n\t<meta property=\"og:image:height\" content=\"1700\" \/>\n\t<meta property=\"og:image:type\" content=\"image\/jpeg\" \/>\n<meta name=\"author\" content=\"Claudia Gallardo\" \/>\n<meta name=\"twitter:card\" content=\"summary_large_image\" \/>\n<meta name=\"twitter:title\" content=\"La CONAMED se re\u00fane con directivos del Instituto Nacional de Psiquiatr\u00eda Ram\u00f3n de la Fuente Mu\u00f1iz\" \/>\n<meta name=\"twitter:description\" content=\"El objetivo de la reuni\u00f3n es privilegiar la atenci\u00f3n m\u00e9dica\u00a0\" \/>\n<meta name=\"twitter:image\" content=\"https:\/\/i0.wp.com\/lafuente.mx\/wp-content\/uploads\/2023\/07\/DSC_0027-scaled.jpg?fit=2560%2C1700&ssl=1\" \/>\n<meta name=\"twitter:label1\" content=\"Escrito por\" \/>\n\t<meta name=\"twitter:data1\" content=\"Claudia Gallardo\" \/>\n\t<meta name=\"twitter:label2\" content=\"Tiempo de lectura\" \/>\n\t<meta name=\"twitter:data2\" content=\"1 minuto\" \/>\n<script type=\"application\/ld+json\" class=\"yoast-schema-graph\">{\"@context\":\"https:\/\/schema.org\",\"@graph\":[{\"@type\":\"WebSite\",\"@id\":\"https:\/\/lafuente.mx\/#website\",\"url\":\"https:\/\/lafuente.mx\/\",\"name\":\"\",\"description\":\"Informaci\u00f3n confiable sobre salud mental\",\"potentialAction\":[{\"@type\":\"SearchAction\",\"target\":{\"@type\":\"EntryPoint\",\"urlTemplate\":\"https:\/\/lafuente.mx\/?s={search_term_string}\"},\"query-input\":\"required name=search_term_string\"}],\"inLanguage\":\"es-MX\"},{\"@type\":\"WebPage\",\"@id\":\"https:\/\/lafuente.mx\/?p=1541\",\"url\":\"https:\/\/lafuente.mx\/?p=1541\",\"name\":\"La CONAMED se re\u00fane con directivos del Instituto Nacional de Psiquiatr\u00eda Ram\u00f3n de la Fuente Mu\u00f1iz -\",\"isPartOf\":{\"@id\":\"https:\/\/lafuente.mx\/#website\"},\"datePublished\":\"2023-07-28T08:05:00+00:00\",\"dateModified\":\"2023-07-27T18:30:41+00:00\",\"author\":{\"@id\":\"https:\/\/lafuente.mx\/#\/schema\/person\/603f3aa8e2f6f7879021ab722d39d6b0\"},\"description\":\"La CONAMED se re\u00fane con directivos del Instituto Nacional de Psiquiatr\u00eda Ram\u00f3n de la Fuente Mu\u00f1iz El objetivo de la reuni\u00f3n es privilegiar la atenci\u00f3n m\u00e9dica\u00a0\",\"breadcrumb\":{\"@id\":\"https:\/\/lafuente.mx\/?p=1541#breadcrumb\"},\"inLanguage\":\"es-MX\",\"potentialAction\":[{\"@type\":\"ReadAction\",\"target\":[\"https:\/\/lafuente.mx\/?p=1541\"]}]},{\"@type\":\"BreadcrumbList\",\"@id\":\"https:\/\/lafuente.mx\/?p=1541#breadcrumb\",\"itemListElement\":[{\"@type\":\"ListItem\",\"position\":1,\"name\":\"Inicio\",\"item\":\"https:\/\/lafuente.mx\/\"},{\"@type\":\"ListItem\",\"position\":2,\"name\":\"La CONAMED se re\u00fane con directivos del Instituto Nacional de Psiquiatr\u00eda Ram\u00f3n de la Fuente Mu\u00f1iz\"}]},{\"@type\":\"Person\",\"@id\":\"https:\/\/lafuente.mx\/#\/schema\/person\/603f3aa8e2f6f7879021ab722d39d6b0\",\"name\":\"Claudia Gallardo\",\"image\":{\"@type\":\"ImageObject\",\"inLanguage\":\"es-MX\",\"@id\":\"https:\/\/lafuente.mx\/#\/schema\/person\/image\/\",\"url\":\"https:\/\/secure.gravatar.com\/avatar\/bfe9c966af1ccfb9d17bcdb9d04e8815?s=96&d=mm&r=g\",\"contentUrl\":\"https:\/\/secure.gravatar.com\/avatar\/bfe9c966af1ccfb9d17bcdb9d04e8815?s=96&d=mm&r=g\",\"caption\":\"Claudia Gallardo\"},\"url\":\"https:\/\/lafuente.mx\/?author=3\"}]}<\/script>\n<!-- \/ Yoast SEO plugin. -->","yoast_head_json":{"title":"La CONAMED se re\u00fane con directivos del Instituto Nacional de Psiquiatr\u00eda Ram\u00f3n de la Fuente Mu\u00f1iz -","description":"La CONAMED se re\u00fane con directivos del Instituto Nacional de Psiquiatr\u00eda Ram\u00f3n de la Fuente Mu\u00f1iz El objetivo de la reuni\u00f3n es privilegiar la atenci\u00f3n m\u00e9dica\u00a0","robots":{"index":"index","follow":"follow","max-snippet":"max-snippet:-1","max-image-preview":"max-image-preview:large","max-video-preview":"max-video-preview:-1"},"canonical":"https:\/\/lafuente.mx\/?p=1541","og_locale":"es_MX","og_type":"article","og_title":"La CONAMED se re\u00fane con directivos del Instituto Nacional de Psiquiatr\u00eda Ram\u00f3n de la Fuente Mu\u00f1iz","og_description":"El objetivo de la reuni\u00f3n es privilegiar la atenci\u00f3n m\u00e9dica\u00a0","og_url":"https:\/\/lafuente.mx\/?p=1541","article_published_time":"2023-07-28T08:05:00+00:00","article_modified_time":"2023-07-27T18:30:41+00:00","og_image":[{"width":2560,"height":1700,"url":"https:\/\/i0.wp.com\/lafuente.mx\/wp-content\/uploads\/2023\/07\/DSC_0027-scaled.jpg?fit=2560%2C1700&ssl=1","type":"image\/jpeg"}],"author":"Claudia Gallardo","twitter_card":"summary_large_image","twitter_title":"La CONAMED se re\u00fane con directivos del Instituto Nacional de Psiquiatr\u00eda Ram\u00f3n de la Fuente Mu\u00f1iz","twitter_description":"El objetivo de la reuni\u00f3n es privilegiar la atenci\u00f3n m\u00e9dica\u00a0","twitter_image":"https:\/\/i0.wp.com\/lafuente.mx\/wp-content\/uploads\/2023\/07\/DSC_0027-scaled.jpg?fit=2560%2C1700&ssl=1","twitter_misc":{"Escrito por":"Claudia Gallardo","Tiempo de lectura":"1 minuto"},"schema":{"@context":"https:\/\/schema.org","@graph":[{"@type":"WebSite","@id":"https:\/\/lafuente.mx\/#website","url":"https:\/\/lafuente.mx\/","name":"","description":"Informaci\u00f3n confiable sobre salud mental","potentialAction":[{"@type":"SearchAction","target":{"@type":"EntryPoint","urlTemplate":"https:\/\/lafuente.mx\/?s={search_term_string}"},"query-input":"required name=search_term_string"}],"inLanguage":"es-MX"},{"@type":"WebPage","@id":"https:\/\/lafuente.mx\/?p=1541","url":"https:\/\/lafuente.mx\/?p=1541","name":"La CONAMED se re\u00fane con directivos del Instituto Nacional de Psiquiatr\u00eda Ram\u00f3n de la Fuente Mu\u00f1iz -","isPartOf":{"@id":"https:\/\/lafuente.mx\/#website"},"datePublished":"2023-07-28T08:05:00+00:00","dateModified":"2023-07-27T18:30:41+00:00","author":{"@id":"https:\/\/lafuente.mx\/#\/schema\/person\/603f3aa8e2f6f7879021ab722d39d6b0"},"description":"La CONAMED se re\u00fane con directivos del Instituto Nacional de Psiquiatr\u00eda Ram\u00f3n de la Fuente Mu\u00f1iz El objetivo de la reuni\u00f3n es privilegiar la atenci\u00f3n m\u00e9dica\u00a0","breadcrumb":{"@id":"https:\/\/lafuente.mx\/?p=1541#breadcrumb"},"inLanguage":"es-MX","potentialAction":[{"@type":"ReadAction","target":["https:\/\/lafuente.mx\/?p=1541"]}]},{"@type":"BreadcrumbList","@id":"https:\/\/lafuente.mx\/?p=1541#breadcrumb","itemListElement":[{"@type":"ListItem","position":1,"name":"Inicio","item":"https:\/\/lafuente.mx\/"},{"@type":"ListItem","position":2,"name":"La CONAMED se re\u00fane con directivos del Instituto Nacional de Psiquiatr\u00eda Ram\u00f3n de la Fuente Mu\u00f1iz"}]},{"@type":"Person","@id":"https:\/\/lafuente.mx\/#\/schema\/person\/603f3aa8e2f6f7879021ab722d39d6b0","name":"Claudia Gallardo","image":{"@type":"ImageObject","inLanguage":"es-MX","@id":"https:\/\/lafuente.mx\/#\/schema\/person\/image\/","url":"https:\/\/secure.gravatar.com\/avatar\/bfe9c966af1ccfb9d17bcdb9d04e8815?s=96&d=mm&r=g","contentUrl":"https:\/\/secure.gravatar.com\/avatar\/bfe9c966af1ccfb9d17bcdb9d04e8815?s=96&d=mm&r=g","caption":"Claudia Gallardo"},"url":"https:\/\/lafuente.mx\/?author=3"}]}},"jetpack_featured_media_url":"https:\/\/i0.wp.com\/lafuente.mx\/wp-content\/uploads\/2023\/07\/DSC_0027-scaled.jpg?fit=2560%2C1700&ssl=1","jetpack-related-posts":[{"id":2365,"url":"https:\/\/lafuente.mx\/?p=2365","url_meta":{"origin":1541,"position":0},"title":"Trastorno Bipolar en Ni\u00f1os y\u00a0 Adolescentes\u00a0","date":"junio 19, 2024","format":false,"excerpt":"GU\u00cdAS CL\u00cdNICAS\u00a0 INTRODUCCI\u00d3N\u00a0 El Trastorno Bipolar, antiguamente conocido como enfermedad maniaco depresiva, es un trastorno del estado del \u00e1nimo, en el que se presentan fases de depresi\u00f3n con otras de euforia. Es una de las psicopatolog\u00edas menos frecuentes en la Infancia, debido en parte a que durante muchos a\u00f1os se\u2026","rel":"","context":"En &quot;Publicaciones&quot;","img":{"alt_text":"","src":"https:\/\/i0.wp.com\/lafuente.mx\/wp-content\/uploads\/2024\/06\/Captura-de-pantalla-2024-06-19-a-las-12.27.32.png?fit=868%2C864&ssl=1&resize=350%2C200","width":350,"height":200},"classes":[]},{"id":1598,"url":"https:\/\/lafuente.mx\/?p=1598","url_meta":{"origin":1541,"position":1},"title":"Especializaci\u00f3n en Psiquiatr\u00eda Infantil y de la Adolescencia","date":"agosto 14, 2023","format":false,"excerpt":"El Instituto Nacional de Psiquiatr\u00eda Ram\u00f3n de la Fuente Mu\u00f1iz ofrece dos\u00a0 plazas para realizar la Especializaci\u00f3n en Psiquiatr\u00eda Infantil y de la Adolescencia\u00a0 Objetivo\u00a0 Formar psiquiatras especialistas en ni\u00f1as, ni\u00f1os y adolescentes que sean capaces de aplicar el conocimiento cient\u00edfico actual para identificar, realizar intervenciones preventivas y brindar atenci\u00f3n\u2026","rel":"","context":"En &quot;Cursos&quot;","img":{"alt_text":"","src":"https:\/\/i0.wp.com\/lafuente.mx\/wp-content\/uploads\/2023\/08\/Captura-de-Pantalla-2023-08-10-a-las-11.43.11.png?fit=642%2C858&ssl=1&resize=350%2C200","width":350,"height":200},"classes":[]},{"id":2178,"url":"https:\/\/lafuente.mx\/?p=2178","url_meta":{"origin":1541,"position":2},"title":"Estr\u00e9s puede evolucionar a ansiedad y depresi\u00f3n: Instituto Nacional de Psiquiatr\u00eda\u00a0","date":"marzo 30, 2024","format":false,"excerpt":"Las personas que est\u00e1n sometidas a situaciones de estr\u00e9s de forma constante pueden presentar alteraciones emocionales o psiqui\u00e1tricas que progresan a problemas m\u00e1s serios como ansiedad y depresi\u00f3n, por lo que es necesario que reciban atenci\u00f3n por un profesional de la salud mental para que les ayude a adaptarse a\u2026","rel":"","context":"En &quot;Noticias&quot;","img":{"alt_text":"","src":"https:\/\/i0.wp.com\/lafuente.mx\/wp-content\/uploads\/2024\/03\/pexels-photo-6383158.webp?fit=1125%2C750&ssl=1&resize=350%2C200","width":350,"height":200},"classes":[]},{"id":3641,"url":"https:\/\/lafuente.mx\/?p=3641","url_meta":{"origin":1541,"position":3},"title":"Retos cl\u00ednicos y jur\u00eddicos de la psiquiatr\u00eda contempor\u00e1nea\u00a0","date":"abril 7, 2026","format":false,"excerpt":"Mar 4, 2026 |\u00a0Academia\u00a0 La salud mental a trav\u00e9s de la pr\u00e1ctica de la psiquiatr\u00eda enfrenta retos crecientes derivados de la complejidad biol\u00f3gica de los trastornos mentales y de las implicaciones cl\u00ednicas, jur\u00eddicas e institucionales que acompa\u00f1an su atenci\u00f3n. En este escenario, los avances en inmunolog\u00eda, neurolog\u00eda y gen\u00e9tica han\u2026","rel":"","context":"En &quot;Noticias&quot;","img":{"alt_text":"","src":"https:\/\/i0.wp.com\/lafuente.mx\/wp-content\/uploads\/2026\/04\/DR-Nicolas-M.jpg?fit=1200%2C857&ssl=1&resize=350%2C200","width":350,"height":200},"classes":[]},{"id":666,"url":"https:\/\/lafuente.mx\/?p=666","url_meta":{"origin":1541,"position":4},"title":"V\u00eda de Atenci\u00f3n Integrada para la mejora de la atenci\u00f3n de la depresi\u00f3n resistente al tratamiento en el Instituto Nacional de Psiquiatr\u00eda Ram\u00f3n de la Fuente Mu\u00f1iz&nbsp;","date":"enero 19, 2023","format":false,"excerpt":"Dra. Claudia Becerra Palars, Dr. Raul Ivan Escamilla Orozco, Dra. Joanna Jimenez Pav\u00f3n, Dr. Hiram Ortega Ortiz, Dra. Elsa Georgina Tirado Dur\u00e1n, Dra. Jessica Zapata Tellez, Lic. T.S. Guadalupe Copado\u00a0 P\u00e1ginas: 120 \u2022 Tama\u00f1o: 21.6 x 28cm \u2022 Formato: Electr\u00f3nico \u2022 A\u00f1o: 2021 \u2022 ISBN: 978-607-511-214-5\u00a0 La Depresi\u00f3n Resistente al\u2026","rel":"","context":"En &quot;Publicaciones&quot;","img":{"alt_text":"","src":"https:\/\/i0.wp.com\/lafuente.mx\/wp-content\/uploads\/2023\/01\/depresion_2.webp?fit=1200%2C558&ssl=1&resize=350%2C200","width":350,"height":200},"classes":[]},{"id":2599,"url":"https:\/\/lafuente.mx\/?p=2599","url_meta":{"origin":1541,"position":5},"title":"Primer Encuentro de Psicodelia en M\u00e9xico a favor de la Salud Mental\u00a0","date":"octubre 22, 2024","format":false,"excerpt":"29 y 30 de noviembre, 2024 En un contexto donde la crisis de salud mental afecta a millones de personas a nivel global, M\u00e9xico se posiciona como un referente para la investigaci\u00f3n y el desarrollo de terapias alternativas con bases cient\u00edficas.\u00a0 15 de octubre Una soluci\u00f3n ancestral a una crisis\u2026","rel":"","context":"En &quot;Noticias&quot;","img":{"alt_text":"","src":"https:\/\/i0.wp.com\/lafuente.mx\/wp-content\/uploads\/2024\/10\/Captura-de-pantalla-2024-10-22-a-las-9.34.35.png?fit=1120%2C1200&ssl=1&resize=350%2C200","width":350,"height":200},"classes":[]}],"jetpack_sharing_enabled":true,"jetpack_shortlink":"https:\/\/wp.me\/pe9WUx-oR","_links":{"self":[{"href":"https:\/\/lafuente.mx\/index.php?rest_route=\/wp\/v2\/posts\/1541"}],"collection":[{"href":"https:\/\/lafuente.mx\/index.php?rest_route=\/wp\/v2\/posts"}],"about":[{"href":"https:\/\/lafuente.mx\/index.php?rest_route=\/wp\/v2\/types\/post"}],"author":[{"embeddable":true,"href":"https:\/\/lafuente.mx\/index.php?rest_route=\/wp\/v2\/users\/3"}],"replies":[{"embeddable":true,"href":"https:\/\/lafuente.mx\/index.php?rest_route=%2Fwp%2Fv2%2Fcomments&post=1541"}],"version-history":[{"count":2,"href":"https:\/\/lafuente.mx\/index.php?rest_route=\/wp\/v2\/posts\/1541\/revisions"}],"predecessor-version":[{"id":1548,"href":"https:\/\/lafuente.mx\/index.php?rest_route=\/wp\/v2\/posts\/1541\/revisions\/1548"}],"wp:featuredmedia":[{"embeddable":true,"href":"https:\/\/lafuente.mx\/index.php?rest_route=\/wp\/v2\/media\/1542"}],"wp:attachment":[{"href":"https:\/\/lafuente.mx\/index.php?rest_route=%2Fwp%2Fv2%2Fmedia&parent=1541"}],"wp:term":[{"taxonomy":"category","embeddable":true,"href":"https:\/\/lafuente.mx\/index.php?rest_route=%2Fwp%2Fv2%2Fcategories&post=1541"},{"taxonomy":"post_tag","embeddable":true,"href":"https:\/\/lafuente.mx\/index.php?rest_route=%2Fwp%2Fv2%2Ftags&post=1541"}],"curies":[{"name":"wp","href":"https:\/\/api.w.org\/{rel}","templated":true}]}}