{"id":1520,"date":"2023-07-31T08:23:00","date_gmt":"2023-07-31T08:23:00","guid":{"rendered":"https:\/\/lafuente.mx\/?p=1520"},"modified":"2023-07-31T17:12:36","modified_gmt":"2023-07-31T17:12:36","slug":"biblioteca-digital-y-difusion-cientifica","status":"publish","type":"post","link":"https:\/\/lafuente.mx\/?p=1520","title":{"rendered":"Biblioteca Digital y Difusi\u00f3n Cient\u00edfica"},"content":{"rendered":"\n<hr class=\"wp-block-separator has-alpha-channel-opacity\"\/>\n\n\n<div class=\"wp-block-image\">\n<figure class=\"aligncenter size-large is-resized\"><img decoding=\"async\" loading=\"lazy\" src=\"https:\/\/i0.wp.com\/lafuente.mx\/wp-content\/uploads\/2023\/07\/LogoBIDDICweb2-02-1024x246.jpg?resize=640%2C153&#038;ssl=1\" alt=\"\" class=\"wp-image-1523\" width=\"640\" height=\"153\" srcset=\"https:\/\/i0.wp.com\/lafuente.mx\/wp-content\/uploads\/2023\/07\/LogoBIDDICweb2-02.jpg?resize=1024%2C246&amp;ssl=1 1024w, https:\/\/i0.wp.com\/lafuente.mx\/wp-content\/uploads\/2023\/07\/LogoBIDDICweb2-02.jpg?resize=300%2C72&amp;ssl=1 300w, https:\/\/i0.wp.com\/lafuente.mx\/wp-content\/uploads\/2023\/07\/LogoBIDDICweb2-02.jpg?resize=768%2C185&amp;ssl=1 768w, https:\/\/i0.wp.com\/lafuente.mx\/wp-content\/uploads\/2023\/07\/LogoBIDDICweb2-02.jpg?w=1043&amp;ssl=1 1043w\" sizes=\"(max-width: 640px) 100vw, 640px\" data-recalc-dims=\"1\" \/><\/figure><\/div>\n\n\n<p>La Biblioteca Digital y Difusi\u00f3n Cient\u00edfica desde 1980, es un \u00e1rea especializada en el suministro de documentaci\u00f3n e informaci\u00f3n cient\u00edfica y t\u00e9cnica en la rama m\u00e9dica de su competencia, la salud mental, cubre campos afines como neurociencias, psicolog\u00eda, entre otros y temas espec\u00edficos como alcoholismo y adicciones.<\/p>\n\n\n\n<p>Podr\u00e1s&nbsp;encontrar:<\/p>\n\n\n\n<p class=\"has-text-color\" style=\"color:#1b2e52\"><strong>&#8211;&nbsp;Libros electr\u00f3nicos de&nbsp;Psychiatry OnLine&nbsp;<\/strong><\/p>\n\n\n\n<p class=\"has-text-color\" style=\"color:#19336b\"><strong>&#8211;&nbsp;Revistas especializadas en salud mental<\/strong><\/p>\n\n\n\n<p class=\"has-text-color\" style=\"color:#1c3859\"><strong>&#8211;&nbsp;Revista Salud Mental<\/strong><\/p>\n\n\n\n<p class=\"has-text-color\" style=\"color:#1d3870\"><strong>&#8211;&nbsp;Cat\u00e1logo de libros, revistas y tesis<\/strong><\/p>\n\n\n\n<p class=\"has-text-color\" style=\"color:#1d3559\"><strong>&#8211;&nbsp;Repositorio Institucional<\/strong><\/p>\n\n\n\n<p class=\"has-text-color\" style=\"color:#162f52\"><strong>&#8211;&nbsp;Bases de datos: &nbsp;EMBASE Micromedex, MedLine Complete, PsycINFO, Psychology and Behavioral Sciences Collection y Dynamed<\/strong><\/p>\n\n\n\n<h3 class=\"wp-block-heading\"><strong>Servicios<\/strong><\/h3>\n\n\n\n<ul><li>Hemeroteca<\/li><li>Biblioteca<\/li><li>Pr\u00e9stamo interbibliotecario<\/li><li>Fotocopiado<\/li><li>Recuperaci\u00f3n de art\u00edculos<\/li><li>Consulta a bases de datos<\/li><li>Consulta de publicaciones peri\u00f3dicas en formato electr\u00f3nico<\/li><\/ul>\n\n\n\n<h3 class=\"wp-block-heading\"><strong>Repositorio<\/strong><\/h3>\n\n\n\n<p>Tiene como objetivo almacenar, mantener, preservar y diseminar exclusivamente la producci\u00f3n cient\u00edfica del personal de investigaci\u00f3n del Instituto Nacional de Psiquiatr\u00eda Ram\u00f3n de la Fuente Mu\u00f1iz y que ha sido publicada en fuentes nacionales y del extranjero, con la finalidad de lograr una visibilidad y difusi\u00f3n mayor de la investigaci\u00f3n para incrementar su uso e impacto.<br><br>Su consulta es abierta a todo usuario<br><\/p>\n\n\n\n<figure class=\"wp-block-image size-large\"><img decoding=\"async\" loading=\"lazy\" width=\"640\" height=\"739\" src=\"https:\/\/i0.wp.com\/lafuente.mx\/wp-content\/uploads\/2023\/07\/Captura-de-Pantalla-2023-07-26-a-las-9.32.49-887x1024.png?resize=640%2C739&#038;ssl=1\" alt=\"\" class=\"wp-image-1535\" srcset=\"https:\/\/i0.wp.com\/lafuente.mx\/wp-content\/uploads\/2023\/07\/Captura-de-Pantalla-2023-07-26-a-las-9.32.49.png?resize=887%2C1024&amp;ssl=1 887w, https:\/\/i0.wp.com\/lafuente.mx\/wp-content\/uploads\/2023\/07\/Captura-de-Pantalla-2023-07-26-a-las-9.32.49.png?resize=260%2C300&amp;ssl=1 260w, https:\/\/i0.wp.com\/lafuente.mx\/wp-content\/uploads\/2023\/07\/Captura-de-Pantalla-2023-07-26-a-las-9.32.49.png?resize=768%2C886&amp;ssl=1 768w, https:\/\/i0.wp.com\/lafuente.mx\/wp-content\/uploads\/2023\/07\/Captura-de-Pantalla-2023-07-26-a-las-9.32.49.png?w=1194&amp;ssl=1 1194w\" sizes=\"(max-width: 640px) 100vw, 640px\" data-recalc-dims=\"1\" \/><figcaption>imagen INPRFM<\/figcaption><\/figure>\n\n\n\n<p class=\"has-text-color has-small-font-size\" style=\"color:#565656\"><\/p>\n\n\n\n<p><\/p>\n\n\n\n<div class=\"wp-block-buttons is-layout-flex wp-block-buttons-is-layout-flex\">\n<div class=\"wp-block-button\"><a class=\"wp-block-button__link\" href=\"https:\/\/bit.ly\/3R1IQ4j\" target=\"_blank\" rel=\"noreferrer noopener\">M\u00e1s informaci\u00f3n<\/a><\/div>\n<\/div>\n\n\n\n<p><\/p>\n","protected":false},"excerpt":{"rendered":"<p>La Biblioteca Digital y Difusi\u00f3n Cient\u00edfica desde 1980, es un \u00e1rea especializada en el suministro de documentaci\u00f3n e informaci\u00f3n cient\u00edfica y t\u00e9cnica en la rama<\/p>\n","protected":false},"author":3,"featured_media":1535,"comment_status":"closed","ping_status":"closed","sticky":false,"template":"","format":"standard","meta":{"footnotes":"","jetpack_publicize_message":"","jetpack_is_tweetstorm":false,"jetpack_publicize_feature_enabled":true},"categories":[14],"tags":[372,371,21,103,373,32],"jetpack_publicize_connections":[],"yoast_head":"<!-- This site is optimized with the Yoast SEO plugin v19.4 - https:\/\/yoast.com\/wordpress\/plugins\/seo\/ -->\n<title>Biblioteca Digital y Difusi\u00f3n Cient\u00edfica -<\/title>\n<meta name=\"description\" content=\"La Biblioteca Digital y Difusi\u00f3n Cient\u00edfica desde 1980, es un \u00e1rea especializada en el suministro de documentaci\u00f3n e informaci\u00f3n cient\u00edfica y t\u00e9cnica en la rama m\u00e9dica de su competencia, la salud mental, cubre campos afines como neurociencias, psicolog\u00eda, entre otros y temas espec\u00edficos como alcoholismo y adicciones.\" \/>\n<meta name=\"robots\" content=\"index, follow, max-snippet:-1, max-image-preview:large, max-video-preview:-1\" \/>\n<link rel=\"canonical\" href=\"https:\/\/lafuente.mx\/?p=1520\" \/>\n<meta property=\"og:locale\" content=\"es_MX\" \/>\n<meta property=\"og:type\" content=\"article\" \/>\n<meta property=\"og:title\" content=\"Biblioteca Digital y Difusi\u00f3n Cient\u00edfica\" \/>\n<meta property=\"og:description\" content=\"La Biblioteca Digital y Difusi\u00f3n Cient\u00edfica desde 1980, es un \u00e1rea especializada en el suministro de documentaci\u00f3n e informaci\u00f3n cient\u00edfica y t\u00e9cnica en la rama m\u00e9dica de su competencia, la salud mental, cubre campos afines como neurociencias, psicolog\u00eda, entre otros y temas espec\u00edficos como alcoholismo y adicciones.\" \/>\n<meta property=\"og:url\" content=\"https:\/\/lafuente.mx\/?p=1520\" \/>\n<meta property=\"article:published_time\" content=\"2023-07-31T08:23:00+00:00\" \/>\n<meta property=\"article:modified_time\" content=\"2023-07-31T17:12:36+00:00\" \/>\n<meta property=\"og:image\" content=\"http:\/\/lafuente.mx\/wp-content\/uploads\/2023\/07\/Captura-de-Pantalla-2023-07-26-a-las-9.32.49.png\" \/>\n\t<meta property=\"og:image:width\" content=\"1194\" \/>\n\t<meta property=\"og:image:height\" content=\"1378\" \/>\n\t<meta property=\"og:image:type\" content=\"image\/png\" \/>\n<meta name=\"author\" content=\"Claudia Gallardo\" \/>\n<meta name=\"twitter:card\" content=\"summary_large_image\" \/>\n<meta name=\"twitter:title\" content=\"Biblioteca Digital y Difusi\u00f3n Cient\u00edfica\" \/>\n<meta name=\"twitter:description\" content=\"La Biblioteca Digital y Difusi\u00f3n Cient\u00edfica desde 1980, es un \u00e1rea especializada en el suministro de documentaci\u00f3n e informaci\u00f3n cient\u00edfica y t\u00e9cnica en la rama m\u00e9dica de su competencia, la salud mental, cubre campos afines como neurociencias, psicolog\u00eda, entre otros y temas espec\u00edficos como alcoholismo y adicciones.\" \/>\n<meta name=\"twitter:image\" content=\"https:\/\/i0.wp.com\/lafuente.mx\/wp-content\/uploads\/2023\/07\/Captura-de-Pantalla-2023-07-26-a-las-9.32.49.png?fit=1194%2C1378&ssl=1\" \/>\n<meta name=\"twitter:label1\" content=\"Escrito por\" \/>\n\t<meta name=\"twitter:data1\" content=\"Claudia Gallardo\" \/>\n\t<meta name=\"twitter:label2\" content=\"Tiempo de lectura\" \/>\n\t<meta name=\"twitter:data2\" content=\"2 minutos\" \/>\n<script type=\"application\/ld+json\" class=\"yoast-schema-graph\">{\"@context\":\"https:\/\/schema.org\",\"@graph\":[{\"@type\":\"WebSite\",\"@id\":\"https:\/\/lafuente.mx\/#website\",\"url\":\"https:\/\/lafuente.mx\/\",\"name\":\"\",\"description\":\"Informaci\u00f3n confiable sobre salud mental\",\"potentialAction\":[{\"@type\":\"SearchAction\",\"target\":{\"@type\":\"EntryPoint\",\"urlTemplate\":\"https:\/\/lafuente.mx\/?s={search_term_string}\"},\"query-input\":\"required name=search_term_string\"}],\"inLanguage\":\"es-MX\"},{\"@type\":\"WebPage\",\"@id\":\"https:\/\/lafuente.mx\/?p=1520\",\"url\":\"https:\/\/lafuente.mx\/?p=1520\",\"name\":\"Biblioteca Digital y Difusi\u00f3n Cient\u00edfica -\",\"isPartOf\":{\"@id\":\"https:\/\/lafuente.mx\/#website\"},\"datePublished\":\"2023-07-31T08:23:00+00:00\",\"dateModified\":\"2023-07-31T17:12:36+00:00\",\"author\":{\"@id\":\"https:\/\/lafuente.mx\/#\/schema\/person\/603f3aa8e2f6f7879021ab722d39d6b0\"},\"description\":\"La Biblioteca Digital y Difusi\u00f3n Cient\u00edfica desde 1980, es un \u00e1rea especializada en el suministro de documentaci\u00f3n e informaci\u00f3n cient\u00edfica y t\u00e9cnica en la rama m\u00e9dica de su competencia, la salud mental, cubre campos afines como neurociencias, psicolog\u00eda, entre otros y temas espec\u00edficos como alcoholismo y adicciones.\",\"breadcrumb\":{\"@id\":\"https:\/\/lafuente.mx\/?p=1520#breadcrumb\"},\"inLanguage\":\"es-MX\",\"potentialAction\":[{\"@type\":\"ReadAction\",\"target\":[\"https:\/\/lafuente.mx\/?p=1520\"]}]},{\"@type\":\"BreadcrumbList\",\"@id\":\"https:\/\/lafuente.mx\/?p=1520#breadcrumb\",\"itemListElement\":[{\"@type\":\"ListItem\",\"position\":1,\"name\":\"Inicio\",\"item\":\"https:\/\/lafuente.mx\/\"},{\"@type\":\"ListItem\",\"position\":2,\"name\":\"Biblioteca Digital y Difusi\u00f3n Cient\u00edfica\"}]},{\"@type\":\"Person\",\"@id\":\"https:\/\/lafuente.mx\/#\/schema\/person\/603f3aa8e2f6f7879021ab722d39d6b0\",\"name\":\"Claudia Gallardo\",\"image\":{\"@type\":\"ImageObject\",\"inLanguage\":\"es-MX\",\"@id\":\"https:\/\/lafuente.mx\/#\/schema\/person\/image\/\",\"url\":\"https:\/\/secure.gravatar.com\/avatar\/bfe9c966af1ccfb9d17bcdb9d04e8815?s=96&d=mm&r=g\",\"contentUrl\":\"https:\/\/secure.gravatar.com\/avatar\/bfe9c966af1ccfb9d17bcdb9d04e8815?s=96&d=mm&r=g\",\"caption\":\"Claudia Gallardo\"},\"url\":\"https:\/\/lafuente.mx\/?author=3\"}]}<\/script>\n<!-- \/ Yoast SEO plugin. -->","yoast_head_json":{"title":"Biblioteca Digital y Difusi\u00f3n Cient\u00edfica -","description":"La Biblioteca Digital y Difusi\u00f3n Cient\u00edfica desde 1980, es un \u00e1rea especializada en el suministro de documentaci\u00f3n e informaci\u00f3n cient\u00edfica y t\u00e9cnica en la rama m\u00e9dica de su competencia, la salud mental, cubre campos afines como neurociencias, psicolog\u00eda, entre otros y temas espec\u00edficos como alcoholismo y adicciones.","robots":{"index":"index","follow":"follow","max-snippet":"max-snippet:-1","max-image-preview":"max-image-preview:large","max-video-preview":"max-video-preview:-1"},"canonical":"https:\/\/lafuente.mx\/?p=1520","og_locale":"es_MX","og_type":"article","og_title":"Biblioteca Digital y Difusi\u00f3n Cient\u00edfica","og_description":"La Biblioteca Digital y Difusi\u00f3n Cient\u00edfica desde 1980, es un \u00e1rea especializada en el suministro de documentaci\u00f3n e informaci\u00f3n cient\u00edfica y t\u00e9cnica en la rama m\u00e9dica de su competencia, la salud mental, cubre campos afines como neurociencias, psicolog\u00eda, entre otros y temas espec\u00edficos como alcoholismo y adicciones.","og_url":"https:\/\/lafuente.mx\/?p=1520","article_published_time":"2023-07-31T08:23:00+00:00","article_modified_time":"2023-07-31T17:12:36+00:00","og_image":[{"width":1194,"height":1378,"url":"http:\/\/lafuente.mx\/wp-content\/uploads\/2023\/07\/Captura-de-Pantalla-2023-07-26-a-las-9.32.49.png","type":"image\/png"}],"author":"Claudia Gallardo","twitter_card":"summary_large_image","twitter_title":"Biblioteca Digital y Difusi\u00f3n Cient\u00edfica","twitter_description":"La Biblioteca Digital y Difusi\u00f3n Cient\u00edfica desde 1980, es un \u00e1rea especializada en el suministro de documentaci\u00f3n e informaci\u00f3n cient\u00edfica y t\u00e9cnica en la rama m\u00e9dica de su competencia, la salud mental, cubre campos afines como neurociencias, psicolog\u00eda, entre otros y temas espec\u00edficos como alcoholismo y adicciones.","twitter_image":"https:\/\/i0.wp.com\/lafuente.mx\/wp-content\/uploads\/2023\/07\/Captura-de-Pantalla-2023-07-26-a-las-9.32.49.png?fit=1194%2C1378&ssl=1","twitter_misc":{"Escrito por":"Claudia Gallardo","Tiempo de lectura":"2 minutos"},"schema":{"@context":"https:\/\/schema.org","@graph":[{"@type":"WebSite","@id":"https:\/\/lafuente.mx\/#website","url":"https:\/\/lafuente.mx\/","name":"","description":"Informaci\u00f3n confiable sobre salud mental","potentialAction":[{"@type":"SearchAction","target":{"@type":"EntryPoint","urlTemplate":"https:\/\/lafuente.mx\/?s={search_term_string}"},"query-input":"required name=search_term_string"}],"inLanguage":"es-MX"},{"@type":"WebPage","@id":"https:\/\/lafuente.mx\/?p=1520","url":"https:\/\/lafuente.mx\/?p=1520","name":"Biblioteca Digital y Difusi\u00f3n Cient\u00edfica -","isPartOf":{"@id":"https:\/\/lafuente.mx\/#website"},"datePublished":"2023-07-31T08:23:00+00:00","dateModified":"2023-07-31T17:12:36+00:00","author":{"@id":"https:\/\/lafuente.mx\/#\/schema\/person\/603f3aa8e2f6f7879021ab722d39d6b0"},"description":"La Biblioteca Digital y Difusi\u00f3n Cient\u00edfica desde 1980, es un \u00e1rea especializada en el suministro de documentaci\u00f3n e informaci\u00f3n cient\u00edfica y t\u00e9cnica en la rama m\u00e9dica de su competencia, la salud mental, cubre campos afines como neurociencias, psicolog\u00eda, entre otros y temas espec\u00edficos como alcoholismo y adicciones.","breadcrumb":{"@id":"https:\/\/lafuente.mx\/?p=1520#breadcrumb"},"inLanguage":"es-MX","potentialAction":[{"@type":"ReadAction","target":["https:\/\/lafuente.mx\/?p=1520"]}]},{"@type":"BreadcrumbList","@id":"https:\/\/lafuente.mx\/?p=1520#breadcrumb","itemListElement":[{"@type":"ListItem","position":1,"name":"Inicio","item":"https:\/\/lafuente.mx\/"},{"@type":"ListItem","position":2,"name":"Biblioteca Digital y Difusi\u00f3n Cient\u00edfica"}]},{"@type":"Person","@id":"https:\/\/lafuente.mx\/#\/schema\/person\/603f3aa8e2f6f7879021ab722d39d6b0","name":"Claudia Gallardo","image":{"@type":"ImageObject","inLanguage":"es-MX","@id":"https:\/\/lafuente.mx\/#\/schema\/person\/image\/","url":"https:\/\/secure.gravatar.com\/avatar\/bfe9c966af1ccfb9d17bcdb9d04e8815?s=96&d=mm&r=g","contentUrl":"https:\/\/secure.gravatar.com\/avatar\/bfe9c966af1ccfb9d17bcdb9d04e8815?s=96&d=mm&r=g","caption":"Claudia Gallardo"},"url":"https:\/\/lafuente.mx\/?author=3"}]}},"jetpack_featured_media_url":"https:\/\/i0.wp.com\/lafuente.mx\/wp-content\/uploads\/2023\/07\/Captura-de-Pantalla-2023-07-26-a-las-9.32.49.png?fit=1194%2C1378&ssl=1","jetpack-related-posts":[{"id":2923,"url":"https:\/\/lafuente.mx\/?p=2923","url_meta":{"origin":1520,"position":0},"title":"Mentalizarte","date":"mayo 28, 2025","format":false,"excerpt":"Durante JUNIO Hablaremos sobre APEGO MENTALIZARTE es el proyecto de difusi\u00f3n en temas de salud mental del Instituto Nacional de Psiquiatr\u00eda Ram\u00f3n de la Fuente Mu\u00f1iz (INPRFM). Tiene el objetivo de informar sobre los s\u00edntomas de los diferentes trastornos mentales, difundir que pedir ayuda no es signo de debilidad sino\u2026","rel":"","context":"En &quot;Informaci\u00f3n de inter\u00e9s&quot;","img":{"alt_text":"","src":"https:\/\/i0.wp.com\/lafuente.mx\/wp-content\/uploads\/2025\/05\/WhatsApp-Image-2025-05-22-at-11.59.42-AM.jpeg?fit=1200%2C692&ssl=1&resize=350%2C200","width":350,"height":200},"classes":[]},{"id":2879,"url":"https:\/\/lafuente.mx\/?p=2879","url_meta":{"origin":1520,"position":1},"title":"Mentalizarte","date":"mayo 8, 2025","format":false,"excerpt":"Durante mayo hablaremos sobre Salud mental perinatal MENTALIZARTE es el proyecto de difusi\u00f3n en temas de salud mental del Instituto Nacional de Psiquiatr\u00eda Ram\u00f3n de la Fuente Mu\u00f1iz (INPRFM). Tiene el objetivo de informar sobre los s\u00edntomas de los diferentes trastornos mentales, difundir que pedir ayuda no es signo de\u2026","rel":"","context":"En &quot;Informaci\u00f3n de inter\u00e9s&quot;","img":{"alt_text":"","src":"https:\/\/i0.wp.com\/lafuente.mx\/wp-content\/uploads\/2025\/05\/WhatsApp-Image-2025-04-29-at-11.41.44-AM-1.jpeg?fit=1200%2C692&ssl=1&resize=350%2C200","width":350,"height":200},"classes":[]},{"id":3013,"url":"https:\/\/lafuente.mx\/?p=3013","url_meta":{"origin":1520,"position":2},"title":"Mentalizarte","date":"julio 3, 2025","format":false,"excerpt":"Durante Julio en mentalizarte hablaremos sobre: Salud mental en la persona mayor MENTALIZARTE es el proyecto de difusi\u00f3n en temas de salud mental del Instituto Nacional de Psiquiatr\u00eda Ram\u00f3n de la Fuente Mu\u00f1iz (INPRFM). Tiene el objetivo de informar sobre los s\u00edntomas de los diferentes trastornos mentales, difundir que pedir\u2026","rel":"","context":"En &quot;Informaci\u00f3n de inter\u00e9s&quot;","img":{"alt_text":"","src":"https:\/\/i0.wp.com\/lafuente.mx\/wp-content\/uploads\/2025\/07\/WhatsApp-Image-2025-06-26-at-12.52.24-PM.jpeg?fit=1200%2C692&ssl=1&resize=350%2C200","width":350,"height":200},"classes":[]},{"id":2823,"url":"https:\/\/lafuente.mx\/?p=2823","url_meta":{"origin":1520,"position":3},"title":"Mentalizarte","date":"abril 1, 2025","format":false,"excerpt":"Durante Abril Mentalizarte en colaboraci\u00f3n con AMPI Hablaremos sobre Salud mental en adolescentes MENTALIZARTE es el proyecto de difusi\u00f3n en temas de salud mental del Instituto Nacional de Psiquiatr\u00eda Ram\u00f3n de la Fuente Mu\u00f1iz (INPRFM). Tiene el objetivo de informar sobre los s\u00edntomas de los diferentes trastornos mentales, difundir que\u2026","rel":"","context":"En &quot;Informaci\u00f3n de inter\u00e9s&quot;","img":{"alt_text":"","src":"https:\/\/i0.wp.com\/lafuente.mx\/wp-content\/uploads\/2025\/04\/WhatsApp-Image-2025-03-26-at-1.28.12-PM.jpeg?fit=1200%2C692&ssl=1&resize=350%2C200","width":350,"height":200},"classes":[]},{"id":2584,"url":"https:\/\/lafuente.mx\/?p=2584","url_meta":{"origin":1520,"position":4},"title":"YouTube INPRFM\u00a0","date":"octubre 4, 2024","format":false,"excerpt":"\u00a1Te invitamos a conocer nuestro canal de YouTube! @INPRFM \u00bfYa lo conoces?Entonces te invitamos a consultar nuestros \u00faltimos videos y a ver nuevamente nuestras interesantes conferencias, pl\u00e1ticas y sesiones acad\u00e9micas sobre salud mental V\u00eddeos de divulgaci\u00f3n cient\u00edfica realizados en el Instituto Nacional de Psiquiatr\u00eda Ramon de la Fuente Mu\u00f1iz\u00a0\u00a0 Sesiones\u2026","rel":"","context":"En &quot;Informaci\u00f3n de inter\u00e9s&quot;","img":{"alt_text":"","src":"https:\/\/i0.wp.com\/lafuente.mx\/wp-content\/uploads\/2024\/10\/Captura-de-pantalla-2024-10-04-110907.png?fit=930%2C711&ssl=1&resize=350%2C200","width":350,"height":200},"classes":[]},{"id":2345,"url":"https:\/\/lafuente.mx\/?p=2345","url_meta":{"origin":1520,"position":5},"title":"Alternativas de atenci\u00f3n digital en salud mental para estudiantes universitarios","date":"junio 4, 2024","format":false,"excerpt":"CONFERENCIA Ponentes:Katia Jim\u00e9nez Garc\u00edaCorina Benjet Hablemos de Salud Mental 10 de cada mes Hablemos de salud mental - un espacio para\u00a0#mentalizarte\u00a0Cuenta de difusi\u00f3n para reducir el\u00a0#estigma\u00a0y promover la atenci\u00f3n en salud mental","rel":"","context":"En &quot;Eventos Acad\u00e9micos del INPRFM&quot;","img":{"alt_text":"","src":"https:\/\/i0.wp.com\/lafuente.mx\/wp-content\/uploads\/2024\/06\/WhatsApp-Image-2024-06-03-at-10.50.53-AM-1.jpeg?fit=1200%2C900&ssl=1&resize=350%2C200","width":350,"height":200},"classes":[]}],"jetpack_sharing_enabled":true,"jetpack_shortlink":"https:\/\/wp.me\/pe9WUx-ow","_links":{"self":[{"href":"https:\/\/lafuente.mx\/index.php?rest_route=\/wp\/v2\/posts\/1520"}],"collection":[{"href":"https:\/\/lafuente.mx\/index.php?rest_route=\/wp\/v2\/posts"}],"about":[{"href":"https:\/\/lafuente.mx\/index.php?rest_route=\/wp\/v2\/types\/post"}],"author":[{"embeddable":true,"href":"https:\/\/lafuente.mx\/index.php?rest_route=\/wp\/v2\/users\/3"}],"replies":[{"embeddable":true,"href":"https:\/\/lafuente.mx\/index.php?rest_route=%2Fwp%2Fv2%2Fcomments&post=1520"}],"version-history":[{"count":6,"href":"https:\/\/lafuente.mx\/index.php?rest_route=\/wp\/v2\/posts\/1520\/revisions"}],"predecessor-version":[{"id":1561,"href":"https:\/\/lafuente.mx\/index.php?rest_route=\/wp\/v2\/posts\/1520\/revisions\/1561"}],"wp:featuredmedia":[{"embeddable":true,"href":"https:\/\/lafuente.mx\/index.php?rest_route=\/wp\/v2\/media\/1535"}],"wp:attachment":[{"href":"https:\/\/lafuente.mx\/index.php?rest_route=%2Fwp%2Fv2%2Fmedia&parent=1520"}],"wp:term":[{"taxonomy":"category","embeddable":true,"href":"https:\/\/lafuente.mx\/index.php?rest_route=%2Fwp%2Fv2%2Fcategories&post=1520"},{"taxonomy":"post_tag","embeddable":true,"href":"https:\/\/lafuente.mx\/index.php?rest_route=%2Fwp%2Fv2%2Ftags&post=1520"}],"curies":[{"name":"wp","href":"https:\/\/api.w.org\/{rel}","templated":true}]}}