{"id":1513,"date":"2023-07-27T08:08:00","date_gmt":"2023-07-27T08:08:00","guid":{"rendered":"https:\/\/lafuente.mx\/?p=1513"},"modified":"2023-08-28T18:13:33","modified_gmt":"2023-08-28T18:13:33","slug":"intervenciones-breves-en-adicciones","status":"publish","type":"post","link":"https:\/\/lafuente.mx\/?p=1513","title":{"rendered":"Intervenciones breves en adicciones\u00a0"},"content":{"rendered":"\n<hr class=\"wp-block-separator has-alpha-channel-opacity\"\/>\n\n\n\n<p class=\"has-text-align-center has-large-font-size\"><strong>Curso en l\u00ednea<\/strong><strong>&nbsp;<\/strong>&nbsp;<\/p>\n\n\n\n<figure class=\"wp-block-image size-large\"><img decoding=\"async\" loading=\"lazy\" width=\"640\" height=\"425\" src=\"https:\/\/i0.wp.com\/lafuente.mx\/wp-content\/uploads\/2023\/07\/DSC_0017-1024x680.jpg?resize=640%2C425&#038;ssl=1\" alt=\"\" class=\"wp-image-1531\" srcset=\"https:\/\/i0.wp.com\/lafuente.mx\/wp-content\/uploads\/2023\/07\/DSC_0017-scaled.jpg?resize=1024%2C680&amp;ssl=1 1024w, https:\/\/i0.wp.com\/lafuente.mx\/wp-content\/uploads\/2023\/07\/DSC_0017-scaled.jpg?resize=300%2C199&amp;ssl=1 300w, https:\/\/i0.wp.com\/lafuente.mx\/wp-content\/uploads\/2023\/07\/DSC_0017-scaled.jpg?resize=768%2C510&amp;ssl=1 768w, https:\/\/i0.wp.com\/lafuente.mx\/wp-content\/uploads\/2023\/07\/DSC_0017-scaled.jpg?resize=1536%2C1020&amp;ssl=1 1536w, https:\/\/i0.wp.com\/lafuente.mx\/wp-content\/uploads\/2023\/07\/DSC_0017-scaled.jpg?resize=2048%2C1360&amp;ssl=1 2048w, https:\/\/i0.wp.com\/lafuente.mx\/wp-content\/uploads\/2023\/07\/DSC_0017-scaled.jpg?w=1280 1280w, https:\/\/i0.wp.com\/lafuente.mx\/wp-content\/uploads\/2023\/07\/DSC_0017-scaled.jpg?w=1920 1920w\" sizes=\"(max-width: 640px) 100vw, 640px\" data-recalc-dims=\"1\" \/><figcaption>Imagen INPRFM<\/figcaption><\/figure>\n\n\n\n<p class=\"has-text-color has-medium-font-size\" style=\"color:#da5d04\">Del 21 de agosto al 23 de octubre de 2023&nbsp;<\/p>\n\n\n\n<p class=\"has-vivid-red-color has-text-color has-medium-font-size\"><strong>Coordinadora acad\u00e9mica: Dra. Marcela Tiburcio Sainz&nbsp;<\/strong><\/p>\n\n\n\n<p><strong>Dirigido a: <\/strong><\/p>\n\n\n\n<p>Profesionales de la salud y afines&nbsp;<\/p>\n\n\n\n<p><strong>Objetivo:&nbsp;<\/strong><\/p>\n\n\n\n<p>Capacitar a orientadores en la detecci\u00f3n temprana del consumo de sustancias y en la aplicaci\u00f3n de intervenciones breves para modificar los h\u00e1bitos de consumo de alcohol y drogas&nbsp;<\/p>\n\n\n\n<p><strong>Temas:&nbsp;<\/strong><\/p>\n\n\n\n<p>\u2022 Las drogas y sus efectos&nbsp;<\/p>\n\n\n\n<p>\u2022 \u00bfCu\u00e1les son los niveles de consumo de sustancias?&nbsp;<\/p>\n\n\n\n<p>\u2022 \u00bfQu\u00e9 es la detecci\u00f3n temprana?&nbsp;<\/p>\n\n\n\n<p>\u2022 \u00bfC\u00f3mo modificar los h\u00e1bitos de consumo?&nbsp;<\/p>\n\n\n\n<p>\u2022 \u00bfC\u00f3mo dejar de consumir drogas?&nbsp;<\/p>\n\n\n\n<p>\u2022 \u00bfC\u00f3mo reducir el consumo de alcohol?&nbsp;<\/p>\n\n\n\n<p><strong>Modalidad:&nbsp;<\/strong> En l\u00ednea mediante Moodle&nbsp;<\/p>\n\n\n\n<p><strong>Horas cr\u00e9dito:&nbsp;<\/strong><\/p>\n\n\n\n<p>30 horas&nbsp;<\/p>\n\n\n\n<p><strong>Costo:&nbsp; $1,900.00&nbsp;<\/strong><\/p>\n\n\n\n<p><strong>Becas:&nbsp;<\/strong><\/p>\n\n\n\n<p>Se podr\u00e1n otorgar becas parciales para quienes colaboran en instituciones del sector p\u00fablico o en organizaciones de la sociedad civil donde pueda aplicarse esta intervenci\u00f3n. El formato de registro tiene espacio para incluir carta de motivos.&nbsp;<\/p>\n\n\n\n<p><strong>Inscripci\u00f3n:&nbsp;<\/strong><\/p>\n\n\n\n<p>1. Llenar el formato de registro en la p\u00e1gina https:\/\/bit.ly\/3qPGxbC&nbsp;<\/p>\n\n\n\n<p>2. Enviar por correo electr\u00f3nico copia legible de su comprobante de pago&nbsp;<\/p>\n\n\n\n<p><\/p>\n\n\n\n<p class=\"has-large-font-size\"><strong>Informes: cursos.diep@gmail.com y <a href=\"mailto:cursosdiep@imp.edu.mx\" target=\"_blank\" rel=\"noreferrer noopener\">cursosdiep@imp.edu.mx<\/a>&nbsp;<\/strong><\/p>\n\n\n\n<div class=\"wp-block-buttons is-layout-flex wp-block-buttons-is-layout-flex\">\n<div class=\"wp-block-button\"><a class=\"wp-block-button__link\" href=\"https:\/\/mcusercontent.com\/f24c52cb46e330c12bccd01c9\/files\/c98620f1-96bc-c677-cab7-e58ae78ec0ae\/2023_interv_adicc.pdf\">M\u00e1s informaci\u00f3n<\/a><\/div>\n<\/div>\n","protected":false},"excerpt":{"rendered":"<p>Curso en l\u00ednea&nbsp;&nbsp; Del 21 de agosto al 23 de octubre de 2023&nbsp; Coordinadora acad\u00e9mica: Dra. Marcela Tiburcio Sainz&nbsp; Dirigido a: Profesionales de la salud<\/p>\n","protected":false},"author":3,"featured_media":1531,"comment_status":"closed","ping_status":"closed","sticky":false,"template":"","format":"standard","meta":{"footnotes":"","jetpack_publicize_message":"","jetpack_is_tweetstorm":false,"jetpack_publicize_feature_enabled":true},"categories":[6],"tags":[135,66,369,318,370,21,32],"jetpack_publicize_connections":[],"yoast_head":"<!-- This site is optimized with the Yoast SEO plugin v19.4 - https:\/\/yoast.com\/wordpress\/plugins\/seo\/ -->\n<title>Intervenciones breves en adicciones\u00a0 -<\/title>\n<meta name=\"description\" content=\"Capacitar a orientadores en la detecci\u00f3n temprana del consumo de sustancias y en la aplicaci\u00f3n de intervenciones breves para modificar los h\u00e1bitos de consumo de alcohol y drogas\" \/>\n<meta name=\"robots\" content=\"index, follow, max-snippet:-1, max-image-preview:large, max-video-preview:-1\" \/>\n<link rel=\"canonical\" href=\"https:\/\/lafuente.mx\/?p=1513\" \/>\n<meta property=\"og:locale\" content=\"es_MX\" \/>\n<meta property=\"og:type\" content=\"article\" \/>\n<meta property=\"og:title\" content=\"Intervenciones breves en adicciones\" \/>\n<meta property=\"og:description\" content=\"Capacitar a orientadores en la detecci\u00f3n temprana del consumo de sustancias y en la aplicaci\u00f3n de intervenciones breves para modificar los h\u00e1bitos de consumo de alcohol y drogas\" \/>\n<meta property=\"og:url\" content=\"https:\/\/lafuente.mx\/?p=1513\" \/>\n<meta property=\"article:published_time\" content=\"2023-07-27T08:08:00+00:00\" \/>\n<meta property=\"article:modified_time\" content=\"2023-08-28T18:13:33+00:00\" \/>\n<meta property=\"og:image\" content=\"http:\/\/lafuente.mx\/wp-content\/uploads\/2023\/07\/DSC_0017-scaled.jpg\" \/>\n\t<meta property=\"og:image:width\" content=\"2560\" \/>\n\t<meta property=\"og:image:height\" content=\"1700\" \/>\n\t<meta property=\"og:image:type\" content=\"image\/jpeg\" \/>\n<meta name=\"author\" content=\"Claudia Gallardo\" \/>\n<meta name=\"twitter:card\" content=\"summary_large_image\" \/>\n<meta name=\"twitter:title\" content=\"Intervenciones breves en adicciones\" \/>\n<meta name=\"twitter:description\" content=\"Capacitar a orientadores en la detecci\u00f3n temprana del consumo de sustancias y en la aplicaci\u00f3n de intervenciones breves para modificar los h\u00e1bitos de consumo de alcohol y drogas\" \/>\n<meta name=\"twitter:image\" content=\"https:\/\/i0.wp.com\/lafuente.mx\/wp-content\/uploads\/2023\/07\/DSC_0017-scaled.jpg?fit=2560%2C1700&ssl=1\" \/>\n<meta name=\"twitter:label1\" content=\"Escrito por\" \/>\n\t<meta name=\"twitter:data1\" content=\"Claudia Gallardo\" \/>\n\t<meta name=\"twitter:label2\" content=\"Tiempo de lectura\" \/>\n\t<meta name=\"twitter:data2\" content=\"2 minutos\" \/>\n<script type=\"application\/ld+json\" class=\"yoast-schema-graph\">{\"@context\":\"https:\/\/schema.org\",\"@graph\":[{\"@type\":\"WebSite\",\"@id\":\"https:\/\/lafuente.mx\/#website\",\"url\":\"https:\/\/lafuente.mx\/\",\"name\":\"\",\"description\":\"Informaci\u00f3n confiable sobre salud mental\",\"potentialAction\":[{\"@type\":\"SearchAction\",\"target\":{\"@type\":\"EntryPoint\",\"urlTemplate\":\"https:\/\/lafuente.mx\/?s={search_term_string}\"},\"query-input\":\"required name=search_term_string\"}],\"inLanguage\":\"es-MX\"},{\"@type\":\"WebPage\",\"@id\":\"https:\/\/lafuente.mx\/?p=1513\",\"url\":\"https:\/\/lafuente.mx\/?p=1513\",\"name\":\"Intervenciones breves en adicciones\u00a0 -\",\"isPartOf\":{\"@id\":\"https:\/\/lafuente.mx\/#website\"},\"datePublished\":\"2023-07-27T08:08:00+00:00\",\"dateModified\":\"2023-08-28T18:13:33+00:00\",\"author\":{\"@id\":\"https:\/\/lafuente.mx\/#\/schema\/person\/603f3aa8e2f6f7879021ab722d39d6b0\"},\"description\":\"Capacitar a orientadores en la detecci\u00f3n temprana del consumo de sustancias y en la aplicaci\u00f3n de intervenciones breves para modificar los h\u00e1bitos de consumo de alcohol y drogas\",\"breadcrumb\":{\"@id\":\"https:\/\/lafuente.mx\/?p=1513#breadcrumb\"},\"inLanguage\":\"es-MX\",\"potentialAction\":[{\"@type\":\"ReadAction\",\"target\":[\"https:\/\/lafuente.mx\/?p=1513\"]}]},{\"@type\":\"BreadcrumbList\",\"@id\":\"https:\/\/lafuente.mx\/?p=1513#breadcrumb\",\"itemListElement\":[{\"@type\":\"ListItem\",\"position\":1,\"name\":\"Inicio\",\"item\":\"https:\/\/lafuente.mx\/\"},{\"@type\":\"ListItem\",\"position\":2,\"name\":\"Intervenciones breves en adicciones\u00a0\"}]},{\"@type\":\"Person\",\"@id\":\"https:\/\/lafuente.mx\/#\/schema\/person\/603f3aa8e2f6f7879021ab722d39d6b0\",\"name\":\"Claudia Gallardo\",\"image\":{\"@type\":\"ImageObject\",\"inLanguage\":\"es-MX\",\"@id\":\"https:\/\/lafuente.mx\/#\/schema\/person\/image\/\",\"url\":\"https:\/\/secure.gravatar.com\/avatar\/bfe9c966af1ccfb9d17bcdb9d04e8815?s=96&d=mm&r=g\",\"contentUrl\":\"https:\/\/secure.gravatar.com\/avatar\/bfe9c966af1ccfb9d17bcdb9d04e8815?s=96&d=mm&r=g\",\"caption\":\"Claudia Gallardo\"},\"url\":\"https:\/\/lafuente.mx\/?author=3\"}]}<\/script>\n<!-- \/ Yoast SEO plugin. -->","yoast_head_json":{"title":"Intervenciones breves en adicciones\u00a0 -","description":"Capacitar a orientadores en la detecci\u00f3n temprana del consumo de sustancias y en la aplicaci\u00f3n de intervenciones breves para modificar los h\u00e1bitos de consumo de alcohol y drogas","robots":{"index":"index","follow":"follow","max-snippet":"max-snippet:-1","max-image-preview":"max-image-preview:large","max-video-preview":"max-video-preview:-1"},"canonical":"https:\/\/lafuente.mx\/?p=1513","og_locale":"es_MX","og_type":"article","og_title":"Intervenciones breves en adicciones","og_description":"Capacitar a orientadores en la detecci\u00f3n temprana del consumo de sustancias y en la aplicaci\u00f3n de intervenciones breves para modificar los h\u00e1bitos de consumo de alcohol y drogas","og_url":"https:\/\/lafuente.mx\/?p=1513","article_published_time":"2023-07-27T08:08:00+00:00","article_modified_time":"2023-08-28T18:13:33+00:00","og_image":[{"width":2560,"height":1700,"url":"http:\/\/lafuente.mx\/wp-content\/uploads\/2023\/07\/DSC_0017-scaled.jpg","type":"image\/jpeg"}],"author":"Claudia Gallardo","twitter_card":"summary_large_image","twitter_title":"Intervenciones breves en adicciones","twitter_description":"Capacitar a orientadores en la detecci\u00f3n temprana del consumo de sustancias y en la aplicaci\u00f3n de intervenciones breves para modificar los h\u00e1bitos de consumo de alcohol y drogas","twitter_image":"https:\/\/i0.wp.com\/lafuente.mx\/wp-content\/uploads\/2023\/07\/DSC_0017-scaled.jpg?fit=2560%2C1700&ssl=1","twitter_misc":{"Escrito por":"Claudia Gallardo","Tiempo de lectura":"2 minutos"},"schema":{"@context":"https:\/\/schema.org","@graph":[{"@type":"WebSite","@id":"https:\/\/lafuente.mx\/#website","url":"https:\/\/lafuente.mx\/","name":"","description":"Informaci\u00f3n confiable sobre salud mental","potentialAction":[{"@type":"SearchAction","target":{"@type":"EntryPoint","urlTemplate":"https:\/\/lafuente.mx\/?s={search_term_string}"},"query-input":"required name=search_term_string"}],"inLanguage":"es-MX"},{"@type":"WebPage","@id":"https:\/\/lafuente.mx\/?p=1513","url":"https:\/\/lafuente.mx\/?p=1513","name":"Intervenciones breves en adicciones\u00a0 -","isPartOf":{"@id":"https:\/\/lafuente.mx\/#website"},"datePublished":"2023-07-27T08:08:00+00:00","dateModified":"2023-08-28T18:13:33+00:00","author":{"@id":"https:\/\/lafuente.mx\/#\/schema\/person\/603f3aa8e2f6f7879021ab722d39d6b0"},"description":"Capacitar a orientadores en la detecci\u00f3n temprana del consumo de sustancias y en la aplicaci\u00f3n de intervenciones breves para modificar los h\u00e1bitos de consumo de alcohol y drogas","breadcrumb":{"@id":"https:\/\/lafuente.mx\/?p=1513#breadcrumb"},"inLanguage":"es-MX","potentialAction":[{"@type":"ReadAction","target":["https:\/\/lafuente.mx\/?p=1513"]}]},{"@type":"BreadcrumbList","@id":"https:\/\/lafuente.mx\/?p=1513#breadcrumb","itemListElement":[{"@type":"ListItem","position":1,"name":"Inicio","item":"https:\/\/lafuente.mx\/"},{"@type":"ListItem","position":2,"name":"Intervenciones breves en adicciones\u00a0"}]},{"@type":"Person","@id":"https:\/\/lafuente.mx\/#\/schema\/person\/603f3aa8e2f6f7879021ab722d39d6b0","name":"Claudia Gallardo","image":{"@type":"ImageObject","inLanguage":"es-MX","@id":"https:\/\/lafuente.mx\/#\/schema\/person\/image\/","url":"https:\/\/secure.gravatar.com\/avatar\/bfe9c966af1ccfb9d17bcdb9d04e8815?s=96&d=mm&r=g","contentUrl":"https:\/\/secure.gravatar.com\/avatar\/bfe9c966af1ccfb9d17bcdb9d04e8815?s=96&d=mm&r=g","caption":"Claudia Gallardo"},"url":"https:\/\/lafuente.mx\/?author=3"}]}},"jetpack_featured_media_url":"https:\/\/i0.wp.com\/lafuente.mx\/wp-content\/uploads\/2023\/07\/DSC_0017-scaled.jpg?fit=2560%2C1700&ssl=1","jetpack-related-posts":[{"id":2241,"url":"https:\/\/lafuente.mx\/?p=2241","url_meta":{"origin":1513,"position":0},"title":"Farmacolog\u00eda de las sustancias de abuso\u00a0","date":"abril 19, 2024","format":false,"excerpt":"Del 29 de abril al 10 de mayo de 2024 \u00a0 CoordinadoraDra. Diana P\u00e9rez Molina\u00a0 Dirigido a Profesionales de medicina y especialistas en psiquiatr\u00eda\u00a0 Objetivo generalRevisar la neurobiolog\u00eda de las sustancias de abuso y el mecanismo de acci\u00f3n de los psicof\u00e1rmacos empleados para el manejo de las adicciones\u00a0 Tem\u00e1tica \u2022\u2026","rel":"","context":"En &quot;Cursos&quot;","img":{"alt_text":"","src":"https:\/\/i0.wp.com\/lafuente.mx\/wp-content\/uploads\/2024\/04\/WhatsApp-Image-2024-04-19-at-2.06.22-PM.jpeg?fit=1200%2C927&ssl=1&resize=350%2C200","width":350,"height":200},"classes":[]},{"id":1178,"url":"https:\/\/lafuente.mx\/?p=1178","url_meta":{"origin":1513,"position":1},"title":"Farmacolog\u00eda de las sustancias de abuso\u00a0","date":"abril 28, 2023","format":false,"excerpt":"Del 15 al 26 de mayo de 2023\u00a0\u00a0 Coordinadora\u00a0 Dra. Diana P\u00e9rez Molina\u00a0 + sesiones interactivas en streaming\u00a0 Acceso ilimitado 24 horas en Google Classroom\u00a0 Costo\u00a0 Sin costo, cupo limitado\u00a0 20 h (aval INPRFM)\u00a0 Dirigido a\u00a0 Profesionales de medicina y especialistas en psiquiatr\u00eda\u00a0 Objetivo general\u00a0 Revisar la neurobiolog\u00eda de las\u2026","rel":"","context":"En &quot;Cursos&quot;","img":{"alt_text":"","src":"https:\/\/i0.wp.com\/lafuente.mx\/wp-content\/uploads\/2023\/04\/nuevas-drogas-apprevenir.jpeg?fit=960%2C640&ssl=1&resize=350%2C200","width":350,"height":200},"classes":[]},{"id":1217,"url":"https:\/\/lafuente.mx\/?p=1217","url_meta":{"origin":1513,"position":2},"title":"Familia y adicciones\u00a0","date":"mayo 16, 2023","format":false,"excerpt":"Del 5 de junio al 31 de julio, 2023\u00a0 Curso en l\u00ednea\u00a0 Coordinadora acad\u00e9mica:\u00a0Dra. Guillermina Natera Rey\u00a0 Dirigido a:\u00a0 Profesionales de la salud y afines\u00a0 Objetivo general:\u00a0 Formar orientadores para intervenir y apoyar a las familias a enfrentar la problem\u00e1tica de consumo de alcohol o drogas de alguno de sus\u2026","rel":"","context":"En &quot;Cursos&quot;","img":{"alt_text":"","src":"https:\/\/i0.wp.com\/lafuente.mx\/wp-content\/uploads\/2023\/05\/Captura-de-Pantalla-2023-05-15-a-las-10.26.24.png?fit=1200%2C765&ssl=1&resize=350%2C200","width":350,"height":200},"classes":[]},{"id":1824,"url":"https:\/\/lafuente.mx\/?p=1824","url_meta":{"origin":1513,"position":3},"title":"Curso en l\u00ednea. Fentanilo y otros opioides: Desde el receptor hasta el abordaje cl\u00ednico \u00a0","date":"octubre 27, 2023","format":false,"excerpt":"Del 6 al 17 de noviembre de 2023\u00a0 Coordinan:\u00a0 Dra. Sara Infante Murillo\u00a0 Dra. Natalia Morales Carrasco\u00a0 Acceso ilimitado 24 horas en Google Classroom + sesiones interactivas en tiempo real Inscripci\u00f3n\u00a0 Dirigido a:\u00a0 Personal de salud del \u00e1rea m\u00e9dica, psicolog\u00eda, psiquiatr\u00eda y enfermer\u00eda\u00a0 Objetivo general:\u00a0 Reconocer el contexto social del\u2026","rel":"","context":"En &quot;Cursos&quot;","img":{"alt_text":"","src":"https:\/\/i0.wp.com\/lafuente.mx\/wp-content\/uploads\/2023\/10\/examen-medico-scaled.jpg?fit=1200%2C801&ssl=1&resize=350%2C200","width":350,"height":200},"classes":[]},{"id":968,"url":"https:\/\/lafuente.mx\/?p=968","url_meta":{"origin":1513,"position":4},"title":"Intervenci\u00f3n para prevenci\u00f3n de adicciones en j\u00f3venes \u00a0","date":"marzo 24, 2023","format":false,"excerpt":"Del 10 de abril al 19 de mayo, 2023\u00a0 Coordinadora acad\u00e9mica: Dra. Patricia Fuentes de Iturbe \u00a0 Dirigido a: Profesionales de la salud, educaci\u00f3n y afines \u00a0 Objetivo: Capacitar en el manejo de una intervenci\u00f3n preventiva para aumentar la percepci\u00f3n de riesgo de uso de sustancias y fortalecer habilidades para\u2026","rel":"","context":"En &quot;Cursos en l\u00ednea&quot;","img":{"alt_text":"","src":"https:\/\/i0.wp.com\/lafuente.mx\/wp-content\/uploads\/2023\/03\/Captura-de-Pantalla-2023-03-23-a-las-12.26.58.png?fit=1200%2C1062&ssl=1&resize=350%2C200","width":350,"height":200},"classes":[]},{"id":2110,"url":"https:\/\/lafuente.mx\/?p=2110","url_meta":{"origin":1513,"position":5},"title":"Abordaje interdisciplinario en el acompa\u00f1amiento para la p\u00e9rdida de peso: una visi\u00f3n desde la salud mental","date":"febrero 28, 2024","format":false,"excerpt":"Del 4 al 15 de marzo de 2024\u00a0Acceso ilimitado 24 horas en Google Classroom + sesiones interactivas en tiempo real\u00a0 Coordinan:\u00a0 Dra. Mar\u00eda Magdalena Ocampo Regla\u00a0 Dr. H\u00e9ctor V. Esquivias Zavala\u00a0 Dirigido a:\u00a0 Profesionales de la salud de las siguientes disciplinas: medicina, psicolog\u00eda, nutrici\u00f3n, activaci\u00f3n f\u00edsica, trabajo social y enfermer\u00eda\u00a0\u2026","rel":"","context":"En &quot;Cursos&quot;","img":{"alt_text":"","src":"https:\/\/i0.wp.com\/lafuente.mx\/wp-content\/uploads\/2024\/02\/240228-edited.jpg?fit=1200%2C675&ssl=1&resize=350%2C200","width":350,"height":200},"classes":[]}],"jetpack_sharing_enabled":true,"jetpack_shortlink":"https:\/\/wp.me\/pe9WUx-op","_links":{"self":[{"href":"https:\/\/lafuente.mx\/index.php?rest_route=\/wp\/v2\/posts\/1513"}],"collection":[{"href":"https:\/\/lafuente.mx\/index.php?rest_route=\/wp\/v2\/posts"}],"about":[{"href":"https:\/\/lafuente.mx\/index.php?rest_route=\/wp\/v2\/types\/post"}],"author":[{"embeddable":true,"href":"https:\/\/lafuente.mx\/index.php?rest_route=\/wp\/v2\/users\/3"}],"replies":[{"embeddable":true,"href":"https:\/\/lafuente.mx\/index.php?rest_route=%2Fwp%2Fv2%2Fcomments&post=1513"}],"version-history":[{"count":7,"href":"https:\/\/lafuente.mx\/index.php?rest_route=\/wp\/v2\/posts\/1513\/revisions"}],"predecessor-version":[{"id":1592,"href":"https:\/\/lafuente.mx\/index.php?rest_route=\/wp\/v2\/posts\/1513\/revisions\/1592"}],"wp:featuredmedia":[{"embeddable":true,"href":"https:\/\/lafuente.mx\/index.php?rest_route=\/wp\/v2\/media\/1531"}],"wp:attachment":[{"href":"https:\/\/lafuente.mx\/index.php?rest_route=%2Fwp%2Fv2%2Fmedia&parent=1513"}],"wp:term":[{"taxonomy":"category","embeddable":true,"href":"https:\/\/lafuente.mx\/index.php?rest_route=%2Fwp%2Fv2%2Fcategories&post=1513"},{"taxonomy":"post_tag","embeddable":true,"href":"https:\/\/lafuente.mx\/index.php?rest_route=%2Fwp%2Fv2%2Ftags&post=1513"}],"curies":[{"name":"wp","href":"https:\/\/api.w.org\/{rel}","templated":true}]}}