{"id":1445,"date":"2023-07-14T19:15:51","date_gmt":"2023-07-14T19:15:51","guid":{"rendered":"https:\/\/lafuente.mx\/?p=1445"},"modified":"2023-07-19T19:26:24","modified_gmt":"2023-07-19T19:26:24","slug":"pangeos","status":"publish","type":"post","link":"https:\/\/lafuente.mx\/?p=1445","title":{"rendered":"PANGEOS"},"content":{"rendered":"<div class=\"wp-block-image\">\n<figure class=\"aligncenter size-full\"><img decoding=\"async\" loading=\"lazy\" width=\"318\" height=\"98\" src=\"https:\/\/i0.wp.com\/lafuente.mx\/wp-content\/uploads\/2023\/07\/PANGEOS.jpg?resize=318%2C98&#038;ssl=1\" alt=\"\" class=\"wp-image-1447\" srcset=\"https:\/\/i0.wp.com\/lafuente.mx\/wp-content\/uploads\/2023\/07\/PANGEOS.jpg?w=318&amp;ssl=1 318w, https:\/\/i0.wp.com\/lafuente.mx\/wp-content\/uploads\/2023\/07\/PANGEOS.jpg?resize=300%2C92&amp;ssl=1 300w\" sizes=\"(max-width: 318px) 100vw, 318px\" data-recalc-dims=\"1\" \/><\/figure><\/div>\n\n\n<p><strong>PANGEOS<\/strong><br>Es una Plataforma de An\u00e1lisis Geoestad\u00edstico en Salud Mental la cual re\u00fane en un solo sitio informaci\u00f3n hist\u00f3rica relacionada con recursos humanos, mortalidad, morbilidad y servicios de salud para personas con trastornos mentales, uso de sustancias y lesiones entre los a\u00f1os 2000 y 2021.&nbsp;<\/p>\n\n\n\n<p><strong>ANTECEDENTES<\/strong><br>En M\u00e9xico los trastornos mentales, neurol\u00f3gicos, consumo de sustancias y el suicidio constituyen el segundo grupo de enfermedades que concentra las mayores tasas de a\u00f1os de vida ajustados en funci\u00f3n de la discapacidad. Para hacer frente a esta situaci\u00f3n es necesario contar con programas y servicios de atenci\u00f3n resolutivos y con capacidad t\u00e9cnica. Sin embargo, la informaci\u00f3n que permite dar cuenta del avance en esta materia est\u00e1 fragmentada, la investigaci\u00f3n es escasa principalmente por los costos que representan realizar estudios para estimar el impacto de los programas y las pol\u00edticas p\u00fablicas.&nbsp;<\/p>\n\n\n\n<p>A trav\u00e9s del proyecto: Sistema de Monitoreo de la Atenci\u00f3n a los Trastornos Mentales y del Comportamiento debidos al Consumo de Sustancias se desarroll\u00f3 la Plataforma de An\u00e1lisis Geoestad\u00edstico en Salud Mental (PANGEOS-MX) como resultado de un esfuerzo conjunto del Programa Nacional Estrat\u00e9gico PRONACES-SALUD, del Instituto Nacional de Psiquiatr\u00eda Ram\u00f3n de la Fuente Mu\u00f1iz y de la Facultad de Psicolog\u00eda de la UNAM.&nbsp;<\/p>\n\n\n\n<div class=\"wp-block-buttons is-layout-flex wp-block-buttons-is-layout-flex\">\n<div class=\"wp-block-button is-style-fill\"><a class=\"wp-block-button__link has-background\" href=\"http:\/\/pangeos.ddns.net\" style=\"background-color:#682e9b\" target=\"_blank\" rel=\"noreferrer noopener\">Visita PANGEOS<\/a><\/div>\n<\/div>\n\n\n\n<hr class=\"wp-block-separator aligncenter has-text-color has-alpha-channel-opacity has-background\" style=\"background-color:#682e9b;color:#682e9b\"\/>\n\n\n\n<div class=\"wp-block-buttons is-layout-flex wp-block-buttons-is-layout-flex\">\n<div class=\"wp-block-button\"><a class=\"wp-block-button__link has-background\" href=\"https:\/\/www.facebook.com\/INPRFM\/videos\/779238190613301\" style=\"background-color:#8e1717\" target=\"_blank\" rel=\"noreferrer noopener\">M\u00e1s informaci\u00f3n<\/a><\/div>\n<\/div>\n","protected":false},"excerpt":{"rendered":"<p>PANGEOSEs una Plataforma de An\u00e1lisis Geoestad\u00edstico en Salud Mental la cual re\u00fane en un solo sitio informaci\u00f3n hist\u00f3rica relacionada con recursos humanos, mortalidad, morbilidad y<\/p>\n","protected":false},"author":5,"featured_media":1454,"comment_status":"closed","ping_status":"closed","sticky":false,"template":"","format":"standard","meta":{"footnotes":"","jetpack_publicize_message":"","jetpack_is_tweetstorm":false,"jetpack_publicize_feature_enabled":true},"categories":[14],"tags":[345,21,344,347,346,32,335,207],"jetpack_publicize_connections":[],"yoast_head":"<!-- This site is optimized with the Yoast SEO plugin v19.4 - https:\/\/yoast.com\/wordpress\/plugins\/seo\/ -->\n<title>PANGEOS -<\/title>\n<meta name=\"description\" content=\"PANGEOS\" \/>\n<meta name=\"robots\" content=\"index, follow, max-snippet:-1, max-image-preview:large, max-video-preview:-1\" \/>\n<link rel=\"canonical\" href=\"https:\/\/lafuente.mx\/?p=1445\" \/>\n<meta property=\"og:locale\" content=\"es_MX\" \/>\n<meta property=\"og:type\" content=\"article\" \/>\n<meta property=\"og:title\" content=\"PANGEOS\" \/>\n<meta property=\"og:description\" content=\"PANGEOS Es una Plataforma de An\u00e1lisis Geoestad\u00edstico en Salud Mental\" \/>\n<meta property=\"og:url\" content=\"https:\/\/lafuente.mx\/?p=1445\" \/>\n<meta property=\"article:published_time\" content=\"2023-07-14T19:15:51+00:00\" \/>\n<meta property=\"article:modified_time\" content=\"2023-07-19T19:26:24+00:00\" \/>\n<meta property=\"og:image\" content=\"http:\/\/lafuente.mx\/wp-content\/uploads\/2023\/07\/senora-negocios-marketing-camisa-rayas-oficina-computadora-apuntando-graficos-tablas-scaled.jpg\" \/>\n\t<meta property=\"og:image:width\" content=\"2560\" \/>\n\t<meta property=\"og:image:height\" content=\"1707\" \/>\n\t<meta property=\"og:image:type\" content=\"image\/jpeg\" \/>\n<meta name=\"author\" content=\"Dar\u00edo Ram\u00edrez\" \/>\n<meta name=\"twitter:card\" content=\"summary_large_image\" \/>\n<meta name=\"twitter:title\" content=\"PANGEOS\" \/>\n<meta name=\"twitter:description\" content=\"PANGEOS Es una Plataforma de An\u00e1lisis Geoestad\u00edstico en Salud Mental\" \/>\n<meta name=\"twitter:image\" content=\"https:\/\/i0.wp.com\/lafuente.mx\/wp-content\/uploads\/2023\/07\/senora-negocios-marketing-camisa-rayas-oficina-computadora-apuntando-graficos-tablas-scaled.jpg?fit=2560%2C1707&ssl=1\" \/>\n<meta name=\"twitter:label1\" content=\"Escrito por\" \/>\n\t<meta name=\"twitter:data1\" content=\"Dar\u00edo Ram\u00edrez\" \/>\n\t<meta name=\"twitter:label2\" content=\"Tiempo de lectura\" \/>\n\t<meta name=\"twitter:data2\" content=\"2 minutos\" \/>\n<script type=\"application\/ld+json\" class=\"yoast-schema-graph\">{\"@context\":\"https:\/\/schema.org\",\"@graph\":[{\"@type\":\"WebSite\",\"@id\":\"https:\/\/lafuente.mx\/#website\",\"url\":\"https:\/\/lafuente.mx\/\",\"name\":\"\",\"description\":\"Informaci\u00f3n confiable sobre salud mental\",\"potentialAction\":[{\"@type\":\"SearchAction\",\"target\":{\"@type\":\"EntryPoint\",\"urlTemplate\":\"https:\/\/lafuente.mx\/?s={search_term_string}\"},\"query-input\":\"required name=search_term_string\"}],\"inLanguage\":\"es-MX\"},{\"@type\":\"WebPage\",\"@id\":\"https:\/\/lafuente.mx\/?p=1445\",\"url\":\"https:\/\/lafuente.mx\/?p=1445\",\"name\":\"PANGEOS -\",\"isPartOf\":{\"@id\":\"https:\/\/lafuente.mx\/#website\"},\"datePublished\":\"2023-07-14T19:15:51+00:00\",\"dateModified\":\"2023-07-19T19:26:24+00:00\",\"author\":{\"@id\":\"https:\/\/lafuente.mx\/#\/schema\/person\/b9cc1ac3941245ec61c80638a92abfb6\"},\"description\":\"PANGEOS\",\"breadcrumb\":{\"@id\":\"https:\/\/lafuente.mx\/?p=1445#breadcrumb\"},\"inLanguage\":\"es-MX\",\"potentialAction\":[{\"@type\":\"ReadAction\",\"target\":[\"https:\/\/lafuente.mx\/?p=1445\"]}]},{\"@type\":\"BreadcrumbList\",\"@id\":\"https:\/\/lafuente.mx\/?p=1445#breadcrumb\",\"itemListElement\":[{\"@type\":\"ListItem\",\"position\":1,\"name\":\"Inicio\",\"item\":\"https:\/\/lafuente.mx\/\"},{\"@type\":\"ListItem\",\"position\":2,\"name\":\"PANGEOS\"}]},{\"@type\":\"Person\",\"@id\":\"https:\/\/lafuente.mx\/#\/schema\/person\/b9cc1ac3941245ec61c80638a92abfb6\",\"name\":\"Dar\u00edo Ram\u00edrez\",\"image\":{\"@type\":\"ImageObject\",\"inLanguage\":\"es-MX\",\"@id\":\"https:\/\/lafuente.mx\/#\/schema\/person\/image\/\",\"url\":\"https:\/\/secure.gravatar.com\/avatar\/bd5441528d8085d08a897e5789079259?s=96&d=mm&r=g\",\"contentUrl\":\"https:\/\/secure.gravatar.com\/avatar\/bd5441528d8085d08a897e5789079259?s=96&d=mm&r=g\",\"caption\":\"Dar\u00edo Ram\u00edrez\"},\"url\":\"https:\/\/lafuente.mx\/?author=5\"}]}<\/script>\n<!-- \/ Yoast SEO plugin. -->","yoast_head_json":{"title":"PANGEOS -","description":"PANGEOS","robots":{"index":"index","follow":"follow","max-snippet":"max-snippet:-1","max-image-preview":"max-image-preview:large","max-video-preview":"max-video-preview:-1"},"canonical":"https:\/\/lafuente.mx\/?p=1445","og_locale":"es_MX","og_type":"article","og_title":"PANGEOS","og_description":"PANGEOS Es una Plataforma de An\u00e1lisis Geoestad\u00edstico en Salud Mental","og_url":"https:\/\/lafuente.mx\/?p=1445","article_published_time":"2023-07-14T19:15:51+00:00","article_modified_time":"2023-07-19T19:26:24+00:00","og_image":[{"width":2560,"height":1707,"url":"http:\/\/lafuente.mx\/wp-content\/uploads\/2023\/07\/senora-negocios-marketing-camisa-rayas-oficina-computadora-apuntando-graficos-tablas-scaled.jpg","type":"image\/jpeg"}],"author":"Dar\u00edo Ram\u00edrez","twitter_card":"summary_large_image","twitter_title":"PANGEOS","twitter_description":"PANGEOS Es una Plataforma de An\u00e1lisis Geoestad\u00edstico en Salud Mental","twitter_image":"https:\/\/i0.wp.com\/lafuente.mx\/wp-content\/uploads\/2023\/07\/senora-negocios-marketing-camisa-rayas-oficina-computadora-apuntando-graficos-tablas-scaled.jpg?fit=2560%2C1707&ssl=1","twitter_misc":{"Escrito por":"Dar\u00edo Ram\u00edrez","Tiempo de lectura":"2 minutos"},"schema":{"@context":"https:\/\/schema.org","@graph":[{"@type":"WebSite","@id":"https:\/\/lafuente.mx\/#website","url":"https:\/\/lafuente.mx\/","name":"","description":"Informaci\u00f3n confiable sobre salud mental","potentialAction":[{"@type":"SearchAction","target":{"@type":"EntryPoint","urlTemplate":"https:\/\/lafuente.mx\/?s={search_term_string}"},"query-input":"required name=search_term_string"}],"inLanguage":"es-MX"},{"@type":"WebPage","@id":"https:\/\/lafuente.mx\/?p=1445","url":"https:\/\/lafuente.mx\/?p=1445","name":"PANGEOS -","isPartOf":{"@id":"https:\/\/lafuente.mx\/#website"},"datePublished":"2023-07-14T19:15:51+00:00","dateModified":"2023-07-19T19:26:24+00:00","author":{"@id":"https:\/\/lafuente.mx\/#\/schema\/person\/b9cc1ac3941245ec61c80638a92abfb6"},"description":"PANGEOS","breadcrumb":{"@id":"https:\/\/lafuente.mx\/?p=1445#breadcrumb"},"inLanguage":"es-MX","potentialAction":[{"@type":"ReadAction","target":["https:\/\/lafuente.mx\/?p=1445"]}]},{"@type":"BreadcrumbList","@id":"https:\/\/lafuente.mx\/?p=1445#breadcrumb","itemListElement":[{"@type":"ListItem","position":1,"name":"Inicio","item":"https:\/\/lafuente.mx\/"},{"@type":"ListItem","position":2,"name":"PANGEOS"}]},{"@type":"Person","@id":"https:\/\/lafuente.mx\/#\/schema\/person\/b9cc1ac3941245ec61c80638a92abfb6","name":"Dar\u00edo Ram\u00edrez","image":{"@type":"ImageObject","inLanguage":"es-MX","@id":"https:\/\/lafuente.mx\/#\/schema\/person\/image\/","url":"https:\/\/secure.gravatar.com\/avatar\/bd5441528d8085d08a897e5789079259?s=96&d=mm&r=g","contentUrl":"https:\/\/secure.gravatar.com\/avatar\/bd5441528d8085d08a897e5789079259?s=96&d=mm&r=g","caption":"Dar\u00edo Ram\u00edrez"},"url":"https:\/\/lafuente.mx\/?author=5"}]}},"jetpack_featured_media_url":"https:\/\/i0.wp.com\/lafuente.mx\/wp-content\/uploads\/2023\/07\/senora-negocios-marketing-camisa-rayas-oficina-computadora-apuntando-graficos-tablas-scaled.jpg?fit=2560%2C1707&ssl=1","jetpack-related-posts":[{"id":1283,"url":"https:\/\/lafuente.mx\/?p=1283","url_meta":{"origin":1445,"position":0},"title":"Se crea Comisi\u00f3n Nacional de Salud Mental y Adicciones por decreto publicado en el DOF\u00a0","date":"junio 9, 2023","format":false,"excerpt":"Fusiona atribuciones de las tres instancias rectoras en la materia\u00a0 Secretar\u00eda de Salud | 29 de mayo de 2023 | Nacional\u00a0 Con el objetivo de promover la salud mental y el bienestar integral de la poblaci\u00f3n, se public\u00f3 en el Diario Oficial de la Federaci\u00f3n (DOF) el decreto por el\u2026","rel":"","context":"En &quot;Noticias&quot;","img":{"alt_text":"","src":"https:\/\/i0.wp.com\/lafuente.mx\/wp-content\/uploads\/2023\/06\/secratrio-Salud.jpeg?fit=1200%2C800&ssl=1&resize=350%2C200","width":350,"height":200},"classes":[]},{"id":1488,"url":"https:\/\/lafuente.mx\/?p=1488","url_meta":{"origin":1445,"position":1},"title":"Los factores de riesgo de la pandemia de COVID-19 para la depresi\u00f3n entre los estudiantes de posgrado en salud\u00a0","date":"julio 21, 2023","format":false,"excerpt":"Fernanda Rocha Anjos de Oliveira Souza, Vagner Ferreira do Nascimento, Mariano Martinez Espinosa, Sandra Cristina Pillon, Chris Wagstaff, Ana Cl\u00e1udia Pereira Ter\u00e7as-Trettel Introducci\u00f3n.\u00a0La pandemia ha generado desaf\u00edos que impactan en la salud mental de la poblaci\u00f3n, incluidos los estudiantes de posgrado en salud.\u00a0\u00a0Objetivo.\u00a0Evaluar los factores asociados a la depresi\u00f3n en\u2026","rel":"","context":"En &quot;Revista Salud Mental&quot;","img":{"alt_text":"","src":"https:\/\/i0.wp.com\/lafuente.mx\/wp-content\/uploads\/2023\/07\/doctor-triste-tiro-medio-mascara-edited-scaled.jpg?fit=1200%2C675&ssl=1&resize=350%2C200","width":350,"height":200},"classes":[]},{"id":1790,"url":"https:\/\/lafuente.mx\/?p=1790","url_meta":{"origin":1445,"position":2},"title":"En M\u00e9xico, nuevo modelo de salud mental y adicciones acerca servicios a la comunidad","date":"octubre 23, 2023","format":false,"excerpt":"Comisi\u00f3n Nacional de Salud Mental y Adicciones Ciudad de M\u00e9xico, 11 de octubre de 2023. El nuevo modelo de salud mental y adicciones permite acercar esos servicios a la comunidad, a trav\u00e9s de una red de 341 Centros Comunitarios de Salud Mental y Adicciones (Cecosama) que garantizan el acceso equitativo\u2026","rel":"","context":"En &quot;Noticias&quot;","img":{"alt_text":"","src":"https:\/\/i0.wp.com\/lafuente.mx\/wp-content\/uploads\/2023\/10\/image.png?fit=650%2C380&ssl=1&resize=350%2C200","width":350,"height":200},"classes":[]},{"id":2599,"url":"https:\/\/lafuente.mx\/?p=2599","url_meta":{"origin":1445,"position":3},"title":"Primer Encuentro de Psicodelia en M\u00e9xico a favor de la Salud Mental\u00a0","date":"octubre 22, 2024","format":false,"excerpt":"29 y 30 de noviembre, 2024 En un contexto donde la crisis de salud mental afecta a millones de personas a nivel global, M\u00e9xico se posiciona como un referente para la investigaci\u00f3n y el desarrollo de terapias alternativas con bases cient\u00edficas.\u00a0 15 de octubre Una soluci\u00f3n ancestral a una crisis\u2026","rel":"","context":"En &quot;Noticias&quot;","img":{"alt_text":"","src":"https:\/\/i0.wp.com\/lafuente.mx\/wp-content\/uploads\/2024\/10\/Captura-de-pantalla-2024-10-22-a-las-9.34.35.png?fit=1120%2C1200&ssl=1&resize=350%2C200","width":350,"height":200},"classes":[]},{"id":1510,"url":"https:\/\/lafuente.mx\/?p=1510","url_meta":{"origin":1445,"position":4},"title":"En M\u00e9xico, 3.6 millones de personas adultas padecen depresi\u00f3n\u00a0","date":"julio 25, 2023","format":false,"excerpt":"Pandemia de COVID-19 aument\u00f3 a m\u00e1s del doble la prevalencia de estos problemas de salud, en comparaci\u00f3n con lo observado antes de 2019 Secretar\u00eda de Salud | 03 de julio de 2023\u00a0 La depresi\u00f3n es un trastorno mental caracterizado por disminuci\u00f3n del estado de \u00e1nimo, sentimientos de tristeza, dificultad para\u2026","rel":"","context":"En &quot;Noticias&quot;","img":{"alt_text":"","src":"https:\/\/i0.wp.com\/lafuente.mx\/wp-content\/uploads\/2023\/07\/depresion.jpeg?fit=1000%2C667&ssl=1&resize=350%2C200","width":350,"height":200},"classes":[]},{"id":2039,"url":"https:\/\/lafuente.mx\/?p=2039","url_meta":{"origin":1445,"position":5},"title":"Consumo de productos ultraprocesados se asocia con cuadros de depresi\u00f3n y ansiedad\u00a0","date":"enero 24, 2024","format":false,"excerpt":"Activan un neurotransmisor llamado dopamina, que proporciona sensaci\u00f3n de placer; esto genera la necesidad de seguirlos consumiendo\u00a0 Secretar\u00eda de Salud | 16 de enero de 2024 | Nacional\u00a0 Es recomendable tomar como base de la alimentaci\u00f3n diaria el Plato del Bien Comer o las gu\u00edas alimentarias https:\/\/bit.ly\/3RYEHz2\u00a0 Ana Rosa Garc\u00eda,\u2026","rel":"","context":"En &quot;Noticias&quot;","img":{"alt_text":"","src":"https:\/\/i0.wp.com\/lafuente.mx\/wp-content\/uploads\/2024\/01\/platoBuen-comer.webp?fit=800%2C600&ssl=1&resize=350%2C200","width":350,"height":200},"classes":[]}],"jetpack_sharing_enabled":true,"jetpack_shortlink":"https:\/\/wp.me\/se9WUx-pangeos","_links":{"self":[{"href":"https:\/\/lafuente.mx\/index.php?rest_route=\/wp\/v2\/posts\/1445"}],"collection":[{"href":"https:\/\/lafuente.mx\/index.php?rest_route=\/wp\/v2\/posts"}],"about":[{"href":"https:\/\/lafuente.mx\/index.php?rest_route=\/wp\/v2\/types\/post"}],"author":[{"embeddable":true,"href":"https:\/\/lafuente.mx\/index.php?rest_route=\/wp\/v2\/users\/5"}],"replies":[{"embeddable":true,"href":"https:\/\/lafuente.mx\/index.php?rest_route=%2Fwp%2Fv2%2Fcomments&post=1445"}],"version-history":[{"count":8,"href":"https:\/\/lafuente.mx\/index.php?rest_route=\/wp\/v2\/posts\/1445\/revisions"}],"predecessor-version":[{"id":1456,"href":"https:\/\/lafuente.mx\/index.php?rest_route=\/wp\/v2\/posts\/1445\/revisions\/1456"}],"wp:featuredmedia":[{"embeddable":true,"href":"https:\/\/lafuente.mx\/index.php?rest_route=\/wp\/v2\/media\/1454"}],"wp:attachment":[{"href":"https:\/\/lafuente.mx\/index.php?rest_route=%2Fwp%2Fv2%2Fmedia&parent=1445"}],"wp:term":[{"taxonomy":"category","embeddable":true,"href":"https:\/\/lafuente.mx\/index.php?rest_route=%2Fwp%2Fv2%2Fcategories&post=1445"},{"taxonomy":"post_tag","embeddable":true,"href":"https:\/\/lafuente.mx\/index.php?rest_route=%2Fwp%2Fv2%2Ftags&post=1445"}],"curies":[{"name":"wp","href":"https:\/\/api.w.org\/{rel}","templated":true}]}}