{"id":142,"date":"2022-08-04T17:51:37","date_gmt":"2022-08-04T17:51:37","guid":{"rendered":"https:\/\/lafuente.mx\/?p=142"},"modified":"2022-08-09T13:24:08","modified_gmt":"2022-08-09T13:24:08","slug":"xviii-coloquio-de-neurohumanidades","status":"publish","type":"post","link":"https:\/\/lafuente.mx\/?p=142","title":{"rendered":"XVIII Coloquio de Neurohumanidades"},"content":{"rendered":"\n<p class=\"has-text-color has-large-font-size\" style=\"color:#a02222\"><strong>Conectoma y complejidad VII&nbsp;<\/strong><\/p>\n\n\n\n<hr class=\"wp-block-separator has-text-color has-vivid-red-color has-alpha-channel-opacity has-vivid-red-background-color has-background is-style-default\"\/>\n\n\n\n<p class=\"has-text-color has-medium-font-size\" style=\"color:#990a0a\">Del 29 al 31 de agosto, 2022&nbsp;<\/p>\n\n\n\n<figure class=\"wp-block-image size-large is-resized\"><img decoding=\"async\" loading=\"lazy\" src=\"https:\/\/i0.wp.com\/lafuente.mx\/wp-content\/uploads\/2022\/08\/Captura-de-Pantalla-2022-08-04-a-las-12.43.38-1024x786.png?resize=640%2C491&#038;ssl=1\" alt=\"\" class=\"wp-image-143\" width=\"640\" height=\"491\" srcset=\"https:\/\/i0.wp.com\/lafuente.mx\/wp-content\/uploads\/2022\/08\/Captura-de-Pantalla-2022-08-04-a-las-12.43.38.png?resize=1024%2C786&amp;ssl=1 1024w, https:\/\/i0.wp.com\/lafuente.mx\/wp-content\/uploads\/2022\/08\/Captura-de-Pantalla-2022-08-04-a-las-12.43.38.png?resize=300%2C230&amp;ssl=1 300w, https:\/\/i0.wp.com\/lafuente.mx\/wp-content\/uploads\/2022\/08\/Captura-de-Pantalla-2022-08-04-a-las-12.43.38.png?resize=768%2C589&amp;ssl=1 768w, https:\/\/i0.wp.com\/lafuente.mx\/wp-content\/uploads\/2022\/08\/Captura-de-Pantalla-2022-08-04-a-las-12.43.38.png?w=1048&amp;ssl=1 1048w\" sizes=\"(max-width: 640px) 100vw, 640px\" data-recalc-dims=\"1\" \/><\/figure>\n\n\n\n<p>Mesa 1.<br>Hormonas esteroides y psiquiatr\u00eda<\/p>\n\n\n\n<p>Mesa 2.<br>Hormonas esteroides y psiquiatr\u00eda<\/p>\n\n\n\n<p>Mesa 3.<br>Teor\u00eda de sistemas y biolog\u00eda<\/p>\n\n\n\n<p>Mesa 4.<br>Richard Zenith. Redes sem\u00e1nticas y neuroliteratura<\/p>\n\n\n\n<p>Mesa 5.<br>La neuroimagen en la cl\u00ednica<\/p>\n\n\n\n<p>Mesa 6.<br>Ciencias de la complejidad y neuroimagen<\/p>\n\n\n\n<p class=\"has-text-color has-small-font-size\" style=\"color:#5e6161\">\u00a0<\/p>\n\n\n\n<div class=\"wp-block-buttons is-layout-flex wp-block-buttons-is-layout-flex\">\n<div class=\"wp-block-button is-style-fill\"><a class=\"wp-block-button__link has-background\" href=\"http:\/\/www.inprf.gob.mx\/ensenanzanew\/info_cursos\/2022\/neurohumanidades_ago_22.pdf?fbclid=IwAR0rgDXHtPesbQvhU5vJzr5oX6wJ0Lu1KSH6NFQ_LLznlWKRLZgNtzkd78A\" style=\"background-color:#031850\">M\u00e1s informaci\u00f3n<\/a><\/div>\n<\/div>\n","protected":false},"excerpt":{"rendered":"<p>Conectoma y complejidad VII&nbsp; Del 29 al 31 de agosto, 2022&nbsp; Mesa 1.Hormonas esteroides y psiquiatr\u00eda Mesa 2.Hormonas esteroides y psiquiatr\u00eda Mesa 3.Teor\u00eda de sistemas<\/p>\n","protected":false},"author":3,"featured_media":143,"comment_status":"closed","ping_status":"closed","sticky":false,"template":"","format":"standard","meta":{"footnotes":"","jetpack_publicize_message":"","jetpack_is_tweetstorm":false,"jetpack_publicize_feature_enabled":true},"categories":[8],"tags":[],"jetpack_publicize_connections":[],"yoast_head":"<!-- This site is optimized with the Yoast SEO plugin v19.4 - https:\/\/yoast.com\/wordpress\/plugins\/seo\/ -->\n<title>XVIII Coloquio de Neurohumanidades -<\/title>\n<meta name=\"description\" content=\"Conectoma y complejidad VII\u00a0\" \/>\n<meta name=\"robots\" content=\"index, follow, max-snippet:-1, max-image-preview:large, max-video-preview:-1\" \/>\n<link rel=\"canonical\" href=\"https:\/\/lafuente.mx\/?p=142\" \/>\n<meta property=\"og:locale\" content=\"es_MX\" \/>\n<meta property=\"og:type\" content=\"article\" \/>\n<meta property=\"og:title\" content=\"XVIII Coloquio de Neurohumanidades\" \/>\n<meta property=\"og:description\" content=\"Conectoma y complejidad VII\u00a0\" \/>\n<meta property=\"og:url\" content=\"https:\/\/lafuente.mx\/?p=142\" \/>\n<meta property=\"article:published_time\" content=\"2022-08-04T17:51:37+00:00\" \/>\n<meta property=\"article:modified_time\" content=\"2022-08-09T13:24:08+00:00\" \/>\n<meta property=\"og:image\" content=\"http:\/\/lafuente.mx\/wp-content\/uploads\/2022\/08\/Captura-de-Pantalla-2022-08-04-a-las-12.43.38.png\" \/>\n\t<meta property=\"og:image:width\" content=\"1048\" \/>\n\t<meta property=\"og:image:height\" content=\"804\" \/>\n\t<meta property=\"og:image:type\" content=\"image\/png\" \/>\n<meta name=\"author\" content=\"Claudia Gallardo\" \/>\n<meta name=\"twitter:card\" content=\"summary_large_image\" \/>\n<meta name=\"twitter:title\" content=\"XVIII Coloquio de Neurohumanidades\" \/>\n<meta name=\"twitter:description\" content=\"Conectoma y complejidad VII\u00a0\" \/>\n<meta name=\"twitter:image\" content=\"https:\/\/i0.wp.com\/lafuente.mx\/wp-content\/uploads\/2022\/08\/Captura-de-Pantalla-2022-08-04-a-las-12.43.38.png?fit=1048%2C804&ssl=1\" \/>\n<meta name=\"twitter:label1\" content=\"Escrito por\" \/>\n\t<meta name=\"twitter:data1\" content=\"Claudia Gallardo\" \/>\n\t<meta name=\"twitter:label2\" content=\"Tiempo de lectura\" \/>\n\t<meta name=\"twitter:data2\" content=\"1 minuto\" \/>\n<script type=\"application\/ld+json\" class=\"yoast-schema-graph\">{\"@context\":\"https:\/\/schema.org\",\"@graph\":[{\"@type\":\"WebSite\",\"@id\":\"https:\/\/lafuente.mx\/#website\",\"url\":\"https:\/\/lafuente.mx\/\",\"name\":\"\",\"description\":\"Informaci\u00f3n confiable sobre salud mental\",\"potentialAction\":[{\"@type\":\"SearchAction\",\"target\":{\"@type\":\"EntryPoint\",\"urlTemplate\":\"https:\/\/lafuente.mx\/?s={search_term_string}\"},\"query-input\":\"required name=search_term_string\"}],\"inLanguage\":\"es-MX\"},{\"@type\":\"WebPage\",\"@id\":\"https:\/\/lafuente.mx\/?p=142\",\"url\":\"https:\/\/lafuente.mx\/?p=142\",\"name\":\"XVIII Coloquio de Neurohumanidades -\",\"isPartOf\":{\"@id\":\"https:\/\/lafuente.mx\/#website\"},\"datePublished\":\"2022-08-04T17:51:37+00:00\",\"dateModified\":\"2022-08-09T13:24:08+00:00\",\"author\":{\"@id\":\"https:\/\/lafuente.mx\/#\/schema\/person\/603f3aa8e2f6f7879021ab722d39d6b0\"},\"description\":\"Conectoma y complejidad VII\u00a0\",\"breadcrumb\":{\"@id\":\"https:\/\/lafuente.mx\/?p=142#breadcrumb\"},\"inLanguage\":\"es-MX\",\"potentialAction\":[{\"@type\":\"ReadAction\",\"target\":[\"https:\/\/lafuente.mx\/?p=142\"]}]},{\"@type\":\"BreadcrumbList\",\"@id\":\"https:\/\/lafuente.mx\/?p=142#breadcrumb\",\"itemListElement\":[{\"@type\":\"ListItem\",\"position\":1,\"name\":\"Inicio\",\"item\":\"https:\/\/lafuente.mx\/\"},{\"@type\":\"ListItem\",\"position\":2,\"name\":\"XVIII Coloquio de Neurohumanidades\"}]},{\"@type\":\"Person\",\"@id\":\"https:\/\/lafuente.mx\/#\/schema\/person\/603f3aa8e2f6f7879021ab722d39d6b0\",\"name\":\"Claudia Gallardo\",\"image\":{\"@type\":\"ImageObject\",\"inLanguage\":\"es-MX\",\"@id\":\"https:\/\/lafuente.mx\/#\/schema\/person\/image\/\",\"url\":\"https:\/\/secure.gravatar.com\/avatar\/bfe9c966af1ccfb9d17bcdb9d04e8815?s=96&d=mm&r=g\",\"contentUrl\":\"https:\/\/secure.gravatar.com\/avatar\/bfe9c966af1ccfb9d17bcdb9d04e8815?s=96&d=mm&r=g\",\"caption\":\"Claudia Gallardo\"},\"url\":\"https:\/\/lafuente.mx\/?author=3\"}]}<\/script>\n<!-- \/ Yoast SEO plugin. -->","yoast_head_json":{"title":"XVIII Coloquio de Neurohumanidades -","description":"Conectoma y complejidad VII\u00a0","robots":{"index":"index","follow":"follow","max-snippet":"max-snippet:-1","max-image-preview":"max-image-preview:large","max-video-preview":"max-video-preview:-1"},"canonical":"https:\/\/lafuente.mx\/?p=142","og_locale":"es_MX","og_type":"article","og_title":"XVIII Coloquio de Neurohumanidades","og_description":"Conectoma y complejidad VII\u00a0","og_url":"https:\/\/lafuente.mx\/?p=142","article_published_time":"2022-08-04T17:51:37+00:00","article_modified_time":"2022-08-09T13:24:08+00:00","og_image":[{"width":1048,"height":804,"url":"http:\/\/lafuente.mx\/wp-content\/uploads\/2022\/08\/Captura-de-Pantalla-2022-08-04-a-las-12.43.38.png","type":"image\/png"}],"author":"Claudia Gallardo","twitter_card":"summary_large_image","twitter_title":"XVIII Coloquio de Neurohumanidades","twitter_description":"Conectoma y complejidad VII\u00a0","twitter_image":"https:\/\/i0.wp.com\/lafuente.mx\/wp-content\/uploads\/2022\/08\/Captura-de-Pantalla-2022-08-04-a-las-12.43.38.png?fit=1048%2C804&ssl=1","twitter_misc":{"Escrito por":"Claudia Gallardo","Tiempo de lectura":"1 minuto"},"schema":{"@context":"https:\/\/schema.org","@graph":[{"@type":"WebSite","@id":"https:\/\/lafuente.mx\/#website","url":"https:\/\/lafuente.mx\/","name":"","description":"Informaci\u00f3n confiable sobre salud mental","potentialAction":[{"@type":"SearchAction","target":{"@type":"EntryPoint","urlTemplate":"https:\/\/lafuente.mx\/?s={search_term_string}"},"query-input":"required name=search_term_string"}],"inLanguage":"es-MX"},{"@type":"WebPage","@id":"https:\/\/lafuente.mx\/?p=142","url":"https:\/\/lafuente.mx\/?p=142","name":"XVIII Coloquio de Neurohumanidades -","isPartOf":{"@id":"https:\/\/lafuente.mx\/#website"},"datePublished":"2022-08-04T17:51:37+00:00","dateModified":"2022-08-09T13:24:08+00:00","author":{"@id":"https:\/\/lafuente.mx\/#\/schema\/person\/603f3aa8e2f6f7879021ab722d39d6b0"},"description":"Conectoma y complejidad VII\u00a0","breadcrumb":{"@id":"https:\/\/lafuente.mx\/?p=142#breadcrumb"},"inLanguage":"es-MX","potentialAction":[{"@type":"ReadAction","target":["https:\/\/lafuente.mx\/?p=142"]}]},{"@type":"BreadcrumbList","@id":"https:\/\/lafuente.mx\/?p=142#breadcrumb","itemListElement":[{"@type":"ListItem","position":1,"name":"Inicio","item":"https:\/\/lafuente.mx\/"},{"@type":"ListItem","position":2,"name":"XVIII Coloquio de Neurohumanidades"}]},{"@type":"Person","@id":"https:\/\/lafuente.mx\/#\/schema\/person\/603f3aa8e2f6f7879021ab722d39d6b0","name":"Claudia Gallardo","image":{"@type":"ImageObject","inLanguage":"es-MX","@id":"https:\/\/lafuente.mx\/#\/schema\/person\/image\/","url":"https:\/\/secure.gravatar.com\/avatar\/bfe9c966af1ccfb9d17bcdb9d04e8815?s=96&d=mm&r=g","contentUrl":"https:\/\/secure.gravatar.com\/avatar\/bfe9c966af1ccfb9d17bcdb9d04e8815?s=96&d=mm&r=g","caption":"Claudia Gallardo"},"url":"https:\/\/lafuente.mx\/?author=3"}]}},"jetpack_featured_media_url":"https:\/\/i0.wp.com\/lafuente.mx\/wp-content\/uploads\/2022\/08\/Captura-de-Pantalla-2022-08-04-a-las-12.43.38.png?fit=1048%2C804&ssl=1","jetpack-related-posts":[{"id":1417,"url":"https:\/\/lafuente.mx\/?p=1417","url_meta":{"origin":142,"position":0},"title":"XIX Coloquio de Neurohumanidades\u00a0: Conectoma y complejidad VIII\u00a0","date":"julio 13, 2023","format":false,"excerpt":"Martes \u00b7 29 agosto\u00a0 Mesa A. Oscilaciones y resonancias en f\u00edsica y psicolog\u00eda Mesa B. Cronobiolog\u00eda, esteroides y salud\u00a0 Mi\u00e9rcoles 30 agosto\u00a0 Mesa C. Neuroimagen cl\u00ednica \/ Psiquiatr\u00eda computacional Mesa D. Inteligencia artificial \/ Ciencias de la complejidad Jueves 31 de agosto \u00a0 Mesa E. Mesa F. Consulta el programa\u2026","rel":"","context":"En &quot;Eventos&quot;","img":{"alt_text":"","src":"https:\/\/i0.wp.com\/lafuente.mx\/wp-content\/uploads\/2023\/07\/Sin-titulo-2-02-scaled.jpg?fit=1200%2C609&ssl=1&resize=350%2C200","width":350,"height":200},"classes":[]},{"id":2426,"url":"https:\/\/lafuente.mx\/?p=2426","url_meta":{"origin":142,"position":1},"title":"XX Coloquio de Neurohumanidades, 2024","date":"julio 9, 2024","format":false,"excerpt":"Consulta el programa COLOQUIO-2024Descarga Informes: difusion@inprf.gob.mx","rel":"","context":"En &quot;Eventos&quot;","img":{"alt_text":"","src":"https:\/\/i0.wp.com\/lafuente.mx\/wp-content\/uploads\/2024\/07\/COLOQUIO-2024-2-scaled.jpg?fit=1200%2C504&ssl=1&resize=350%2C200","width":350,"height":200},"classes":[]},{"id":2797,"url":"https:\/\/lafuente.mx\/?p=2797","url_meta":{"origin":142,"position":2},"title":"XXI Coloquio de Neurohumanidades, 2025","date":"marzo 6, 2025","format":false,"excerpt":"Te esperamos los d\u00edas 31 de marzo, 2 y 3 de abril en el XXI Coloquio de Neurohumanidades, que tendr\u00e1 lugar en el auditorio del Instituto Nacional de Psiquiatr\u00eda Ram\u00f3n de la Fuente Mu\u00f1iz. En esta ocasi\u00f3n, se abordar\u00e1n temas interesantes relacionados con la neurociencia, fibromialgia, cardio-psiquiatr\u00eda, psicofarmacolog\u00eda, entre otros.\u2026","rel":"","context":"En &quot;Eventos&quot;","img":{"alt_text":"","src":"https:\/\/i0.wp.com\/lafuente.mx\/wp-content\/uploads\/2025\/03\/COLOQUIO-2025-FB2-03-03.jpg?fit=1123%2C834&ssl=1&resize=350%2C200","width":350,"height":200},"classes":[]},{"id":3187,"url":"https:\/\/lafuente.mx\/?p=3187","url_meta":{"origin":142,"position":3},"title":"XXI Coloquio de Neurohumanidades","date":"agosto 8, 2025","format":false,"excerpt":"Del 25 al 28 de agosto XII Coloquio de Neurodanza y Salud Mental En reconocimiento a Gloria Contreras (1934-2015) Biosemi\u00f3tica - 104 Aniversario del natalicio del maestro Ram\u00f3n de la Fuente Mu\u00f1iz Programa","rel":"","context":"En &quot;Eventos Acad\u00e9micos del INPRFM&quot;","img":{"alt_text":"","src":"https:\/\/i0.wp.com\/lafuente.mx\/wp-content\/uploads\/2025\/08\/Captura-de-pantalla-2025-08-07-a-las-13.58.07.png?fit=682%2C740&ssl=1&resize=350%2C200","width":350,"height":200},"classes":[]},{"id":963,"url":"https:\/\/lafuente.mx\/?p=963","url_meta":{"origin":142,"position":4},"title":"XIX Coloquio de Neurohumanidades 2023\u00a0 Neurodanza y salud mental\u00a0","date":"marzo 22, 2023","format":false,"excerpt":"\u00a0XVII Aniversario luctuoso. Doctor Ram\u00f3n de la Fuente Mu\u00f1iz Imagen INPRFM 30 y 31 de marzo\u00a0 Temas: \u00a0 Sincronicidades y resonancias \u00a0 En reconocimiento a Pilar Chiappa y Jairo Mu\u00f1oz \u00a0 Coordina: Yuri Zambrano\u00a0 La danza y lo sagrado \u00a0 En reconocimiento a Ricardo Mondrag\u00f3n Ceballos y Leonor Hern\u00e1ndez L\u00f3pez\u2026","rel":"","context":"En &quot;Eventos Acad\u00e9micos del INPRFM&quot;","img":{"alt_text":"","src":"https:\/\/i0.wp.com\/lafuente.mx\/wp-content\/uploads\/2023\/03\/Captura-de-Pantalla-2023-03-22-a-las-11.13.52.png?fit=1113%2C1200&ssl=1&resize=350%2C200","width":350,"height":200},"classes":[]},{"id":2584,"url":"https:\/\/lafuente.mx\/?p=2584","url_meta":{"origin":142,"position":5},"title":"YouTube INPRFM\u00a0","date":"octubre 4, 2024","format":false,"excerpt":"\u00a1Te invitamos a conocer nuestro canal de YouTube! @INPRFM \u00bfYa lo conoces?Entonces te invitamos a consultar nuestros \u00faltimos videos y a ver nuevamente nuestras interesantes conferencias, pl\u00e1ticas y sesiones acad\u00e9micas sobre salud mental V\u00eddeos de divulgaci\u00f3n cient\u00edfica realizados en el Instituto Nacional de Psiquiatr\u00eda Ramon de la Fuente Mu\u00f1iz\u00a0\u00a0 Sesiones\u2026","rel":"","context":"En &quot;Informaci\u00f3n de inter\u00e9s&quot;","img":{"alt_text":"","src":"https:\/\/i0.wp.com\/lafuente.mx\/wp-content\/uploads\/2024\/10\/Captura-de-pantalla-2024-10-04-110907.png?fit=930%2C711&ssl=1&resize=350%2C200","width":350,"height":200},"classes":[]}],"jetpack_sharing_enabled":true,"jetpack_shortlink":"https:\/\/wp.me\/pe9WUx-2i","_links":{"self":[{"href":"https:\/\/lafuente.mx\/index.php?rest_route=\/wp\/v2\/posts\/142"}],"collection":[{"href":"https:\/\/lafuente.mx\/index.php?rest_route=\/wp\/v2\/posts"}],"about":[{"href":"https:\/\/lafuente.mx\/index.php?rest_route=\/wp\/v2\/types\/post"}],"author":[{"embeddable":true,"href":"https:\/\/lafuente.mx\/index.php?rest_route=\/wp\/v2\/users\/3"}],"replies":[{"embeddable":true,"href":"https:\/\/lafuente.mx\/index.php?rest_route=%2Fwp%2Fv2%2Fcomments&post=142"}],"version-history":[{"count":4,"href":"https:\/\/lafuente.mx\/index.php?rest_route=\/wp\/v2\/posts\/142\/revisions"}],"predecessor-version":[{"id":183,"href":"https:\/\/lafuente.mx\/index.php?rest_route=\/wp\/v2\/posts\/142\/revisions\/183"}],"wp:featuredmedia":[{"embeddable":true,"href":"https:\/\/lafuente.mx\/index.php?rest_route=\/wp\/v2\/media\/143"}],"wp:attachment":[{"href":"https:\/\/lafuente.mx\/index.php?rest_route=%2Fwp%2Fv2%2Fmedia&parent=142"}],"wp:term":[{"taxonomy":"category","embeddable":true,"href":"https:\/\/lafuente.mx\/index.php?rest_route=%2Fwp%2Fv2%2Fcategories&post=142"},{"taxonomy":"post_tag","embeddable":true,"href":"https:\/\/lafuente.mx\/index.php?rest_route=%2Fwp%2Fv2%2Ftags&post=142"}],"curies":[{"name":"wp","href":"https:\/\/api.w.org\/{rel}","templated":true}]}}