{"id":1383,"date":"2023-07-06T08:12:00","date_gmt":"2023-07-06T08:12:00","guid":{"rendered":"https:\/\/lafuente.mx\/?p=1383"},"modified":"2023-07-19T19:25:26","modified_gmt":"2023-07-19T19:25:26","slug":"borrador-automatico-usos-sexualizados-de-drogas-y-chemsex-parresia-e-investigacion-social","status":"publish","type":"post","link":"https:\/\/lafuente.mx\/?p=1383","title":{"rendered":"Usos sexualizados de drogas y chemsex: parres\u00eda e investigaci\u00f3n social\u00a0"},"content":{"rendered":"\n<p class=\"has-text-align-center has-text-color has-larger-font-size\" style=\"color:#10557e\"><strong>Conferencia virtual<\/strong><\/p>\n\n\n\n<hr class=\"wp-block-separator has-text-color has-alpha-channel-opacity has-background\" style=\"background-color:#175d86;color:#175d86\"\/>\n\n\n<div class=\"wp-block-image\">\n<figure class=\"aligncenter size-full is-resized\"><img decoding=\"async\" loading=\"lazy\" src=\"https:\/\/i0.wp.com\/lafuente.mx\/wp-content\/uploads\/2023\/07\/dr.jpeg?resize=360%2C488&#038;ssl=1\" alt=\"\" class=\"wp-image-1384\" width=\"360\" height=\"488\" data-recalc-dims=\"1\" \/><\/figure><\/div>\n\n\n<p class=\"has-medium-font-size\"><strong>Dr. Mauricio Sep\u00falveda Galeas&nbsp;<\/strong><\/p>\n\n\n\n<p>Profesor e investigador de la Universidad de Chile&nbsp;<\/p>\n\n\n\n<hr class=\"wp-block-separator has-text-color has-alpha-channel-opacity has-background is-style-wide\" style=\"background-color:#286181;color:#286181\"\/>\n\n\n\n<p class=\"has-text-align-center has-text-color has-large-font-size\" style=\"color:#1e648c\"><strong>Jueves 13 julio, 2023&nbsp;<\/strong><\/p>\n\n\n\n<p class=\"has-text-color\" style=\"color:#636465\"><strong>CIUDAD DE M\u00c9XICO &nbsp;<\/strong><\/p>\n\n\n\n<p class=\"has-text-color\" style=\"color:#636465\">De 10:00 a 12:00 h&nbsp;<\/p>\n\n\n\n<p class=\"has-text-color\" style=\"color:#636465\"><strong>CHILE&nbsp;<\/strong><\/p>\n\n\n\n<p class=\"has-text-color\" style=\"color:#636465\">De 12:00 a 14:00 h&nbsp;<\/p>\n\n\n\n<p class=\"has-white-color has-text-color has-background\" style=\"background-color:#18445e\"><strong>Sigue la transmisi\u00f3n en vivo: FaceBook Live &nbsp;<\/strong><\/p>\n\n\n\n<div class=\"wp-block-buttons is-layout-flex wp-block-buttons-is-layout-flex\">\n<div class=\"wp-block-button\"><a class=\"wp-block-button__link\" href=\"https:\/\/inprf.gob.mx\/ensenanzanew\/info_cursos\/2023\/conf_mauricio_sepulveda.pdf?fbclid=IwAR0lR71rZC_W274DPVBijHzeAoKnjtHk-QpNYjCmLPouaTFlMNZHjtPm3uc\" target=\"_blank\" rel=\"noreferrer noopener\">M\u00e1s informaci\u00f3n<\/a><\/div>\n<\/div>\n\n\n\n<p><a href=\"\"><\/a><\/p>\n","protected":false},"excerpt":{"rendered":"<p>Conferencia virtual Dr. Mauricio Sep\u00falveda Galeas&nbsp; Profesor e investigador de la Universidad de Chile&nbsp; Jueves 13 julio, 2023&nbsp; CIUDAD DE M\u00c9XICO &nbsp; De 10:00 a<\/p>\n","protected":false},"author":3,"featured_media":1406,"comment_status":"closed","ping_status":"closed","sticky":false,"template":"","format":"standard","meta":{"footnotes":"","jetpack_publicize_message":"","jetpack_is_tweetstorm":false,"jetpack_publicize_feature_enabled":true},"categories":[8],"tags":[337,127,21,32],"jetpack_publicize_connections":[],"yoast_head":"<!-- This site is optimized with the Yoast SEO plugin v19.4 - https:\/\/yoast.com\/wordpress\/plugins\/seo\/ -->\n<title>Usos sexualizados de drogas y chemsex: parres\u00eda e investigaci\u00f3n social\u00a0 -<\/title>\n<meta name=\"description\" content=\"Conferencia virtual impartida por Dr. Mauricio Sep\u00falveda Galeas, Profesor e investigador de la Universidad de Chile\" \/>\n<meta name=\"robots\" content=\"index, follow, max-snippet:-1, max-image-preview:large, max-video-preview:-1\" \/>\n<link rel=\"canonical\" href=\"https:\/\/lafuente.mx\/?p=1383\" \/>\n<meta property=\"og:locale\" content=\"es_MX\" \/>\n<meta property=\"og:type\" content=\"article\" \/>\n<meta property=\"og:title\" content=\"Usos sexualizados de drogas y chemsex: parres\u00eda e investigaci\u00f3n social\u00a0\" \/>\n<meta property=\"og:description\" content=\"Conferencia virtual impartida por Dr. Mauricio Sep\u00falveda Galeas, Profesor e investigador de la Universidad de Chile\" \/>\n<meta property=\"og:url\" content=\"https:\/\/lafuente.mx\/?p=1383\" \/>\n<meta property=\"article:published_time\" content=\"2023-07-06T08:12:00+00:00\" \/>\n<meta property=\"article:modified_time\" content=\"2023-07-19T19:25:26+00:00\" \/>\n<meta property=\"og:image\" content=\"http:\/\/lafuente.mx\/wp-content\/uploads\/2023\/07\/portaleana-psico\u0301logo-300x200-1.jpeg\" \/>\n\t<meta property=\"og:image:width\" content=\"300\" \/>\n\t<meta property=\"og:image:height\" content=\"200\" \/>\n\t<meta property=\"og:image:type\" content=\"image\/jpeg\" \/>\n<meta name=\"author\" content=\"Claudia Gallardo\" \/>\n<meta name=\"twitter:card\" content=\"summary_large_image\" \/>\n<meta name=\"twitter:title\" content=\"Usos sexualizados de drogas y chemsex: parres\u00eda e investigaci\u00f3n social\u00a0\" \/>\n<meta name=\"twitter:description\" content=\"Conferencia virtual impartida por Dr. Mauricio Sep\u00falveda Galeas, Profesor e investigador de la Universidad de Chile\" \/>\n<meta name=\"twitter:image\" content=\"https:\/\/i0.wp.com\/lafuente.mx\/wp-content\/uploads\/2023\/07\/portaleana-psico\u0301logo-300x200-1.jpeg?fit=300%2C200&ssl=1\" \/>\n<meta name=\"twitter:label1\" content=\"Escrito por\" \/>\n\t<meta name=\"twitter:data1\" content=\"Claudia Gallardo\" \/>\n\t<meta name=\"twitter:label2\" content=\"Tiempo de lectura\" \/>\n\t<meta name=\"twitter:data2\" content=\"1 minuto\" \/>\n<script type=\"application\/ld+json\" class=\"yoast-schema-graph\">{\"@context\":\"https:\/\/schema.org\",\"@graph\":[{\"@type\":\"WebSite\",\"@id\":\"https:\/\/lafuente.mx\/#website\",\"url\":\"https:\/\/lafuente.mx\/\",\"name\":\"\",\"description\":\"Informaci\u00f3n confiable sobre salud mental\",\"potentialAction\":[{\"@type\":\"SearchAction\",\"target\":{\"@type\":\"EntryPoint\",\"urlTemplate\":\"https:\/\/lafuente.mx\/?s={search_term_string}\"},\"query-input\":\"required name=search_term_string\"}],\"inLanguage\":\"es-MX\"},{\"@type\":\"WebPage\",\"@id\":\"https:\/\/lafuente.mx\/?p=1383\",\"url\":\"https:\/\/lafuente.mx\/?p=1383\",\"name\":\"Usos sexualizados de drogas y chemsex: parres\u00eda e investigaci\u00f3n social\u00a0 -\",\"isPartOf\":{\"@id\":\"https:\/\/lafuente.mx\/#website\"},\"datePublished\":\"2023-07-06T08:12:00+00:00\",\"dateModified\":\"2023-07-19T19:25:26+00:00\",\"author\":{\"@id\":\"https:\/\/lafuente.mx\/#\/schema\/person\/603f3aa8e2f6f7879021ab722d39d6b0\"},\"description\":\"Conferencia virtual impartida por Dr. Mauricio Sep\u00falveda Galeas, Profesor e investigador de la Universidad de Chile\",\"breadcrumb\":{\"@id\":\"https:\/\/lafuente.mx\/?p=1383#breadcrumb\"},\"inLanguage\":\"es-MX\",\"potentialAction\":[{\"@type\":\"ReadAction\",\"target\":[\"https:\/\/lafuente.mx\/?p=1383\"]}]},{\"@type\":\"BreadcrumbList\",\"@id\":\"https:\/\/lafuente.mx\/?p=1383#breadcrumb\",\"itemListElement\":[{\"@type\":\"ListItem\",\"position\":1,\"name\":\"Inicio\",\"item\":\"https:\/\/lafuente.mx\/\"},{\"@type\":\"ListItem\",\"position\":2,\"name\":\"Usos sexualizados de drogas y chemsex: parres\u00eda e investigaci\u00f3n social\u00a0\"}]},{\"@type\":\"Person\",\"@id\":\"https:\/\/lafuente.mx\/#\/schema\/person\/603f3aa8e2f6f7879021ab722d39d6b0\",\"name\":\"Claudia Gallardo\",\"image\":{\"@type\":\"ImageObject\",\"inLanguage\":\"es-MX\",\"@id\":\"https:\/\/lafuente.mx\/#\/schema\/person\/image\/\",\"url\":\"https:\/\/secure.gravatar.com\/avatar\/bfe9c966af1ccfb9d17bcdb9d04e8815?s=96&d=mm&r=g\",\"contentUrl\":\"https:\/\/secure.gravatar.com\/avatar\/bfe9c966af1ccfb9d17bcdb9d04e8815?s=96&d=mm&r=g\",\"caption\":\"Claudia Gallardo\"},\"url\":\"https:\/\/lafuente.mx\/?author=3\"}]}<\/script>\n<!-- \/ Yoast SEO plugin. -->","yoast_head_json":{"title":"Usos sexualizados de drogas y chemsex: parres\u00eda e investigaci\u00f3n social\u00a0 -","description":"Conferencia virtual impartida por Dr. Mauricio Sep\u00falveda Galeas, Profesor e investigador de la Universidad de Chile","robots":{"index":"index","follow":"follow","max-snippet":"max-snippet:-1","max-image-preview":"max-image-preview:large","max-video-preview":"max-video-preview:-1"},"canonical":"https:\/\/lafuente.mx\/?p=1383","og_locale":"es_MX","og_type":"article","og_title":"Usos sexualizados de drogas y chemsex: parres\u00eda e investigaci\u00f3n social\u00a0","og_description":"Conferencia virtual impartida por Dr. Mauricio Sep\u00falveda Galeas, Profesor e investigador de la Universidad de Chile","og_url":"https:\/\/lafuente.mx\/?p=1383","article_published_time":"2023-07-06T08:12:00+00:00","article_modified_time":"2023-07-19T19:25:26+00:00","og_image":[{"width":300,"height":200,"url":"http:\/\/lafuente.mx\/wp-content\/uploads\/2023\/07\/portaleana-psico\u0301logo-300x200-1.jpeg","type":"image\/jpeg"}],"author":"Claudia Gallardo","twitter_card":"summary_large_image","twitter_title":"Usos sexualizados de drogas y chemsex: parres\u00eda e investigaci\u00f3n social\u00a0","twitter_description":"Conferencia virtual impartida por Dr. Mauricio Sep\u00falveda Galeas, Profesor e investigador de la Universidad de Chile","twitter_image":"https:\/\/i0.wp.com\/lafuente.mx\/wp-content\/uploads\/2023\/07\/portaleana-psico\u0301logo-300x200-1.jpeg?fit=300%2C200&ssl=1","twitter_misc":{"Escrito por":"Claudia Gallardo","Tiempo de lectura":"1 minuto"},"schema":{"@context":"https:\/\/schema.org","@graph":[{"@type":"WebSite","@id":"https:\/\/lafuente.mx\/#website","url":"https:\/\/lafuente.mx\/","name":"","description":"Informaci\u00f3n confiable sobre salud mental","potentialAction":[{"@type":"SearchAction","target":{"@type":"EntryPoint","urlTemplate":"https:\/\/lafuente.mx\/?s={search_term_string}"},"query-input":"required name=search_term_string"}],"inLanguage":"es-MX"},{"@type":"WebPage","@id":"https:\/\/lafuente.mx\/?p=1383","url":"https:\/\/lafuente.mx\/?p=1383","name":"Usos sexualizados de drogas y chemsex: parres\u00eda e investigaci\u00f3n social\u00a0 -","isPartOf":{"@id":"https:\/\/lafuente.mx\/#website"},"datePublished":"2023-07-06T08:12:00+00:00","dateModified":"2023-07-19T19:25:26+00:00","author":{"@id":"https:\/\/lafuente.mx\/#\/schema\/person\/603f3aa8e2f6f7879021ab722d39d6b0"},"description":"Conferencia virtual impartida por Dr. Mauricio Sep\u00falveda Galeas, Profesor e investigador de la Universidad de Chile","breadcrumb":{"@id":"https:\/\/lafuente.mx\/?p=1383#breadcrumb"},"inLanguage":"es-MX","potentialAction":[{"@type":"ReadAction","target":["https:\/\/lafuente.mx\/?p=1383"]}]},{"@type":"BreadcrumbList","@id":"https:\/\/lafuente.mx\/?p=1383#breadcrumb","itemListElement":[{"@type":"ListItem","position":1,"name":"Inicio","item":"https:\/\/lafuente.mx\/"},{"@type":"ListItem","position":2,"name":"Usos sexualizados de drogas y chemsex: parres\u00eda e investigaci\u00f3n social\u00a0"}]},{"@type":"Person","@id":"https:\/\/lafuente.mx\/#\/schema\/person\/603f3aa8e2f6f7879021ab722d39d6b0","name":"Claudia Gallardo","image":{"@type":"ImageObject","inLanguage":"es-MX","@id":"https:\/\/lafuente.mx\/#\/schema\/person\/image\/","url":"https:\/\/secure.gravatar.com\/avatar\/bfe9c966af1ccfb9d17bcdb9d04e8815?s=96&d=mm&r=g","contentUrl":"https:\/\/secure.gravatar.com\/avatar\/bfe9c966af1ccfb9d17bcdb9d04e8815?s=96&d=mm&r=g","caption":"Claudia Gallardo"},"url":"https:\/\/lafuente.mx\/?author=3"}]}},"jetpack_featured_media_url":"https:\/\/i0.wp.com\/lafuente.mx\/wp-content\/uploads\/2023\/07\/portaleana-psico\u0301logo-300x200-1.jpeg?fit=300%2C200&ssl=1","jetpack-related-posts":[{"id":1357,"url":"https:\/\/lafuente.mx\/?p=1357","url_meta":{"origin":1383,"position":0},"title":"Implicaciones del Informe Mundial de Drogas 2023: RETOS Y DESAF\u00cdOS PARA NUESTRO CONTINENTE\u00a0","date":"junio 28, 2023","format":false,"excerpt":"Grupo de Trabajo de Opioides del Seminario de Estudios sobre la Globalidad de la UNAM invita:\u00a0 Implicaciones del Informe Mundial de Drogas 2023: RETOS Y DESAF\u00cdOS PARA NUESTRO CONTINENTE\u00a0 29 de junio, 2023\u00a0 9:00 a 11:00 horas Transmisi\u00f3n en vivo @INPRFM\u00a0 Palabras de bienvenida\u00a0 Mar\u00eda Elena Medina Mora\u00a0 Presentaci\u00f3n de\u2026","rel":"","context":"En &quot;Eventos Acad\u00e9micos del INPRFM&quot;","img":{"alt_text":"","src":"https:\/\/i0.wp.com\/lafuente.mx\/wp-content\/uploads\/2023\/06\/Captura-de-Pantalla-2023-06-27-a-las-10.41.11-1.png?fit=420%2C420&ssl=1&resize=350%2C200","width":350,"height":200},"classes":[]},{"id":1513,"url":"https:\/\/lafuente.mx\/?p=1513","url_meta":{"origin":1383,"position":1},"title":"Intervenciones breves en adicciones\u00a0","date":"julio 27, 2023","format":false,"excerpt":"Curso en l\u00ednea\u00a0\u00a0 Imagen INPRFM Del 21 de agosto al 23 de octubre de 2023\u00a0 Coordinadora acad\u00e9mica: Dra. Marcela Tiburcio Sainz\u00a0 Dirigido a: Profesionales de la salud y afines\u00a0 Objetivo:\u00a0 Capacitar a orientadores en la detecci\u00f3n temprana del consumo de sustancias y en la aplicaci\u00f3n de intervenciones breves para modificar\u2026","rel":"","context":"En &quot;Cursos en l\u00ednea&quot;","img":{"alt_text":"","src":"https:\/\/i0.wp.com\/lafuente.mx\/wp-content\/uploads\/2023\/07\/DSC_0017-scaled.jpg?fit=1200%2C797&ssl=1&resize=350%2C200","width":350,"height":200},"classes":[]},{"id":3194,"url":"https:\/\/lafuente.mx\/?p=3194","url_meta":{"origin":1383,"position":2},"title":"\u00bfQu\u00e9 pasa si te pasas? \u00a0","date":"agosto 11, 2025","format":false,"excerpt":"Conoce las consecuencias del consumo de sustancias que alteran tu percepci\u00f3n o estado de \u00e1nimo. Identifica estrategias para solucionar problemas y evitar situaciones de consumo.\u00a0 Explora los c\u00f3mics interactivos para:\u00a0 Identificar efectos inmediatos y riesgos del uso de drogas.\u00a0 Distinguir situaciones que pueden vivir adolescentes asociadas al consumo de drogas.\u00a0\u2026","rel":"","context":"En &quot;Informaci\u00f3n de inter\u00e9s&quot;","img":{"alt_text":"","src":"https:\/\/i0.wp.com\/lafuente.mx\/wp-content\/uploads\/2025\/08\/Blog_Mesa-de-trabajo-1.png?fit=1200%2C622&ssl=1&resize=350%2C200","width":350,"height":200},"classes":[]},{"id":1187,"url":"https:\/\/lafuente.mx\/?p=1187","url_meta":{"origin":1383,"position":3},"title":"Prevalencia de sintomatolog\u00eda y factores de riesgo en salud mental en M\u00e9xico: la cohorte ENCODAT 2016-17\u00a0","date":"mayo 2, 2023","format":false,"excerpt":"Por\u00a0Mar\u00eda Elena Medina Mora1,2,3\u00a0,Alma Delia Genis-Mendoza4,5,*,Jorge Ameth Villatoro Vel\u00e1zquez 1,6\u00a0, Marycarmen Bustos-Gami\u00f1o 6\u00a0, Clara Fleiz Bautista 1,6\u00a0, Beatriz Camarena 7\u00a0, Jos\u00e9 Jaime Mart\u00ednez-Maga\u00f1a 4\u00a0yHumberto Nicolini 4,*\u00a0 1\u00a0 Seminario de Estudios Globales, Facultad de Medicina, Universidad Nacional Aut\u00f3noma de M\u00e9xico (UNAM), Ciudad de M\u00e9xico 04510, M\u00e9xico\u00a0 2\u00a0 Director, Facultad de Psicolog\u00eda,\u2026","rel":"","context":"En &quot;Publicaciones&quot;","img":{"alt_text":"","src":"https:\/\/i0.wp.com\/lafuente.mx\/wp-content\/uploads\/2023\/05\/WhatsApp-Image-2023-05-15-at-10.36.19-AM.jpeg?fit=845%2C1200&ssl=1&resize=350%2C200","width":350,"height":200},"classes":[]},{"id":1127,"url":"https:\/\/lafuente.mx\/?p=1127","url_meta":{"origin":1383,"position":4},"title":"Por cuestiones socioculturales, el acceso a tratamiento contra las adicciones es menor para las mujeres: Mar\u00eda Elena Medina-Mora","date":"abril 17, 2023","format":false,"excerpt":"La vulnerabilidad de la mujer frente a los efectos del consumo de sustancias nocivas fue el tema de una nueva sesi\u00f3n del Seminario de Estudios sobre la Globalidad-UNAM. Grupo de trabajo de opioides. Facultad de Medicina-UNAM-INPRFM, coordinado por la colegiada Mar\u00eda Elena Medina-Mora.\u00a0 Retos para las pol\u00edticas p\u00fablicas en la\u2026","rel":"","context":"En &quot;Noticias&quot;","img":{"alt_text":"epidemic, disease, coronavirus-5082507.jpg","src":"https:\/\/i0.wp.com\/lafuente.mx\/wp-content\/uploads\/2023\/04\/epidemic-disease-coronavirus-5082507-edited.jpg?fit=853%2C529&ssl=1&resize=350%2C200","width":350,"height":200},"classes":[]},{"id":2385,"url":"https:\/\/lafuente.mx\/?p=2385","url_meta":{"origin":1383,"position":5},"title":"D\u00eda Internacional de la Lucha contra el Uso Indebido y el Tr\u00e1fico Il\u00edcito de Drogas","date":"junio 26, 2024","format":false,"excerpt":"26 de junio En su resoluci\u00f3n 42\/112, el 7 de diciembre de 1987, la Asamblea General decidi\u00f3 celebrar el 26 de junio el D\u00eda Internacional de la Lucha contra el Uso Indebido y el Tr\u00e1fico Il\u00edcito de Drogas para mostrar su determinaci\u00f3n en reforzar la actuaci\u00f3n y la cooperaci\u00f3n para\u2026","rel":"","context":"En &quot;Efem\u00e9rides de Salud Mental&quot;","img":{"alt_text":"drugs, smoking, skull-7065395.jpg","src":"https:\/\/i0.wp.com\/lafuente.mx\/wp-content\/uploads\/2024\/06\/drugs-smoking-skull-7065395-edited.jpg?fit=753%2C822&ssl=1&resize=350%2C200","width":350,"height":200},"classes":[]}],"jetpack_sharing_enabled":true,"jetpack_shortlink":"https:\/\/wp.me\/pe9WUx-mj","_links":{"self":[{"href":"https:\/\/lafuente.mx\/index.php?rest_route=\/wp\/v2\/posts\/1383"}],"collection":[{"href":"https:\/\/lafuente.mx\/index.php?rest_route=\/wp\/v2\/posts"}],"about":[{"href":"https:\/\/lafuente.mx\/index.php?rest_route=\/wp\/v2\/types\/post"}],"author":[{"embeddable":true,"href":"https:\/\/lafuente.mx\/index.php?rest_route=\/wp\/v2\/users\/3"}],"replies":[{"embeddable":true,"href":"https:\/\/lafuente.mx\/index.php?rest_route=%2Fwp%2Fv2%2Fcomments&post=1383"}],"version-history":[{"count":3,"href":"https:\/\/lafuente.mx\/index.php?rest_route=\/wp\/v2\/posts\/1383\/revisions"}],"predecessor-version":[{"id":1405,"href":"https:\/\/lafuente.mx\/index.php?rest_route=\/wp\/v2\/posts\/1383\/revisions\/1405"}],"wp:featuredmedia":[{"embeddable":true,"href":"https:\/\/lafuente.mx\/index.php?rest_route=\/wp\/v2\/media\/1406"}],"wp:attachment":[{"href":"https:\/\/lafuente.mx\/index.php?rest_route=%2Fwp%2Fv2%2Fmedia&parent=1383"}],"wp:term":[{"taxonomy":"category","embeddable":true,"href":"https:\/\/lafuente.mx\/index.php?rest_route=%2Fwp%2Fv2%2Fcategories&post=1383"},{"taxonomy":"post_tag","embeddable":true,"href":"https:\/\/lafuente.mx\/index.php?rest_route=%2Fwp%2Fv2%2Ftags&post=1383"}],"curies":[{"name":"wp","href":"https:\/\/api.w.org\/{rel}","templated":true}]}}