{"id":138,"date":"2022-08-04T17:17:52","date_gmt":"2022-08-04T17:17:52","guid":{"rendered":"https:\/\/lafuente.mx\/?p=138"},"modified":"2023-03-28T20:32:45","modified_gmt":"2023-03-28T20:32:45","slug":"xxxvii-reunion-anual-de-investigacion","status":"publish","type":"post","link":"https:\/\/lafuente.mx\/?p=138","title":{"rendered":"XXXVII Reuni\u00f3n Anual de Investigaci\u00f3n\u00a0"},"content":{"rendered":"\n<p class=\"has-text-align-left has-text-color has-large-font-size\" style=\"color:#6c0c0c\"><em><strong>La investigaci\u00f3n en salud mental y su impacto en el bienestar<\/strong><\/em><\/p>\n\n\n\n<hr class=\"wp-block-separator has-alpha-channel-opacity\"\/>\n\n\n\n<p class=\"has-text-align-center has-text-color has-medium-font-size\" style=\"color:#7a1919\">Del 5 al 7 de octubre, 2022<\/p>\n\n\n\n<figure class=\"wp-block-image size-large is-resized\"><img decoding=\"async\" loading=\"lazy\" src=\"https:\/\/i0.wp.com\/lafuente.mx\/wp-content\/uploads\/2022\/08\/Imagen-RAI_Mesa-de-trabajo-1-1-1024x791.jpg?resize=640%2C494&#038;ssl=1\" alt=\"\" class=\"wp-image-155\" width=\"640\" height=\"494\" srcset=\"https:\/\/i0.wp.com\/lafuente.mx\/wp-content\/uploads\/2022\/08\/Imagen-RAI_Mesa-de-trabajo-1-1.jpg?resize=1024%2C791&amp;ssl=1 1024w, https:\/\/i0.wp.com\/lafuente.mx\/wp-content\/uploads\/2022\/08\/Imagen-RAI_Mesa-de-trabajo-1-1.jpg?resize=300%2C232&amp;ssl=1 300w, https:\/\/i0.wp.com\/lafuente.mx\/wp-content\/uploads\/2022\/08\/Imagen-RAI_Mesa-de-trabajo-1-1.jpg?resize=768%2C593&amp;ssl=1 768w, https:\/\/i0.wp.com\/lafuente.mx\/wp-content\/uploads\/2022\/08\/Imagen-RAI_Mesa-de-trabajo-1-1.jpg?resize=1536%2C1187&amp;ssl=1 1536w, https:\/\/i0.wp.com\/lafuente.mx\/wp-content\/uploads\/2022\/08\/Imagen-RAI_Mesa-de-trabajo-1-1.jpg?w=1650&amp;ssl=1 1650w, https:\/\/i0.wp.com\/lafuente.mx\/wp-content\/uploads\/2022\/08\/Imagen-RAI_Mesa-de-trabajo-1-1.jpg?w=1280 1280w\" sizes=\"(max-width: 640px) 100vw, 640px\" data-recalc-dims=\"1\" \/><\/figure>\n\n\n\n<hr class=\"wp-block-separator has-alpha-channel-opacity is-style-dots\"\/>\n\n\n\n<p class=\"has-text-color\" style=\"color:#5e5f60\"><strong>Dirigida:<\/strong> a estudiantes y profesionales de la salud mental<\/p>\n\n\n\n<p class=\"has-text-color\" style=\"color:#5e5f60\"><strong>Modalidad mixta:<\/strong> presencial y en l\u00ednea<\/p>\n\n\n\n<p class=\"has-text-color\" style=\"color:#5e5f60\">Registro a partir del lunes 1\u00b0 de septiembre en: <strong>inprf.gob.mx<\/strong><\/p>\n\n\n\n<p class=\"has-text-color\" style=\"color:#5e5f60\">Auditorio del INPRFM  y por Facebook @INPRFM<\/p>\n\n\n\n<p class=\"has-text-color\" style=\"color:#5e5f60\"><strong>Entrada libre \/ Cupo limitado<\/strong><\/p>\n\n\n\n<div class=\"wp-block-buttons is-layout-flex wp-block-buttons-is-layout-flex\">\n<div class=\"wp-block-button\"><a class=\"wp-block-button__link has-background\" style=\"background-color:#8c1919\">M\u00e1s informaci\u00f3n<\/a><\/div>\n<\/div>\n","protected":false},"excerpt":{"rendered":"<p>La investigaci\u00f3n en salud mental y su impacto en el bienestar Del 5 al 7 de octubre, 2022 Dirigida: a estudiantes y profesionales de la<\/p>\n","protected":false},"author":3,"featured_media":148,"comment_status":"closed","ping_status":"closed","sticky":false,"template":"","format":"standard","meta":{"footnotes":"","jetpack_publicize_message":"","jetpack_is_tweetstorm":false,"jetpack_publicize_feature_enabled":true},"categories":[8],"tags":[41,21,163,161,162,32],"jetpack_publicize_connections":[],"yoast_head":"<!-- This site is optimized with the Yoast SEO plugin v19.4 - https:\/\/yoast.com\/wordpress\/plugins\/seo\/ -->\n<title>XXXVII Reuni\u00f3n Anual de Investigaci\u00f3n\u00a0 -<\/title>\n<meta name=\"description\" content=\"La investigaci\u00f3n en salud mental y su impacto en el bienestar\" \/>\n<meta name=\"robots\" content=\"index, follow, max-snippet:-1, max-image-preview:large, max-video-preview:-1\" \/>\n<link rel=\"canonical\" href=\"https:\/\/lafuente.mx\/?p=138\" \/>\n<meta property=\"og:locale\" content=\"es_MX\" \/>\n<meta property=\"og:type\" content=\"article\" \/>\n<meta property=\"og:title\" content=\"XXXVII Reuni\u00f3n Anual de Investigaci\u00f3n\u00a0\" \/>\n<meta property=\"og:description\" content=\"La investigaci\u00f3n en salud mental y su impacto en el bienestar\" \/>\n<meta property=\"og:url\" content=\"https:\/\/lafuente.mx\/?p=138\" \/>\n<meta property=\"article:published_time\" content=\"2022-08-04T17:17:52+00:00\" \/>\n<meta property=\"article:modified_time\" content=\"2023-03-28T20:32:45+00:00\" \/>\n<meta name=\"author\" content=\"Claudia Gallardo\" \/>\n<meta name=\"twitter:card\" content=\"summary_large_image\" \/>\n<meta name=\"twitter:title\" content=\"XXXVII Reuni\u00f3n Anual de Investigaci\u00f3n\u00a0\" \/>\n<meta name=\"twitter:description\" content=\"La investigaci\u00f3n en salud mental y su impacto en el bienestar\" \/>\n<meta name=\"twitter:label1\" content=\"Escrito por\" \/>\n\t<meta name=\"twitter:data1\" content=\"Claudia Gallardo\" \/>\n\t<meta name=\"twitter:label2\" content=\"Tiempo de lectura\" \/>\n\t<meta name=\"twitter:data2\" content=\"1 minuto\" \/>\n<script type=\"application\/ld+json\" class=\"yoast-schema-graph\">{\"@context\":\"https:\/\/schema.org\",\"@graph\":[{\"@type\":\"WebSite\",\"@id\":\"https:\/\/lafuente.mx\/#website\",\"url\":\"https:\/\/lafuente.mx\/\",\"name\":\"\",\"description\":\"Informaci\u00f3n confiable sobre salud mental\",\"potentialAction\":[{\"@type\":\"SearchAction\",\"target\":{\"@type\":\"EntryPoint\",\"urlTemplate\":\"https:\/\/lafuente.mx\/?s={search_term_string}\"},\"query-input\":\"required name=search_term_string\"}],\"inLanguage\":\"es-MX\"},{\"@type\":\"WebPage\",\"@id\":\"https:\/\/lafuente.mx\/?p=138\",\"url\":\"https:\/\/lafuente.mx\/?p=138\",\"name\":\"XXXVII Reuni\u00f3n Anual de Investigaci\u00f3n\u00a0 -\",\"isPartOf\":{\"@id\":\"https:\/\/lafuente.mx\/#website\"},\"datePublished\":\"2022-08-04T17:17:52+00:00\",\"dateModified\":\"2023-03-28T20:32:45+00:00\",\"author\":{\"@id\":\"https:\/\/lafuente.mx\/#\/schema\/person\/603f3aa8e2f6f7879021ab722d39d6b0\"},\"description\":\"La investigaci\u00f3n en salud mental y su impacto en el bienestar\",\"breadcrumb\":{\"@id\":\"https:\/\/lafuente.mx\/?p=138#breadcrumb\"},\"inLanguage\":\"es-MX\",\"potentialAction\":[{\"@type\":\"ReadAction\",\"target\":[\"https:\/\/lafuente.mx\/?p=138\"]}]},{\"@type\":\"BreadcrumbList\",\"@id\":\"https:\/\/lafuente.mx\/?p=138#breadcrumb\",\"itemListElement\":[{\"@type\":\"ListItem\",\"position\":1,\"name\":\"Inicio\",\"item\":\"https:\/\/lafuente.mx\/\"},{\"@type\":\"ListItem\",\"position\":2,\"name\":\"XXXVII Reuni\u00f3n Anual de Investigaci\u00f3n\u00a0\"}]},{\"@type\":\"Person\",\"@id\":\"https:\/\/lafuente.mx\/#\/schema\/person\/603f3aa8e2f6f7879021ab722d39d6b0\",\"name\":\"Claudia Gallardo\",\"image\":{\"@type\":\"ImageObject\",\"inLanguage\":\"es-MX\",\"@id\":\"https:\/\/lafuente.mx\/#\/schema\/person\/image\/\",\"url\":\"https:\/\/secure.gravatar.com\/avatar\/bfe9c966af1ccfb9d17bcdb9d04e8815?s=96&d=mm&r=g\",\"contentUrl\":\"https:\/\/secure.gravatar.com\/avatar\/bfe9c966af1ccfb9d17bcdb9d04e8815?s=96&d=mm&r=g\",\"caption\":\"Claudia Gallardo\"},\"url\":\"https:\/\/lafuente.mx\/?author=3\"}]}<\/script>\n<!-- \/ Yoast SEO plugin. -->","yoast_head_json":{"title":"XXXVII Reuni\u00f3n Anual de Investigaci\u00f3n\u00a0 -","description":"La investigaci\u00f3n en salud mental y su impacto en el bienestar","robots":{"index":"index","follow":"follow","max-snippet":"max-snippet:-1","max-image-preview":"max-image-preview:large","max-video-preview":"max-video-preview:-1"},"canonical":"https:\/\/lafuente.mx\/?p=138","og_locale":"es_MX","og_type":"article","og_title":"XXXVII Reuni\u00f3n Anual de Investigaci\u00f3n\u00a0","og_description":"La investigaci\u00f3n en salud mental y su impacto en el bienestar","og_url":"https:\/\/lafuente.mx\/?p=138","article_published_time":"2022-08-04T17:17:52+00:00","article_modified_time":"2023-03-28T20:32:45+00:00","author":"Claudia Gallardo","twitter_card":"summary_large_image","twitter_title":"XXXVII Reuni\u00f3n Anual de Investigaci\u00f3n\u00a0","twitter_description":"La investigaci\u00f3n en salud mental y su impacto en el bienestar","twitter_misc":{"Escrito por":"Claudia Gallardo","Tiempo de lectura":"1 minuto"},"schema":{"@context":"https:\/\/schema.org","@graph":[{"@type":"WebSite","@id":"https:\/\/lafuente.mx\/#website","url":"https:\/\/lafuente.mx\/","name":"","description":"Informaci\u00f3n confiable sobre salud mental","potentialAction":[{"@type":"SearchAction","target":{"@type":"EntryPoint","urlTemplate":"https:\/\/lafuente.mx\/?s={search_term_string}"},"query-input":"required name=search_term_string"}],"inLanguage":"es-MX"},{"@type":"WebPage","@id":"https:\/\/lafuente.mx\/?p=138","url":"https:\/\/lafuente.mx\/?p=138","name":"XXXVII Reuni\u00f3n Anual de Investigaci\u00f3n\u00a0 -","isPartOf":{"@id":"https:\/\/lafuente.mx\/#website"},"datePublished":"2022-08-04T17:17:52+00:00","dateModified":"2023-03-28T20:32:45+00:00","author":{"@id":"https:\/\/lafuente.mx\/#\/schema\/person\/603f3aa8e2f6f7879021ab722d39d6b0"},"description":"La investigaci\u00f3n en salud mental y su impacto en el bienestar","breadcrumb":{"@id":"https:\/\/lafuente.mx\/?p=138#breadcrumb"},"inLanguage":"es-MX","potentialAction":[{"@type":"ReadAction","target":["https:\/\/lafuente.mx\/?p=138"]}]},{"@type":"BreadcrumbList","@id":"https:\/\/lafuente.mx\/?p=138#breadcrumb","itemListElement":[{"@type":"ListItem","position":1,"name":"Inicio","item":"https:\/\/lafuente.mx\/"},{"@type":"ListItem","position":2,"name":"XXXVII Reuni\u00f3n Anual de Investigaci\u00f3n\u00a0"}]},{"@type":"Person","@id":"https:\/\/lafuente.mx\/#\/schema\/person\/603f3aa8e2f6f7879021ab722d39d6b0","name":"Claudia Gallardo","image":{"@type":"ImageObject","inLanguage":"es-MX","@id":"https:\/\/lafuente.mx\/#\/schema\/person\/image\/","url":"https:\/\/secure.gravatar.com\/avatar\/bfe9c966af1ccfb9d17bcdb9d04e8815?s=96&d=mm&r=g","contentUrl":"https:\/\/secure.gravatar.com\/avatar\/bfe9c966af1ccfb9d17bcdb9d04e8815?s=96&d=mm&r=g","caption":"Claudia Gallardo"},"url":"https:\/\/lafuente.mx\/?author=3"}]}},"jetpack_featured_media_url":"https:\/\/i0.wp.com\/lafuente.mx\/wp-content\/uploads\/2022\/08\/Imagen-RAI_Mesa-de-trabajo-1.jpg?fit=1650%2C1275&ssl=1","jetpack-related-posts":[{"id":394,"url":"https:\/\/lafuente.mx\/?p=394","url_meta":{"origin":138,"position":0},"title":"Se acerca la fecha","date":"septiembre 26, 2022","format":false,"excerpt":"Del 5 al 7 de octubre, 2022 XXXVII Reuni\u00f3n Anual de Investigaci\u00f3n del Instituto Nacional de Psiquiatr\u00eda Ram\u00f3n de la Fuente Mu\u00f1iz La investigaci\u00f3n en salud mental y su impacto en el bienestar Dirigida: a estudiantes y profesionales de la salud mental En esta reuni\u00f3n asisten distinguidos ponentes nacionales y\u2026","rel":"","context":"En &quot;Eventos Acad\u00e9micos del INPRFM&quot;","img":{"alt_text":"","src":"https:\/\/i0.wp.com\/lafuente.mx\/wp-content\/uploads\/2022\/08\/Imagen-RAI_Mesa-de-trabajo-1-1.jpg?fit=1200%2C927&ssl=1&resize=350%2C200","width":350,"height":200},"classes":[]},{"id":3339,"url":"https:\/\/lafuente.mx\/?p=3339","url_meta":{"origin":138,"position":1},"title":"XL Reuni\u00f3n Anual de Investigaci\u00f3n","date":"octubre 6, 2025","format":false,"excerpt":"Transformando la salud mental a trav\u00e9s de la investigaci\u00f3n: mentes sanas, futuros brillantes Conferencias magistrales. Simposios. Curso Pre-RAI. Mesas redondas. Conferencia cultural. Exposici\u00f3n de carteles Nos complace dar la bienvenida a la XL edici\u00f3n de nuestra Reuni\u00f3n Anual de Investigaci\u00f3n y la 7\u00aa Reuni\u00f3n de egresados, con la participaci\u00f3n de\u2026","rel":"","context":"En &quot;Eventos Acad\u00e9micos del INPRFM&quot;","img":{"alt_text":"","src":"https:\/\/i0.wp.com\/lafuente.mx\/wp-content\/uploads\/2025\/10\/Captura-de-pantalla-2025-10-06-a-las-14.23.52.png?fit=1200%2C692&ssl=1&resize=350%2C200","width":350,"height":200},"classes":[]},{"id":3353,"url":"https:\/\/lafuente.mx\/?p=3353","url_meta":{"origin":138,"position":2},"title":"El Instituto Nacional de Psiquiatr\u00eda referente destacado en el estudio y tratamiento de las enfermedades mentales","date":"octubre 20, 2025","format":false,"excerpt":"9 de octubre de 2025 El instituto cuenta con m\u00e1s de 100 personas investigadoras pertenecientes al SNI y tiene en curso 179 protocolos. Adem\u00e1s ocupa el tercer lugar del \u00cdndice H de citaciones en art\u00edculos publicados en revistas especializadas\u00a0 En el marco del D\u00eda Mundial de la Salud Mental se\u2026","rel":"","context":"En &quot;Noticias&quot;","img":{"alt_text":"","src":"https:\/\/i0.wp.com\/lafuente.mx\/wp-content\/uploads\/2025\/10\/RAI-XL_0007_DSC_0046.jpg?fit=1200%2C797&ssl=1&resize=350%2C200","width":350,"height":200},"classes":[]},{"id":1670,"url":"https:\/\/lafuente.mx\/?p=1670","url_meta":{"origin":138,"position":3},"title":"XXXVIII REUNI\u00d3N ANUAL DE INVESTIGACI\u00d3N","date":"septiembre 4, 2023","format":false,"excerpt":"La investigaci\u00f3n en salud mental: desaf\u00edos y adaptaci\u00f3n en una era de cambio Del 4 al 6 de octubre del 2023 C\u00e1tedra Ram\u00f3n De la Fuente C\u00e1tedra INPRFM Conferencias Magistrales Concurso de carteles Simposios Presentaci\u00f3n de libro Mesas redondas Entrada libre, cupo limitado Transmisi\u00f3n en vivo Inscripciones","rel":"","context":"En &quot;Eventos Acad\u00e9micos del INPRFM&quot;","img":{"alt_text":"","src":"https:\/\/i0.wp.com\/lafuente.mx\/wp-content\/uploads\/2023\/09\/imagenRAI-38-larga.jpg?fit=1200%2C745&ssl=1&resize=350%2C200","width":350,"height":200},"classes":[]},{"id":3498,"url":"https:\/\/lafuente.mx\/?p=3498","url_meta":{"origin":138,"position":4},"title":"46\u00b0 Aniversario del Instituto Nacional de Psiquiatr\u00eda Ram\u00f3n de la Fuente Mu\u00f1iz","date":"diciembre 26, 2025","format":false,"excerpt":"Concebido por el Dr. Ram\u00f3n de la Fuente Mu\u00f1iz como un espacio para transformar la manera de comprender y atender la enfermedad mental, el Instituto Nacional de Psiquiatr\u00eda Ram\u00f3n de la Fuente Mu\u00f1iz celebra 46 a\u00f1os de historia, ciencia y compromiso social. Desde sus or\u00edgenes, el Instituto ha apostado por\u2026","rel":"","context":"En &quot;Efem\u00e9rides de Salud Mental&quot;","img":{"alt_text":"","src":"https:\/\/i0.wp.com\/lafuente.mx\/wp-content\/uploads\/2025\/12\/135560131_217238569991007_135080209465938120_n-1.jpg?fit=1082%2C417&ssl=1&resize=350%2C200","width":350,"height":200},"classes":[]},{"id":2494,"url":"https:\/\/lafuente.mx\/?p=2494","url_meta":{"origin":138,"position":5},"title":"XXXIX Reuni\u00f3n Anual de Investigaci\u00f3n del Instituto Nacional de Psiquiatr\u00eda Ram\u00f3n de la Fuente Mu\u00f1iz","date":"agosto 9, 2024","format":false,"excerpt":"Construyendo puentes hacia el futuro de la salud mental Del 9 al 11 de octubre, 2024 A ra\u00edz de la pandemia, la presentaci\u00f3n de nuestro m\u00e1ximo evento acad\u00e9mico se realiza en la modalidad mixta: presencial y a distancia. As\u00ed, cumplimos nuestro compromiso de llegar a mayores grupos de poblaci\u00f3n, nacionales\u2026","rel":"","context":"En &quot;Eventos Acad\u00e9micos del INPRFM&quot;","img":{"alt_text":"","src":"https:\/\/i0.wp.com\/lafuente.mx\/wp-content\/uploads\/2024\/08\/Captura-de-pantalla-2024-08-09-a-las-10.52.28.png?fit=1200%2C852&ssl=1&resize=350%2C200","width":350,"height":200},"classes":[]}],"jetpack_sharing_enabled":true,"jetpack_shortlink":"https:\/\/wp.me\/pe9WUx-2e","_links":{"self":[{"href":"https:\/\/lafuente.mx\/index.php?rest_route=\/wp\/v2\/posts\/138"}],"collection":[{"href":"https:\/\/lafuente.mx\/index.php?rest_route=\/wp\/v2\/posts"}],"about":[{"href":"https:\/\/lafuente.mx\/index.php?rest_route=\/wp\/v2\/types\/post"}],"author":[{"embeddable":true,"href":"https:\/\/lafuente.mx\/index.php?rest_route=\/wp\/v2\/users\/3"}],"replies":[{"embeddable":true,"href":"https:\/\/lafuente.mx\/index.php?rest_route=%2Fwp%2Fv2%2Fcomments&post=138"}],"version-history":[{"count":8,"href":"https:\/\/lafuente.mx\/index.php?rest_route=\/wp\/v2\/posts\/138\/revisions"}],"predecessor-version":[{"id":233,"href":"https:\/\/lafuente.mx\/index.php?rest_route=\/wp\/v2\/posts\/138\/revisions\/233"}],"wp:featuredmedia":[{"embeddable":true,"href":"https:\/\/lafuente.mx\/index.php?rest_route=\/wp\/v2\/media\/148"}],"wp:attachment":[{"href":"https:\/\/lafuente.mx\/index.php?rest_route=%2Fwp%2Fv2%2Fmedia&parent=138"}],"wp:term":[{"taxonomy":"category","embeddable":true,"href":"https:\/\/lafuente.mx\/index.php?rest_route=%2Fwp%2Fv2%2Fcategories&post=138"},{"taxonomy":"post_tag","embeddable":true,"href":"https:\/\/lafuente.mx\/index.php?rest_route=%2Fwp%2Fv2%2Ftags&post=138"}],"curies":[{"name":"wp","href":"https:\/\/api.w.org\/{rel}","templated":true}]}}