{"id":1374,"date":"2023-07-05T08:05:00","date_gmt":"2023-07-05T08:05:00","guid":{"rendered":"https:\/\/lafuente.mx\/?p=1374"},"modified":"2023-07-26T15:26:14","modified_gmt":"2023-07-26T15:26:14","slug":"fibromialgia-manejo-cognitivo-conductual","status":"publish","type":"post","link":"https:\/\/lafuente.mx\/?p=1374","title":{"rendered":"Fibromialgia: manejo cognitivo-conductual"},"content":{"rendered":"\n<hr class=\"wp-block-separator has-text-color has-vivid-red-color has-alpha-channel-opacity has-vivid-red-background-color has-background\"\/>\n\n\n<div class=\"wp-block-image\">\n<figure class=\"aligncenter size-full is-resized\"><img decoding=\"async\" loading=\"lazy\" src=\"https:\/\/i0.wp.com\/lafuente.mx\/wp-content\/uploads\/2023\/07\/fibromialgia-1.jpeg?resize=640%2C427&#038;ssl=1\" alt=\"\" class=\"wp-image-1375\" width=\"640\" height=\"427\" srcset=\"https:\/\/i0.wp.com\/lafuente.mx\/wp-content\/uploads\/2023\/07\/fibromialgia-1.jpeg?w=1024&amp;ssl=1 1024w, https:\/\/i0.wp.com\/lafuente.mx\/wp-content\/uploads\/2023\/07\/fibromialgia-1.jpeg?resize=300%2C200&amp;ssl=1 300w, https:\/\/i0.wp.com\/lafuente.mx\/wp-content\/uploads\/2023\/07\/fibromialgia-1.jpeg?resize=768%2C512&amp;ssl=1 768w\" sizes=\"(max-width: 640px) 100vw, 640px\" data-recalc-dims=\"1\" \/><\/figure><\/div>\n\n\n<p class=\"has-text-align-center has-larger-font-size\"><strong>Curso en l\u00ednea<\/strong><strong>&nbsp;<\/strong>&nbsp;<\/p>\n\n\n\n<p class=\"has-text-align-center has-vivid-red-color has-text-color has-large-font-size\"> Del 24 de julio al 25 de agosto de 2023&nbsp;<\/p>\n\n\n\n<hr class=\"wp-block-separator has-text-color has-vivid-red-color has-alpha-channel-opacity has-vivid-red-background-color has-background\"\/>\n\n\n\n<p class=\"has-text-color\" style=\"color:#5e1414\"><strong>Coordinadora acad\u00e9mica: <\/strong><br>Dra. Ma. Isabel Barrera Villalpando&nbsp;&nbsp;<\/p>\n\n\n\n<p class=\"has-text-color\" style=\"color:#5e1414\"><strong>Dirigido a: <\/strong><br>Profesionales de la salud y afines&nbsp;&nbsp;<\/p>\n\n\n\n<p class=\"has-text-color\" style=\"color:#5e1414\"><strong>Objetivos: <\/strong><br>\u2022 Conocer los aspectos cl\u00ednicos y psicosociales de la fibromialgia \u2022 Identificar los tratamientos para la fibromialgia \u2022 Comprender el enfoque de terapia cognitivo conductual para la fibromialgia \u2022 Aplicar estrategias cognitivo-conductuales para el manejo de la fibromialgia&nbsp;<\/p>\n\n\n\n<p class=\"has-text-color\" style=\"color:#5e1414\"><strong>Temas: <\/strong><br>\u2022 Generalidades de la fibromialgia \u2022 Aspectos cl\u00ednicos y psicosociales de la fibromialgia \u2022 Tratamientos para la fibromialgia \u2022 Terapia cognitivo conductual para la fibromialgia \u2022 Modelo de TCC grupal para la fibromialgia&nbsp;<\/p>\n\n\n\n<hr class=\"wp-block-separator has-text-color has-vivid-red-color has-alpha-channel-opacity has-vivid-red-background-color has-background\"\/>\n\n\n\n<p class=\"has-text-color\" style=\"color:#5e1414\"><strong>Modalidad:<\/strong> <br>En l\u00ednea mediante Moodle&nbsp;&nbsp;<\/p>\n\n\n\n<p class=\"has-text-color\" style=\"color:#5e1414\"><strong>Horas cr\u00e9dito: 20 horas&nbsp;&nbsp;<\/strong><\/p>\n\n\n\n<p class=\"has-text-color\" style=\"color:#5e1414\"><strong>Costo:<\/strong> <br>$1,700.00&nbsp;<\/p>\n\n\n\n<p class=\"has-text-color\" style=\"color:#742222\"><strong>Becas: <\/strong><br>Se podr\u00e1n otorgar becas parciales para quienes colaboran en instituciones del sector p\u00fablico o en organizaciones de la sociedad civil donde pueda aplicarse esta intervenci\u00f3n. El formato de registro tiene espacio para incluir carta de motivos.&nbsp;&nbsp;<\/p>\n\n\n\n<div class=\"wp-block-buttons is-layout-flex wp-block-buttons-is-layout-flex\">\n<div class=\"wp-block-button\"><a class=\"wp-block-button__link has-vivid-red-background-color has-background\" href=\"https:\/\/bit.ly\/3Wh5SGT\" target=\"_blank\" rel=\"noreferrer noopener\">Inscripci\u00f3n<\/a><\/div>\n<\/div>\n\n\n\n<p><\/p>\n\n\n\n<p>Informes: cursos.diep@gmail.com y <a href=\"mailto:cursosdiep@imp.edu.mx\" target=\"_blank\" rel=\"noreferrer noopener\">cursosdiep@imp.edu.mx<\/a>&nbsp;&nbsp;<\/p>\n","protected":false},"excerpt":{"rendered":"<p>Curso en l\u00ednea&nbsp;&nbsp; Del 24 de julio al 25 de agosto de 2023&nbsp; Coordinadora acad\u00e9mica: Dra. Ma. Isabel Barrera Villalpando&nbsp;&nbsp; Dirigido a: Profesionales de la<\/p>\n","protected":false},"author":3,"featured_media":1375,"comment_status":"closed","ping_status":"closed","sticky":false,"template":"","format":"standard","meta":{"footnotes":"","jetpack_publicize_message":"","jetpack_is_tweetstorm":false,"jetpack_publicize_feature_enabled":true},"categories":[6],"tags":[53,333,329,21,331,32,330,42],"jetpack_publicize_connections":[],"yoast_head":"<!-- This site is optimized with the Yoast SEO plugin v19.4 - https:\/\/yoast.com\/wordpress\/plugins\/seo\/ -->\n<title>Fibromialgia: manejo cognitivo-conductual -<\/title>\n<meta name=\"description\" content=\"Conocer los aspectos cl\u00ednicos y psicosociales de la fibromialgia \u2022 Identificar los tratamientos para la fibromialgia\" \/>\n<meta name=\"robots\" content=\"index, follow, max-snippet:-1, max-image-preview:large, max-video-preview:-1\" \/>\n<link rel=\"canonical\" href=\"https:\/\/lafuente.mx\/?p=1374\" \/>\n<meta property=\"og:locale\" content=\"es_MX\" \/>\n<meta property=\"og:type\" content=\"article\" \/>\n<meta property=\"og:title\" content=\"Fibromialgia: manejo cognitivo-conductual\" \/>\n<meta property=\"og:description\" content=\"Conocer los aspectos cl\u00ednicos y psicosociales de la fibromialgia \u2022 Identificar los tratamientos para la fibromialgia\" \/>\n<meta property=\"og:url\" content=\"https:\/\/lafuente.mx\/?p=1374\" \/>\n<meta property=\"article:published_time\" content=\"2023-07-05T08:05:00+00:00\" \/>\n<meta property=\"article:modified_time\" content=\"2023-07-26T15:26:14+00:00\" \/>\n<meta property=\"og:image\" content=\"http:\/\/lafuente.mx\/wp-content\/uploads\/2023\/07\/fibromialgia-1.jpeg\" \/>\n\t<meta property=\"og:image:width\" content=\"1024\" \/>\n\t<meta property=\"og:image:height\" content=\"683\" \/>\n\t<meta property=\"og:image:type\" content=\"image\/jpeg\" \/>\n<meta name=\"author\" content=\"Claudia Gallardo\" \/>\n<meta name=\"twitter:card\" content=\"summary_large_image\" \/>\n<meta name=\"twitter:title\" content=\"Fibromialgia: manejo cognitivo-conductual\" \/>\n<meta name=\"twitter:description\" content=\"Conocer los aspectos cl\u00ednicos y psicosociales de la fibromialgia \u2022 Identificar los tratamientos para la fibromialgia\" \/>\n<meta name=\"twitter:image\" content=\"https:\/\/i0.wp.com\/lafuente.mx\/wp-content\/uploads\/2023\/07\/fibromialgia-1.jpeg?fit=1024%2C683&ssl=1\" \/>\n<meta name=\"twitter:label1\" content=\"Escrito por\" \/>\n\t<meta name=\"twitter:data1\" content=\"Claudia Gallardo\" \/>\n\t<meta name=\"twitter:label2\" content=\"Tiempo de lectura\" \/>\n\t<meta name=\"twitter:data2\" content=\"1 minuto\" \/>\n<script type=\"application\/ld+json\" class=\"yoast-schema-graph\">{\"@context\":\"https:\/\/schema.org\",\"@graph\":[{\"@type\":\"WebSite\",\"@id\":\"https:\/\/lafuente.mx\/#website\",\"url\":\"https:\/\/lafuente.mx\/\",\"name\":\"\",\"description\":\"Informaci\u00f3n confiable sobre salud mental\",\"potentialAction\":[{\"@type\":\"SearchAction\",\"target\":{\"@type\":\"EntryPoint\",\"urlTemplate\":\"https:\/\/lafuente.mx\/?s={search_term_string}\"},\"query-input\":\"required name=search_term_string\"}],\"inLanguage\":\"es-MX\"},{\"@type\":\"WebPage\",\"@id\":\"https:\/\/lafuente.mx\/?p=1374\",\"url\":\"https:\/\/lafuente.mx\/?p=1374\",\"name\":\"Fibromialgia: manejo cognitivo-conductual -\",\"isPartOf\":{\"@id\":\"https:\/\/lafuente.mx\/#website\"},\"datePublished\":\"2023-07-05T08:05:00+00:00\",\"dateModified\":\"2023-07-26T15:26:14+00:00\",\"author\":{\"@id\":\"https:\/\/lafuente.mx\/#\/schema\/person\/603f3aa8e2f6f7879021ab722d39d6b0\"},\"description\":\"Conocer los aspectos cl\u00ednicos y psicosociales de la fibromialgia \u2022 Identificar los tratamientos para la fibromialgia\",\"breadcrumb\":{\"@id\":\"https:\/\/lafuente.mx\/?p=1374#breadcrumb\"},\"inLanguage\":\"es-MX\",\"potentialAction\":[{\"@type\":\"ReadAction\",\"target\":[\"https:\/\/lafuente.mx\/?p=1374\"]}]},{\"@type\":\"BreadcrumbList\",\"@id\":\"https:\/\/lafuente.mx\/?p=1374#breadcrumb\",\"itemListElement\":[{\"@type\":\"ListItem\",\"position\":1,\"name\":\"Inicio\",\"item\":\"https:\/\/lafuente.mx\/\"},{\"@type\":\"ListItem\",\"position\":2,\"name\":\"Fibromialgia: manejo cognitivo-conductual\"}]},{\"@type\":\"Person\",\"@id\":\"https:\/\/lafuente.mx\/#\/schema\/person\/603f3aa8e2f6f7879021ab722d39d6b0\",\"name\":\"Claudia Gallardo\",\"image\":{\"@type\":\"ImageObject\",\"inLanguage\":\"es-MX\",\"@id\":\"https:\/\/lafuente.mx\/#\/schema\/person\/image\/\",\"url\":\"https:\/\/secure.gravatar.com\/avatar\/bfe9c966af1ccfb9d17bcdb9d04e8815?s=96&d=mm&r=g\",\"contentUrl\":\"https:\/\/secure.gravatar.com\/avatar\/bfe9c966af1ccfb9d17bcdb9d04e8815?s=96&d=mm&r=g\",\"caption\":\"Claudia Gallardo\"},\"url\":\"https:\/\/lafuente.mx\/?author=3\"}]}<\/script>\n<!-- \/ Yoast SEO plugin. -->","yoast_head_json":{"title":"Fibromialgia: manejo cognitivo-conductual -","description":"Conocer los aspectos cl\u00ednicos y psicosociales de la fibromialgia \u2022 Identificar los tratamientos para la fibromialgia","robots":{"index":"index","follow":"follow","max-snippet":"max-snippet:-1","max-image-preview":"max-image-preview:large","max-video-preview":"max-video-preview:-1"},"canonical":"https:\/\/lafuente.mx\/?p=1374","og_locale":"es_MX","og_type":"article","og_title":"Fibromialgia: manejo cognitivo-conductual","og_description":"Conocer los aspectos cl\u00ednicos y psicosociales de la fibromialgia \u2022 Identificar los tratamientos para la fibromialgia","og_url":"https:\/\/lafuente.mx\/?p=1374","article_published_time":"2023-07-05T08:05:00+00:00","article_modified_time":"2023-07-26T15:26:14+00:00","og_image":[{"width":1024,"height":683,"url":"http:\/\/lafuente.mx\/wp-content\/uploads\/2023\/07\/fibromialgia-1.jpeg","type":"image\/jpeg"}],"author":"Claudia Gallardo","twitter_card":"summary_large_image","twitter_title":"Fibromialgia: manejo cognitivo-conductual","twitter_description":"Conocer los aspectos cl\u00ednicos y psicosociales de la fibromialgia \u2022 Identificar los tratamientos para la fibromialgia","twitter_image":"https:\/\/i0.wp.com\/lafuente.mx\/wp-content\/uploads\/2023\/07\/fibromialgia-1.jpeg?fit=1024%2C683&ssl=1","twitter_misc":{"Escrito por":"Claudia Gallardo","Tiempo de lectura":"1 minuto"},"schema":{"@context":"https:\/\/schema.org","@graph":[{"@type":"WebSite","@id":"https:\/\/lafuente.mx\/#website","url":"https:\/\/lafuente.mx\/","name":"","description":"Informaci\u00f3n confiable sobre salud mental","potentialAction":[{"@type":"SearchAction","target":{"@type":"EntryPoint","urlTemplate":"https:\/\/lafuente.mx\/?s={search_term_string}"},"query-input":"required name=search_term_string"}],"inLanguage":"es-MX"},{"@type":"WebPage","@id":"https:\/\/lafuente.mx\/?p=1374","url":"https:\/\/lafuente.mx\/?p=1374","name":"Fibromialgia: manejo cognitivo-conductual -","isPartOf":{"@id":"https:\/\/lafuente.mx\/#website"},"datePublished":"2023-07-05T08:05:00+00:00","dateModified":"2023-07-26T15:26:14+00:00","author":{"@id":"https:\/\/lafuente.mx\/#\/schema\/person\/603f3aa8e2f6f7879021ab722d39d6b0"},"description":"Conocer los aspectos cl\u00ednicos y psicosociales de la fibromialgia \u2022 Identificar los tratamientos para la fibromialgia","breadcrumb":{"@id":"https:\/\/lafuente.mx\/?p=1374#breadcrumb"},"inLanguage":"es-MX","potentialAction":[{"@type":"ReadAction","target":["https:\/\/lafuente.mx\/?p=1374"]}]},{"@type":"BreadcrumbList","@id":"https:\/\/lafuente.mx\/?p=1374#breadcrumb","itemListElement":[{"@type":"ListItem","position":1,"name":"Inicio","item":"https:\/\/lafuente.mx\/"},{"@type":"ListItem","position":2,"name":"Fibromialgia: manejo cognitivo-conductual"}]},{"@type":"Person","@id":"https:\/\/lafuente.mx\/#\/schema\/person\/603f3aa8e2f6f7879021ab722d39d6b0","name":"Claudia Gallardo","image":{"@type":"ImageObject","inLanguage":"es-MX","@id":"https:\/\/lafuente.mx\/#\/schema\/person\/image\/","url":"https:\/\/secure.gravatar.com\/avatar\/bfe9c966af1ccfb9d17bcdb9d04e8815?s=96&d=mm&r=g","contentUrl":"https:\/\/secure.gravatar.com\/avatar\/bfe9c966af1ccfb9d17bcdb9d04e8815?s=96&d=mm&r=g","caption":"Claudia Gallardo"},"url":"https:\/\/lafuente.mx\/?author=3"}]}},"jetpack_featured_media_url":"https:\/\/i0.wp.com\/lafuente.mx\/wp-content\/uploads\/2023\/07\/fibromialgia-1.jpeg?fit=1024%2C683&ssl=1","jetpack-related-posts":[{"id":2160,"url":"https:\/\/lafuente.mx\/?p=2160","url_meta":{"origin":1374,"position":0},"title":"Actualizaci\u00f3n en el tratamiento integral de la depresi\u00f3n","date":"marzo 24, 2024","format":false,"excerpt":"Del 1 al 12 de abril de 2024 Coordinadora: Dra. Danelia Mendieta Cabrera Dirigido aProfesionales de la salud de las siguientes disciplinas: psicolog\u00eda, medicina general, especialidades m\u00e9dicas y otros profesionales. Objetivo generalEmplear los sistemas de clasificaci\u00f3n de las enfermedades mentales para el diagn\u00f3stico del trastorno depresivo, uso de instrumentos de\u2026","rel":"","context":"En &quot;Cursos en l\u00ednea&quot;","img":{"alt_text":"","src":"https:\/\/i0.wp.com\/lafuente.mx\/wp-content\/uploads\/2024\/03\/pexels-photo-247314.webp?fit=1124%2C750&ssl=1&resize=350%2C200","width":350,"height":200},"classes":[]},{"id":1602,"url":"https:\/\/lafuente.mx\/?p=1602","url_meta":{"origin":1374,"position":1},"title":"Estr\u00e9s y salud mental\u00a0","date":"agosto 15, 2023","format":false,"excerpt":"Curso en l\u00ednea\u00a0\u00a0 Del 18 de septiembre al 20 de octubre de 2023\u00a0 Coordinadora acad\u00e9mica:\u00a0 Dra. Ma. Isabel Barrera Villalpando\u00a0 Dirigido a:\u00a0 Profesionales de la salud, educaci\u00f3n y afines\u00a0 Objetivo:\u00a0 \u2022 Comprender qu\u00e9 es el estr\u00e9s, tipos de estr\u00e9s y estresores externos e internos\u00a0 \u2022 Reconocer las fases del estr\u00e9s\u2026","rel":"","context":"En &quot;Cursos en l\u00ednea&quot;","img":{"alt_text":"","src":"https:\/\/i0.wp.com\/lafuente.mx\/wp-content\/uploads\/2023\/08\/estres-laboral-desempleo-dolor-fisico-shutterstock.jpg_1257444089.webp?fit=480%2C281&ssl=1&resize=350%2C200","width":350,"height":200},"classes":[]},{"id":358,"url":"https:\/\/lafuente.mx\/?p=358","url_meta":{"origin":1374,"position":2},"title":"Estr\u00e9s y salud mental","date":"septiembre 9, 2022","format":false,"excerpt":"Del 3 al 28 de octubre de 2022 Coordinadora acad\u00e9mica: Dra. Ma. Isabel Barrera Villalpando Dirigido a: Profesionales de la salud, educaci\u00f3n y afines. Objetivos: \u00b7 Comprender qu\u00e9 es el estr\u00e9s, tipos de estr\u00e9s y estresores externos e internos \u00b7 Reconocer las fases del estr\u00e9s y sus manifestaciones fisiol\u00f3gicas, cognitivas,\u2026","rel":"","context":"En &quot;Cursos&quot;","img":{"alt_text":"","src":"https:\/\/i0.wp.com\/lafuente.mx\/wp-content\/uploads\/2022\/09\/EstresYsalud-1.png?fit=425%2C662&ssl=1&resize=350%2C200","width":350,"height":200},"classes":[]},{"id":2057,"url":"https:\/\/lafuente.mx\/?p=2057","url_meta":{"origin":1374,"position":3},"title":"Estr\u00e9s y salud mental","date":"febrero 7, 2024","format":false,"excerpt":"Del 19 de febrero al 15 de marzo de 2024 Coordinadora acad\u00e9mica:\u00a0\u00a0 Dra. Ma. Isabel Barrera Villalpando\u00a0\u00a0 Dirigido a:\u00a0\u00a0 Profesionales de la salud, educaci\u00f3n y afines\u00a0\u00a0 Objetivo:\u00a0\u00a0 \u2022 Comprender qu\u00e9 es el estr\u00e9s, tipos de estr\u00e9s y estresores externos e internos\u00a0\u00a0 \u2022 Reconocer las fases del estr\u00e9s y sus manifestaciones\u2026","rel":"","context":"En &quot;Cursos en l\u00ednea&quot;","img":{"alt_text":"","src":"https:\/\/i0.wp.com\/lafuente.mx\/wp-content\/uploads\/2024\/02\/Mindfulness-scaled.jpg?fit=1200%2C563&ssl=1&resize=350%2C200","width":350,"height":200},"classes":[]},{"id":2335,"url":"https:\/\/lafuente.mx\/?p=2335","url_meta":{"origin":1374,"position":4},"title":"Abordaje interdisciplinario de las diversidades sexogen\u00e9ricas: evidencias para el cuidado de su salud f\u00edsica y mental\u00a0","date":"mayo 31, 2024","format":false,"excerpt":"Del 10 al 21 de junio de 2024\u00a0 Coordinador titular: Dr. Hamid Vega Ram\u00edrez\u00a0 Coordinadora adjunta: Dra. Rebeca Robles Garc\u00eda\u00a0 Dirigido a: Profesionales de la educaci\u00f3n (docentes, prefecturas, directivos), de la salud (endocrinolog\u00eda, pediatr\u00eda, medicina interna, cirug\u00eda, ginecolog\u00eda, urolog\u00eda, psiquiatr\u00eda y psicolog\u00eda) y personal de otras disciplinas afines que est\u00e1n\u2026","rel":"","context":"En &quot;Cursos&quot;","img":{"alt_text":"diversity, people, heads-5582454.jpg","src":"https:\/\/i0.wp.com\/lafuente.mx\/wp-content\/uploads\/2024\/05\/diversity-people-heads-5582454.jpg?fit=1200%2C800&ssl=1&resize=350%2C200","width":350,"height":200},"classes":[]},{"id":2164,"url":"https:\/\/lafuente.mx\/?p=2164","url_meta":{"origin":1374,"position":5},"title":"Terapia de Activaci\u00f3n Conductual en los trastornos depresivos","date":"marzo 24, 2024","format":false,"excerpt":"Del 1 al 12 de abril de 2024 Coordina:Dra. Jessica Zapata T\u00e9llez Dirigido a:Dirigido a pasantes de psicolog\u00eda, (pr\u00e1cticas profesionales y servicio social), estudiantes de posgrado en psicoterapia, residentes y especialistas en psiquiatr\u00eda Objetivo general:Revisar los procedimientos para la aplicaci\u00f3n de la terapia de activaci\u00f3n conductual, entidades diagn\u00f3sticas para su\u2026","rel":"","context":"En &quot;Cursos en l\u00ednea&quot;","img":{"alt_text":"","src":"https:\/\/i0.wp.com\/lafuente.mx\/wp-content\/uploads\/2024\/03\/pexels-shvets-production-7176026-scaled.jpg?fit=1200%2C800&ssl=1&resize=350%2C200","width":350,"height":200},"classes":[]}],"jetpack_sharing_enabled":true,"jetpack_shortlink":"https:\/\/wp.me\/pe9WUx-ma","_links":{"self":[{"href":"https:\/\/lafuente.mx\/index.php?rest_route=\/wp\/v2\/posts\/1374"}],"collection":[{"href":"https:\/\/lafuente.mx\/index.php?rest_route=\/wp\/v2\/posts"}],"about":[{"href":"https:\/\/lafuente.mx\/index.php?rest_route=\/wp\/v2\/types\/post"}],"author":[{"embeddable":true,"href":"https:\/\/lafuente.mx\/index.php?rest_route=\/wp\/v2\/users\/3"}],"replies":[{"embeddable":true,"href":"https:\/\/lafuente.mx\/index.php?rest_route=%2Fwp%2Fv2%2Fcomments&post=1374"}],"version-history":[{"count":2,"href":"https:\/\/lafuente.mx\/index.php?rest_route=\/wp\/v2\/posts\/1374\/revisions"}],"predecessor-version":[{"id":1497,"href":"https:\/\/lafuente.mx\/index.php?rest_route=\/wp\/v2\/posts\/1374\/revisions\/1497"}],"wp:featuredmedia":[{"embeddable":true,"href":"https:\/\/lafuente.mx\/index.php?rest_route=\/wp\/v2\/media\/1375"}],"wp:attachment":[{"href":"https:\/\/lafuente.mx\/index.php?rest_route=%2Fwp%2Fv2%2Fmedia&parent=1374"}],"wp:term":[{"taxonomy":"category","embeddable":true,"href":"https:\/\/lafuente.mx\/index.php?rest_route=%2Fwp%2Fv2%2Fcategories&post=1374"},{"taxonomy":"post_tag","embeddable":true,"href":"https:\/\/lafuente.mx\/index.php?rest_route=%2Fwp%2Fv2%2Ftags&post=1374"}],"curies":[{"name":"wp","href":"https:\/\/api.w.org\/{rel}","templated":true}]}}