{"id":1365,"date":"2023-07-10T08:00:00","date_gmt":"2023-07-10T08:00:00","guid":{"rendered":"https:\/\/lafuente.mx\/?p=1365"},"modified":"2023-07-19T19:24:53","modified_gmt":"2023-07-19T19:24:53","slug":"borrador-automatico-dia-internacional-del-trastorno-por-deficit-de-atencion-e-hiperactividad","status":"publish","type":"post","link":"https:\/\/lafuente.mx\/?p=1365","title":{"rendered":"D\u00eda Internacional del Trastorno por D\u00e9ficit de Atenci\u00f3n e Hiperactividad"},"content":{"rendered":"\n<hr class=\"wp-block-separator has-text-color has-vivid-green-cyan-color has-alpha-channel-opacity has-vivid-green-cyan-background-color has-background\"\/>\n\n\n<div class=\"wp-block-image\">\n<figure class=\"aligncenter size-large is-resized\"><img decoding=\"async\" loading=\"lazy\" src=\"https:\/\/i0.wp.com\/lafuente.mx\/wp-content\/uploads\/2023\/07\/WhatsApp-Image-2023-07-11-at-12.48.17-PM-1024x579.jpeg?resize=640%2C362&#038;ssl=1\" alt=\"\" class=\"wp-image-1410\" width=\"640\" height=\"362\" srcset=\"https:\/\/i0.wp.com\/lafuente.mx\/wp-content\/uploads\/2023\/07\/WhatsApp-Image-2023-07-11-at-12.48.17-PM.jpeg?resize=1024%2C579&amp;ssl=1 1024w, https:\/\/i0.wp.com\/lafuente.mx\/wp-content\/uploads\/2023\/07\/WhatsApp-Image-2023-07-11-at-12.48.17-PM.jpeg?resize=300%2C170&amp;ssl=1 300w, https:\/\/i0.wp.com\/lafuente.mx\/wp-content\/uploads\/2023\/07\/WhatsApp-Image-2023-07-11-at-12.48.17-PM.jpeg?resize=768%2C434&amp;ssl=1 768w, https:\/\/i0.wp.com\/lafuente.mx\/wp-content\/uploads\/2023\/07\/WhatsApp-Image-2023-07-11-at-12.48.17-PM.jpeg?w=1280&amp;ssl=1 1280w\" sizes=\"(max-width: 640px) 100vw, 640px\" data-recalc-dims=\"1\" \/><figcaption>Imagen INPRFM<\/figcaption><\/figure><\/div>\n\n\n<p class=\"has-text-align-center has-text-color has-larger-font-size\" style=\"color:#0d483e\"><strong>13 de julio&nbsp;<\/strong><\/p>\n\n\n\n<p>Cada 13 de julio conmemoramos uno de los trastornos m\u00e1s comunes de la infancia, que afecta a nivel mundial a 1 de cada 10 ni\u00f1os o j\u00f3venes en edad escolar. <\/p>\n\n\n\n<p class=\"has-medium-font-size\">Se celebra el <strong>D\u00eda Internacional del Trastorno por D\u00e9ficit de Atenci\u00f3n e Hiperactividad<\/strong>.&nbsp;<\/p>\n\n\n\n<p>Con esta efem\u00e9ride se pretende sensibilizar y concienciar a la poblaci\u00f3n mundial acerca de este trastorno cr\u00f3nico del desarrollo neurocognitivo, as\u00ed como apoyar a las personas que lo padecen y sus familiares.&nbsp;<\/p>\n\n\n\n<hr class=\"wp-block-separator has-text-color has-vivid-green-cyan-color has-alpha-channel-opacity has-vivid-green-cyan-background-color has-background is-style-wide\"\/>\n\n\n\n<p>&nbsp;Consulta los siguientes videos para conocer m\u00e1s sobre el tema: <\/p>\n\n\n\n<div class=\"wp-block-buttons is-layout-flex wp-block-buttons-is-layout-flex\">\n<div class=\"wp-block-button\"><a class=\"wp-block-button__link has-vivid-green-cyan-background-color has-background\" href=\"https:\/\/www.youtube.com\/@inprfm5095\/search?query=tdah\" target=\"_blank\" rel=\"noreferrer noopener\">VIDEOS<\/a><\/div>\n<\/div>\n\n\n\n<p><\/p>\n","protected":false},"excerpt":{"rendered":"<p>13 de julio&nbsp; Cada 13 de julio conmemoramos uno de los trastornos m\u00e1s comunes de la infancia, que afecta a nivel mundial a 1 de<\/p>\n","protected":false},"author":3,"featured_media":1410,"comment_status":"closed","ping_status":"closed","sticky":false,"template":"","format":"standard","meta":{"footnotes":"","jetpack_publicize_message":"","jetpack_is_tweetstorm":false,"jetpack_publicize_feature_enabled":true},"categories":[13],"tags":[66,327,328,21,137,32,326],"jetpack_publicize_connections":[],"yoast_head":"<!-- This site is optimized with the Yoast SEO plugin v19.4 - https:\/\/yoast.com\/wordpress\/plugins\/seo\/ -->\n<title>D\u00eda Internacional del Trastorno por D\u00e9ficit de Atenci\u00f3n e Hiperactividad -<\/title>\n<meta name=\"description\" content=\"Cada 13 de julio conmemoramos uno de los trastornos m\u00e1s comunes de la infancia, que afecta a nivel mundial a 1 de cada 10 ni\u00f1os o j\u00f3venes en edad escolar.\" \/>\n<meta name=\"robots\" content=\"index, follow, max-snippet:-1, max-image-preview:large, max-video-preview:-1\" \/>\n<link rel=\"canonical\" href=\"https:\/\/lafuente.mx\/?p=1365\" \/>\n<meta property=\"og:locale\" content=\"es_MX\" \/>\n<meta property=\"og:type\" content=\"article\" \/>\n<meta property=\"og:title\" content=\"D\u00eda Internacional del Trastorno por D\u00e9ficit de Atenci\u00f3n e Hiperactividad\" \/>\n<meta property=\"og:description\" content=\"Con esta efem\u00e9ride se pretende sensibilizar y concienciar a la poblaci\u00f3n mundial acerca de este trastorno cr\u00f3nico del desarrollo neurocognitivo, as\u00ed como apoyar a las personas que lo padecen y sus familiares\" \/>\n<meta property=\"og:url\" content=\"https:\/\/lafuente.mx\/?p=1365\" \/>\n<meta property=\"article:published_time\" content=\"2023-07-10T08:00:00+00:00\" \/>\n<meta property=\"article:modified_time\" content=\"2023-07-19T19:24:53+00:00\" \/>\n<meta property=\"og:image\" content=\"http:\/\/lafuente.mx\/wp-content\/uploads\/2023\/07\/WhatsApp-Image-2023-07-11-at-12.48.17-PM.jpeg\" \/>\n\t<meta property=\"og:image:width\" content=\"1280\" \/>\n\t<meta property=\"og:image:height\" content=\"724\" \/>\n\t<meta property=\"og:image:type\" content=\"image\/jpeg\" \/>\n<meta name=\"author\" content=\"Claudia Gallardo\" \/>\n<meta name=\"twitter:card\" content=\"summary_large_image\" \/>\n<meta name=\"twitter:title\" content=\"D\u00eda Internacional del Trastorno por D\u00e9ficit de Atenci\u00f3n e Hiperactividad\" \/>\n<meta name=\"twitter:description\" content=\"Con esta efem\u00e9ride se pretende sensibilizar y concienciar a la poblaci\u00f3n mundial acerca de este trastorno cr\u00f3nico del desarrollo neurocognitivo, as\u00ed como apoyar a las personas que lo padecen y sus familiares\" \/>\n<meta name=\"twitter:image\" content=\"https:\/\/i0.wp.com\/lafuente.mx\/wp-content\/uploads\/2023\/07\/WhatsApp-Image-2023-07-11-at-12.48.17-PM.jpeg?fit=1280%2C724&ssl=1\" \/>\n<meta name=\"twitter:label1\" content=\"Escrito por\" \/>\n\t<meta name=\"twitter:data1\" content=\"Claudia Gallardo\" \/>\n\t<meta name=\"twitter:label2\" content=\"Tiempo de lectura\" \/>\n\t<meta name=\"twitter:data2\" content=\"1 minuto\" \/>\n<script type=\"application\/ld+json\" class=\"yoast-schema-graph\">{\"@context\":\"https:\/\/schema.org\",\"@graph\":[{\"@type\":\"WebSite\",\"@id\":\"https:\/\/lafuente.mx\/#website\",\"url\":\"https:\/\/lafuente.mx\/\",\"name\":\"\",\"description\":\"Informaci\u00f3n confiable sobre salud mental\",\"potentialAction\":[{\"@type\":\"SearchAction\",\"target\":{\"@type\":\"EntryPoint\",\"urlTemplate\":\"https:\/\/lafuente.mx\/?s={search_term_string}\"},\"query-input\":\"required name=search_term_string\"}],\"inLanguage\":\"es-MX\"},{\"@type\":\"WebPage\",\"@id\":\"https:\/\/lafuente.mx\/?p=1365\",\"url\":\"https:\/\/lafuente.mx\/?p=1365\",\"name\":\"D\u00eda Internacional del Trastorno por D\u00e9ficit de Atenci\u00f3n e Hiperactividad -\",\"isPartOf\":{\"@id\":\"https:\/\/lafuente.mx\/#website\"},\"datePublished\":\"2023-07-10T08:00:00+00:00\",\"dateModified\":\"2023-07-19T19:24:53+00:00\",\"author\":{\"@id\":\"https:\/\/lafuente.mx\/#\/schema\/person\/603f3aa8e2f6f7879021ab722d39d6b0\"},\"description\":\"Cada 13 de julio conmemoramos uno de los trastornos m\u00e1s comunes de la infancia, que afecta a nivel mundial a 1 de cada 10 ni\u00f1os o j\u00f3venes en edad escolar.\",\"breadcrumb\":{\"@id\":\"https:\/\/lafuente.mx\/?p=1365#breadcrumb\"},\"inLanguage\":\"es-MX\",\"potentialAction\":[{\"@type\":\"ReadAction\",\"target\":[\"https:\/\/lafuente.mx\/?p=1365\"]}]},{\"@type\":\"BreadcrumbList\",\"@id\":\"https:\/\/lafuente.mx\/?p=1365#breadcrumb\",\"itemListElement\":[{\"@type\":\"ListItem\",\"position\":1,\"name\":\"Inicio\",\"item\":\"https:\/\/lafuente.mx\/\"},{\"@type\":\"ListItem\",\"position\":2,\"name\":\"D\u00eda Internacional del Trastorno por D\u00e9ficit de Atenci\u00f3n e Hiperactividad\"}]},{\"@type\":\"Person\",\"@id\":\"https:\/\/lafuente.mx\/#\/schema\/person\/603f3aa8e2f6f7879021ab722d39d6b0\",\"name\":\"Claudia Gallardo\",\"image\":{\"@type\":\"ImageObject\",\"inLanguage\":\"es-MX\",\"@id\":\"https:\/\/lafuente.mx\/#\/schema\/person\/image\/\",\"url\":\"https:\/\/secure.gravatar.com\/avatar\/bfe9c966af1ccfb9d17bcdb9d04e8815?s=96&d=mm&r=g\",\"contentUrl\":\"https:\/\/secure.gravatar.com\/avatar\/bfe9c966af1ccfb9d17bcdb9d04e8815?s=96&d=mm&r=g\",\"caption\":\"Claudia Gallardo\"},\"url\":\"https:\/\/lafuente.mx\/?author=3\"}]}<\/script>\n<!-- \/ Yoast SEO plugin. -->","yoast_head_json":{"title":"D\u00eda Internacional del Trastorno por D\u00e9ficit de Atenci\u00f3n e Hiperactividad -","description":"Cada 13 de julio conmemoramos uno de los trastornos m\u00e1s comunes de la infancia, que afecta a nivel mundial a 1 de cada 10 ni\u00f1os o j\u00f3venes en edad escolar.","robots":{"index":"index","follow":"follow","max-snippet":"max-snippet:-1","max-image-preview":"max-image-preview:large","max-video-preview":"max-video-preview:-1"},"canonical":"https:\/\/lafuente.mx\/?p=1365","og_locale":"es_MX","og_type":"article","og_title":"D\u00eda Internacional del Trastorno por D\u00e9ficit de Atenci\u00f3n e Hiperactividad","og_description":"Con esta efem\u00e9ride se pretende sensibilizar y concienciar a la poblaci\u00f3n mundial acerca de este trastorno cr\u00f3nico del desarrollo neurocognitivo, as\u00ed como apoyar a las personas que lo padecen y sus familiares","og_url":"https:\/\/lafuente.mx\/?p=1365","article_published_time":"2023-07-10T08:00:00+00:00","article_modified_time":"2023-07-19T19:24:53+00:00","og_image":[{"width":1280,"height":724,"url":"http:\/\/lafuente.mx\/wp-content\/uploads\/2023\/07\/WhatsApp-Image-2023-07-11-at-12.48.17-PM.jpeg","type":"image\/jpeg"}],"author":"Claudia Gallardo","twitter_card":"summary_large_image","twitter_title":"D\u00eda Internacional del Trastorno por D\u00e9ficit de Atenci\u00f3n e Hiperactividad","twitter_description":"Con esta efem\u00e9ride se pretende sensibilizar y concienciar a la poblaci\u00f3n mundial acerca de este trastorno cr\u00f3nico del desarrollo neurocognitivo, as\u00ed como apoyar a las personas que lo padecen y sus familiares","twitter_image":"https:\/\/i0.wp.com\/lafuente.mx\/wp-content\/uploads\/2023\/07\/WhatsApp-Image-2023-07-11-at-12.48.17-PM.jpeg?fit=1280%2C724&ssl=1","twitter_misc":{"Escrito por":"Claudia Gallardo","Tiempo de lectura":"1 minuto"},"schema":{"@context":"https:\/\/schema.org","@graph":[{"@type":"WebSite","@id":"https:\/\/lafuente.mx\/#website","url":"https:\/\/lafuente.mx\/","name":"","description":"Informaci\u00f3n confiable sobre salud mental","potentialAction":[{"@type":"SearchAction","target":{"@type":"EntryPoint","urlTemplate":"https:\/\/lafuente.mx\/?s={search_term_string}"},"query-input":"required name=search_term_string"}],"inLanguage":"es-MX"},{"@type":"WebPage","@id":"https:\/\/lafuente.mx\/?p=1365","url":"https:\/\/lafuente.mx\/?p=1365","name":"D\u00eda Internacional del Trastorno por D\u00e9ficit de Atenci\u00f3n e Hiperactividad -","isPartOf":{"@id":"https:\/\/lafuente.mx\/#website"},"datePublished":"2023-07-10T08:00:00+00:00","dateModified":"2023-07-19T19:24:53+00:00","author":{"@id":"https:\/\/lafuente.mx\/#\/schema\/person\/603f3aa8e2f6f7879021ab722d39d6b0"},"description":"Cada 13 de julio conmemoramos uno de los trastornos m\u00e1s comunes de la infancia, que afecta a nivel mundial a 1 de cada 10 ni\u00f1os o j\u00f3venes en edad escolar.","breadcrumb":{"@id":"https:\/\/lafuente.mx\/?p=1365#breadcrumb"},"inLanguage":"es-MX","potentialAction":[{"@type":"ReadAction","target":["https:\/\/lafuente.mx\/?p=1365"]}]},{"@type":"BreadcrumbList","@id":"https:\/\/lafuente.mx\/?p=1365#breadcrumb","itemListElement":[{"@type":"ListItem","position":1,"name":"Inicio","item":"https:\/\/lafuente.mx\/"},{"@type":"ListItem","position":2,"name":"D\u00eda Internacional del Trastorno por D\u00e9ficit de Atenci\u00f3n e Hiperactividad"}]},{"@type":"Person","@id":"https:\/\/lafuente.mx\/#\/schema\/person\/603f3aa8e2f6f7879021ab722d39d6b0","name":"Claudia Gallardo","image":{"@type":"ImageObject","inLanguage":"es-MX","@id":"https:\/\/lafuente.mx\/#\/schema\/person\/image\/","url":"https:\/\/secure.gravatar.com\/avatar\/bfe9c966af1ccfb9d17bcdb9d04e8815?s=96&d=mm&r=g","contentUrl":"https:\/\/secure.gravatar.com\/avatar\/bfe9c966af1ccfb9d17bcdb9d04e8815?s=96&d=mm&r=g","caption":"Claudia Gallardo"},"url":"https:\/\/lafuente.mx\/?author=3"}]}},"jetpack_featured_media_url":"https:\/\/i0.wp.com\/lafuente.mx\/wp-content\/uploads\/2023\/07\/WhatsApp-Image-2023-07-11-at-12.48.17-PM.jpeg?fit=1280%2C724&ssl=1","jetpack-related-posts":[{"id":770,"url":"https:\/\/lafuente.mx\/?p=770","url_meta":{"origin":1365,"position":0},"title":"Tratamientos coadyuvantes para los trastornos del Neurodesarrollo","date":"febrero 10, 2023","format":false,"excerpt":"Francisco R. de la Pe\u00f1a Olvera Rese\u00f1a. En la actualidad existen diversas opciones de tratamiento e intervenciones para los trastornos\u00a0 del neurodesarrollo (TND), grupo de condiciones cl\u00ednicas y casualmente distintas con d\u00e9ficits y\/o\u00a0 alteraciones en el desarrollo y en el funcionamiento, si bien, en el caso de los trastornos del\u2026","rel":"","context":"En &quot;Publicaciones&quot;","img":{"alt_text":"","src":"https:\/\/i0.wp.com\/lafuente.mx\/wp-content\/uploads\/2023\/02\/Sin-titulo-1_Mesa-de-trabajo-1.png?fit=1200%2C777&ssl=1&resize=350%2C200","width":350,"height":200},"classes":[]},{"id":2365,"url":"https:\/\/lafuente.mx\/?p=2365","url_meta":{"origin":1365,"position":1},"title":"Trastorno Bipolar en Ni\u00f1os y\u00a0 Adolescentes\u00a0","date":"junio 19, 2024","format":false,"excerpt":"GU\u00cdAS CL\u00cdNICAS\u00a0 INTRODUCCI\u00d3N\u00a0 El Trastorno Bipolar, antiguamente conocido como enfermedad maniaco depresiva, es un trastorno del estado del \u00e1nimo, en el que se presentan fases de depresi\u00f3n con otras de euforia. Es una de las psicopatolog\u00edas menos frecuentes en la Infancia, debido en parte a que durante muchos a\u00f1os se\u2026","rel":"","context":"En &quot;Publicaciones&quot;","img":{"alt_text":"","src":"https:\/\/i0.wp.com\/lafuente.mx\/wp-content\/uploads\/2024\/06\/Captura-de-pantalla-2024-06-19-a-las-12.27.32.png?fit=868%2C864&ssl=1&resize=350%2C200","width":350,"height":200},"classes":[]},{"id":2174,"url":"https:\/\/lafuente.mx\/?p=2174","url_meta":{"origin":1365,"position":2},"title":"D\u00eda Mundial del Trastorno Bipolar \u00a0","date":"marzo 30, 2024","format":false,"excerpt":"30 de marzo El trastorno bipolar es una enfermedad mental que afecta a los mecanismos que regulan el estado de \u00e1nimo (animostato). Se suele caracterizar por la alternancia de episodios man\u00edacos (altos emocionales) y depresivos (bajos emocionales) separados por per\u00edodos de estado de \u00e1nimo normal. No obstante, la enfermedad tambi\u00e9n\u2026","rel":"","context":"En &quot;Efem\u00e9rides de Salud Mental&quot;","img":{"alt_text":"","src":"https:\/\/i0.wp.com\/lafuente.mx\/wp-content\/uploads\/2024\/04\/Captura-de-pantalla-2024-04-02-a-las-10.09.21.png?fit=1200%2C678&ssl=1&resize=350%2C200","width":350,"height":200},"classes":[]},{"id":3531,"url":"https:\/\/lafuente.mx\/?p=3531","url_meta":{"origin":1365,"position":3},"title":"Uno de cada siete j\u00f3venes entre 10 y 19 a\u00f1os sufre un trastorno mental: OMS\u00a0","date":"enero 13, 2026","format":false,"excerpt":"Laura Poy Solano\u00a0 Peri\u00f3dico La Jornada\u00a0Domingo 23 de noviembre de 2025, p. 6\u00a0 La Organizaci\u00f3n Mundial de la Salud (OMS) estima que uno de cada siete j\u00f3venes de entre 10 y 19 a\u00f1os en el mundo padece alg\u00fan tipo de trastorno mental, lo que representa 15 por ciento de la\u2026","rel":"","context":"En &quot;Noticias&quot;","img":{"alt_text":"kids, boys, children, poverty, happiness, smiling, mexico, portrait-6610964.jpg","src":"https:\/\/i0.wp.com\/lafuente.mx\/wp-content\/uploads\/2026\/01\/kids-boys-children-poverty-happiness-smiling-mexico-portrait-6610964.jpg?fit=1200%2C800&ssl=1&resize=350%2C200","width":350,"height":200},"classes":[]},{"id":2419,"url":"https:\/\/lafuente.mx\/?p=2419","url_meta":{"origin":1365,"position":4},"title":"Tratamientos de apoyo en trastornos del neurodesarrollo","date":"julio 9, 2024","format":false,"excerpt":"CONFERENCIA 10 de cada mes 10 de julio Hablemos de salud mental Ponentes: Emmanuel Sarmiento Hern\u00e1ndezFrancisco de la Pe\u00f1a Olvera Hablamos de todos los tratamientos coadyuvantes que tienen evidencia en los trastornos del neurodesarrollo (TEA, TDAH, Discapacidad Intelectual, etc.). - Actividad F\u00edsica- Biorretroalimentaci\u00f3n- Dieta- Estimulaci\u00f3n Magn\u00e9tica Transcraneal- Equinoterapia Por Facebook","rel":"","context":"En &quot;Eventos Acad\u00e9micos del INPRFM&quot;","img":{"alt_text":"","src":"https:\/\/i0.wp.com\/lafuente.mx\/wp-content\/uploads\/2024\/07\/WhatsApp-Image-2024-07-03-at-10.12.00-AM.jpeg?fit=1200%2C900&ssl=1&resize=350%2C200","width":350,"height":200},"classes":[]},{"id":2413,"url":"https:\/\/lafuente.mx\/?p=2413","url_meta":{"origin":1365,"position":5},"title":"MENTALIZARTE","date":"julio 2, 2024","format":false,"excerpt":"En julio hablaremos sobreTratamientos coadyuvantes en los trastornos del neurodesarrollo MENTALIZARTE es el proyecto de difusi\u00f3n en temas de salud mental del Instituto Nacional de Psiquiatr\u00eda Ram\u00f3n de la Fuente Mu\u00f1iz (INPRFM). M\u00e1s informaci\u00f3n","rel":"","context":"En &quot;Informaci\u00f3n de inter\u00e9s&quot;","img":{"alt_text":"","src":"https:\/\/i0.wp.com\/lafuente.mx\/wp-content\/uploads\/2024\/07\/WhatsApp-Image-2024-07-01-at-10.51.52-AM.jpeg?fit=1200%2C692&ssl=1&resize=350%2C200","width":350,"height":200},"classes":[]}],"jetpack_sharing_enabled":true,"jetpack_shortlink":"https:\/\/wp.me\/pe9WUx-m1","_links":{"self":[{"href":"https:\/\/lafuente.mx\/index.php?rest_route=\/wp\/v2\/posts\/1365"}],"collection":[{"href":"https:\/\/lafuente.mx\/index.php?rest_route=\/wp\/v2\/posts"}],"about":[{"href":"https:\/\/lafuente.mx\/index.php?rest_route=\/wp\/v2\/types\/post"}],"author":[{"embeddable":true,"href":"https:\/\/lafuente.mx\/index.php?rest_route=\/wp\/v2\/users\/3"}],"replies":[{"embeddable":true,"href":"https:\/\/lafuente.mx\/index.php?rest_route=%2Fwp%2Fv2%2Fcomments&post=1365"}],"version-history":[{"count":2,"href":"https:\/\/lafuente.mx\/index.php?rest_route=\/wp\/v2\/posts\/1365\/revisions"}],"predecessor-version":[{"id":1412,"href":"https:\/\/lafuente.mx\/index.php?rest_route=\/wp\/v2\/posts\/1365\/revisions\/1412"}],"wp:featuredmedia":[{"embeddable":true,"href":"https:\/\/lafuente.mx\/index.php?rest_route=\/wp\/v2\/media\/1410"}],"wp:attachment":[{"href":"https:\/\/lafuente.mx\/index.php?rest_route=%2Fwp%2Fv2%2Fmedia&parent=1365"}],"wp:term":[{"taxonomy":"category","embeddable":true,"href":"https:\/\/lafuente.mx\/index.php?rest_route=%2Fwp%2Fv2%2Fcategories&post=1365"},{"taxonomy":"post_tag","embeddable":true,"href":"https:\/\/lafuente.mx\/index.php?rest_route=%2Fwp%2Fv2%2Ftags&post=1365"}],"curies":[{"name":"wp","href":"https:\/\/api.w.org\/{rel}","templated":true}]}}