{"id":1362,"date":"2023-07-04T08:14:00","date_gmt":"2023-07-04T08:14:00","guid":{"rendered":"https:\/\/lafuente.mx\/?p=1362"},"modified":"2023-06-28T17:29:16","modified_gmt":"2023-06-28T17:29:16","slug":"estres-academico-percibido-en-estudiantes-de-medicina-mexicanos-el-papel-de-la-angustia-emocional-sexual-el-agotamiento-el-apoyo-academico-social-las-experiencias-actuales-de-abuso-y-las-estrategi","status":"publish","type":"post","link":"https:\/\/lafuente.mx\/?p=1362","title":{"rendered":"Estr\u00e9s acad\u00e9mico percibido en estudiantes de medicina mexicanos. El papel de la angustia emocional sexual, el agotamiento, el apoyo acad\u00e9mico-social, las experiencias actuales de abuso y las estrategias de afrontamiento\u00a0"},"content":{"rendered":"\n<hr class=\"wp-block-separator has-text-color has-luminous-vivid-amber-color has-alpha-channel-opacity has-luminous-vivid-amber-background-color has-background\"\/>\n\n\n\n<p class=\"has-text-color has-large-font-size\" style=\"color:#5d4b3f;font-style:normal;font-weight:100\"><strong>Diana Patricia Gu\u00edzar S\u00e1nchez, 1 Ra\u00fal Sampieri Cabrera, 1 Virginia Incl\u00e1n Rubio ,1 Armando Mu\u00f1oz Comonfort 1\u00a0<\/strong><\/p>\n\n\n\n<p>1 Laboratorio de Ciencias del Aprendizaje, Departamento de Fisiolog\u00eda\u00a0\u00a0Facultad de Medicina, Universidad\u00a0\u00a0Nacional Aut\u00f3noma de M\u00e9xico,\u00a0\u00a0<\/p>\n\n\n\n<p>Ciudad de M\u00e9xico, M\u00e9xico.\u00a0<\/p>\n\n\n\n<hr class=\"wp-block-separator has-text-color has-luminous-vivid-amber-color has-alpha-channel-opacity has-luminous-vivid-amber-background-color has-background\"\/>\n\n\n<div class=\"wp-block-image\">\n<figure class=\"aligncenter size-large is-resized\"><img decoding=\"async\" loading=\"lazy\" src=\"https:\/\/i0.wp.com\/lafuente.mx\/wp-content\/uploads\/2023\/06\/DSC_0290-1024x680.jpg?resize=640%2C424&#038;ssl=1\" alt=\"\" class=\"wp-image-1363\" width=\"640\" height=\"424\" srcset=\"https:\/\/i0.wp.com\/lafuente.mx\/wp-content\/uploads\/2023\/06\/DSC_0290-scaled.jpg?resize=300%2C199&amp;ssl=1 300w, https:\/\/i0.wp.com\/lafuente.mx\/wp-content\/uploads\/2023\/06\/DSC_0290-scaled.jpg?resize=768%2C510&amp;ssl=1 768w, https:\/\/i0.wp.com\/lafuente.mx\/wp-content\/uploads\/2023\/06\/DSC_0290-scaled.jpg?zoom=2&amp;resize=832%2C551 1664w, https:\/\/i0.wp.com\/lafuente.mx\/wp-content\/uploads\/2023\/06\/DSC_0290-scaled.jpg?zoom=3&amp;resize=832%2C551 2496w\" sizes=\"(max-width: 640px) 100vw, 640px\" data-recalc-dims=\"1\" \/><figcaption>Imagen INPRFM<\/figcaption><\/figure><\/div>\n\n\n<p class=\"has-text-color\" style=\"color:#4a413e\"><strong>Introducci\u00f3n.<\/strong><\/p>\n\n\n\n<p class=\"has-text-color\" style=\"color:#4a413e\"> El estr\u00e9s acad\u00e9mico es un problema com\u00fan entre los estudiantes de medicina que tiene un impacto fisiol\u00f3gico, social y de aprendizaje negativo. El estr\u00e9s acad\u00e9mico percibido indica qu\u00e9 tan estresado est\u00e1 un estudiante por cuestiones acad\u00e9micas durante un per\u00edodo de tiempo determinado y la capacidad para manejar ese estr\u00e9s.\u00a0<br>\u00a0<br><strong>Objetivo<\/strong>.<\/p>\n\n\n\n<p class=\"has-text-color\" style=\"color:#4a413e\">Determinar la prevalencia de PAS y evaluar posibles factores de riesgo, centr\u00e1ndose en las diferencias de sexo, el desgaste profesional, el malestar emocional, el apoyo acad\u00e9mico-social y las estrategias de afrontamiento.\u00a0<br>\u00a0<br><strong>M\u00e9todo. <\/strong><\/p>\n\n\n\n<p class=\"has-text-color\" style=\"color:#4a413e\">Se realiz\u00f3 un estudio transversal, retrospectivo y comparativo a trav\u00e9s de una encuesta en l\u00ednea con estudiantes de medicina (MS) dispuestos a participar de forma an\u00f3nima.\u00a0<br>\u00a0<br><strong>Resultados.<\/strong><\/p>\n\n\n\n<p class=\"has-text-color\" style=\"color:#4a413e\">Todos los estudiantes reportaron PAS y la mayor\u00eda en un grado moderado-severo. Comparando la presencia de maltrato dentro del \u00e1mbito acad\u00e9mico entre hombres y mujeres, encontramos diferencias en la frecuencia de denuncia de maltrato emocional y sexual. Asimismo, encontramos diferencias en el apoyo social acad\u00e9mico percibido por parte de docentes y familiares. El an\u00e1lisis de regresi\u00f3n log\u00edstica m\u00faltiple mostr\u00f3 que el sexo y el abuso sexual actual dentro de la escuela ten\u00edan la asociaci\u00f3n m\u00e1s fuerte con PAS en la EM, seguido de antecedentes familiares de depresi\u00f3n y menos apoyo social acad\u00e9mico percibido por parte de la familia.\u00a0<br>\u00a0<br><strong>Discusi\u00f3n y conclusi\u00f3n.<\/strong><\/p>\n\n\n\n<p class=\"has-text-color\" style=\"color:#4a413e\">La identificaci\u00f3n oportuna de las personas en riesgo ser\u00e1 fundamental para establecer estrategias preventivas para limitar el impacto de PAS en la EM, programas de manejo del estr\u00e9s, capacitaci\u00f3n en habilidades de afrontamiento y ofrecer alternativas terap\u00e9uticas r\u00e1pidas cuando sea necesario.\u00a0<\/p>\n\n\n\n<div class=\"wp-block-buttons is-layout-flex wp-block-buttons-is-layout-flex\">\n<div class=\"wp-block-button\"><a class=\"wp-block-button__link\" href=\"http:\/\/revistasaludmental.mx\/index.php\/salud_mental\/article\/view\/SM.0185-3325.2023.020\/4223\" target=\"_blank\" rel=\"noreferrer noopener\">M\u00e1s informaci\u00f3n<\/a><\/div>\n<\/div>\n\n\n\n<p><\/p>\n","protected":false},"excerpt":{"rendered":"<p>Diana Patricia Gu\u00edzar S\u00e1nchez, 1 Ra\u00fal Sampieri Cabrera, 1 Virginia Incl\u00e1n Rubio ,1 Armando Mu\u00f1oz Comonfort 1\u00a0 1 Laboratorio de Ciencias del Aprendizaje, Departamento de<\/p>\n","protected":false},"author":3,"featured_media":1363,"comment_status":"closed","ping_status":"closed","sticky":false,"template":"","format":"standard","meta":{"footnotes":"","jetpack_publicize_message":"","jetpack_is_tweetstorm":false,"jetpack_publicize_feature_enabled":true},"categories":[11],"tags":[322,323,79,321,325,21,324,32],"jetpack_publicize_connections":[],"yoast_head":"<!-- This site is optimized with the Yoast SEO plugin v19.4 - https:\/\/yoast.com\/wordpress\/plugins\/seo\/ -->\n<title>Estr\u00e9s acad\u00e9mico percibido en estudiantes de medicina mexicanos. El papel de la angustia emocional sexual, el agotamiento, el apoyo acad\u00e9mico-social, las experiencias actuales de abuso y las estrategias de afrontamiento\u00a0 -<\/title>\n<meta name=\"robots\" content=\"index, follow, max-snippet:-1, max-image-preview:large, max-video-preview:-1\" \/>\n<link rel=\"canonical\" href=\"https:\/\/lafuente.mx\/?p=1362\" \/>\n<meta property=\"og:locale\" content=\"es_MX\" \/>\n<meta property=\"og:type\" content=\"article\" \/>\n<meta property=\"og:title\" content=\"Estr\u00e9s acad\u00e9mico percibido en estudiantes de medicina mexicanos. El papel de la angustia emocional sexual, el agotamiento, el apoyo acad\u00e9mico-social, las experiencias actuales de abuso y las estrategias de afrontamiento\" \/>\n<meta property=\"og:description\" content=\"Determinar la prevalencia de PAS y evaluar posibles factores de riesgo, centr\u00e1ndose en las diferencias de sexo, el desgaste profesional, el malestar emocional, el apoyo acad\u00e9mico-social y las estrategias de afrontamiento.\u00a0\" \/>\n<meta property=\"og:url\" content=\"https:\/\/lafuente.mx\/?p=1362\" \/>\n<meta property=\"article:published_time\" content=\"2023-07-04T08:14:00+00:00\" \/>\n<meta property=\"article:modified_time\" content=\"2023-06-28T17:29:16+00:00\" \/>\n<meta property=\"og:image\" content=\"https:\/\/i0.wp.com\/lafuente.mx\/wp-content\/uploads\/2023\/06\/DSC_0290-scaled.jpg?fit=2560%2C1700&ssl=1\" \/>\n\t<meta property=\"og:image:width\" content=\"2560\" \/>\n\t<meta property=\"og:image:height\" content=\"1700\" \/>\n\t<meta property=\"og:image:type\" content=\"image\/jpeg\" \/>\n<meta name=\"author\" content=\"Claudia Gallardo\" \/>\n<meta name=\"twitter:card\" content=\"summary_large_image\" \/>\n<meta name=\"twitter:title\" content=\"Estr\u00e9s acad\u00e9mico percibido en estudiantes de medicina mexicanos. El papel de la angustia emocional sexual, el agotamiento, el apoyo acad\u00e9mico-social, las experiencias actuales de abuso y las estrategias de afrontamiento\" \/>\n<meta name=\"twitter:description\" content=\"Determinar la prevalencia de PAS y evaluar posibles factores de riesgo, centr\u00e1ndose en las diferencias de sexo, el desgaste profesional, el malestar emocional, el apoyo acad\u00e9mico-social y las estrategias de afrontamiento.\u00a0\" \/>\n<meta name=\"twitter:image\" content=\"https:\/\/i0.wp.com\/lafuente.mx\/wp-content\/uploads\/2023\/06\/DSC_0290-scaled.jpg?fit=2560%2C1700&ssl=1\" \/>\n<meta name=\"twitter:label1\" content=\"Escrito por\" \/>\n\t<meta name=\"twitter:data1\" content=\"Claudia Gallardo\" \/>\n\t<meta name=\"twitter:label2\" content=\"Tiempo de lectura\" \/>\n\t<meta name=\"twitter:data2\" content=\"2 minutos\" \/>\n<script type=\"application\/ld+json\" class=\"yoast-schema-graph\">{\"@context\":\"https:\/\/schema.org\",\"@graph\":[{\"@type\":\"WebSite\",\"@id\":\"https:\/\/lafuente.mx\/#website\",\"url\":\"https:\/\/lafuente.mx\/\",\"name\":\"\",\"description\":\"Informaci\u00f3n confiable sobre salud mental\",\"potentialAction\":[{\"@type\":\"SearchAction\",\"target\":{\"@type\":\"EntryPoint\",\"urlTemplate\":\"https:\/\/lafuente.mx\/?s={search_term_string}\"},\"query-input\":\"required name=search_term_string\"}],\"inLanguage\":\"es-MX\"},{\"@type\":\"WebPage\",\"@id\":\"https:\/\/lafuente.mx\/?p=1362\",\"url\":\"https:\/\/lafuente.mx\/?p=1362\",\"name\":\"Estr\u00e9s acad\u00e9mico percibido en estudiantes de medicina mexicanos. El papel de la angustia emocional sexual, el agotamiento, el apoyo acad\u00e9mico-social, las experiencias actuales de abuso y las estrategias de afrontamiento\u00a0 -\",\"isPartOf\":{\"@id\":\"https:\/\/lafuente.mx\/#website\"},\"datePublished\":\"2023-07-04T08:14:00+00:00\",\"dateModified\":\"2023-06-28T17:29:16+00:00\",\"author\":{\"@id\":\"https:\/\/lafuente.mx\/#\/schema\/person\/603f3aa8e2f6f7879021ab722d39d6b0\"},\"breadcrumb\":{\"@id\":\"https:\/\/lafuente.mx\/?p=1362#breadcrumb\"},\"inLanguage\":\"es-MX\",\"potentialAction\":[{\"@type\":\"ReadAction\",\"target\":[\"https:\/\/lafuente.mx\/?p=1362\"]}]},{\"@type\":\"BreadcrumbList\",\"@id\":\"https:\/\/lafuente.mx\/?p=1362#breadcrumb\",\"itemListElement\":[{\"@type\":\"ListItem\",\"position\":1,\"name\":\"Inicio\",\"item\":\"https:\/\/lafuente.mx\/\"},{\"@type\":\"ListItem\",\"position\":2,\"name\":\"Estr\u00e9s acad\u00e9mico percibido en estudiantes de medicina mexicanos. El papel de la angustia emocional sexual, el agotamiento, el apoyo acad\u00e9mico-social, las experiencias actuales de abuso y las estrategias de afrontamiento\u00a0\"}]},{\"@type\":\"Person\",\"@id\":\"https:\/\/lafuente.mx\/#\/schema\/person\/603f3aa8e2f6f7879021ab722d39d6b0\",\"name\":\"Claudia Gallardo\",\"image\":{\"@type\":\"ImageObject\",\"inLanguage\":\"es-MX\",\"@id\":\"https:\/\/lafuente.mx\/#\/schema\/person\/image\/\",\"url\":\"https:\/\/secure.gravatar.com\/avatar\/bfe9c966af1ccfb9d17bcdb9d04e8815?s=96&d=mm&r=g\",\"contentUrl\":\"https:\/\/secure.gravatar.com\/avatar\/bfe9c966af1ccfb9d17bcdb9d04e8815?s=96&d=mm&r=g\",\"caption\":\"Claudia Gallardo\"},\"url\":\"https:\/\/lafuente.mx\/?author=3\"}]}<\/script>\n<!-- \/ Yoast SEO plugin. -->","yoast_head_json":{"title":"Estr\u00e9s acad\u00e9mico percibido en estudiantes de medicina mexicanos. El papel de la angustia emocional sexual, el agotamiento, el apoyo acad\u00e9mico-social, las experiencias actuales de abuso y las estrategias de afrontamiento\u00a0 -","robots":{"index":"index","follow":"follow","max-snippet":"max-snippet:-1","max-image-preview":"max-image-preview:large","max-video-preview":"max-video-preview:-1"},"canonical":"https:\/\/lafuente.mx\/?p=1362","og_locale":"es_MX","og_type":"article","og_title":"Estr\u00e9s acad\u00e9mico percibido en estudiantes de medicina mexicanos. El papel de la angustia emocional sexual, el agotamiento, el apoyo acad\u00e9mico-social, las experiencias actuales de abuso y las estrategias de afrontamiento","og_description":"Determinar la prevalencia de PAS y evaluar posibles factores de riesgo, centr\u00e1ndose en las diferencias de sexo, el desgaste profesional, el malestar emocional, el apoyo acad\u00e9mico-social y las estrategias de afrontamiento.\u00a0","og_url":"https:\/\/lafuente.mx\/?p=1362","article_published_time":"2023-07-04T08:14:00+00:00","article_modified_time":"2023-06-28T17:29:16+00:00","og_image":[{"width":2560,"height":1700,"url":"https:\/\/i0.wp.com\/lafuente.mx\/wp-content\/uploads\/2023\/06\/DSC_0290-scaled.jpg?fit=2560%2C1700&ssl=1","type":"image\/jpeg"}],"author":"Claudia Gallardo","twitter_card":"summary_large_image","twitter_title":"Estr\u00e9s acad\u00e9mico percibido en estudiantes de medicina mexicanos. El papel de la angustia emocional sexual, el agotamiento, el apoyo acad\u00e9mico-social, las experiencias actuales de abuso y las estrategias de afrontamiento","twitter_description":"Determinar la prevalencia de PAS y evaluar posibles factores de riesgo, centr\u00e1ndose en las diferencias de sexo, el desgaste profesional, el malestar emocional, el apoyo acad\u00e9mico-social y las estrategias de afrontamiento.\u00a0","twitter_image":"https:\/\/i0.wp.com\/lafuente.mx\/wp-content\/uploads\/2023\/06\/DSC_0290-scaled.jpg?fit=2560%2C1700&ssl=1","twitter_misc":{"Escrito por":"Claudia Gallardo","Tiempo de lectura":"2 minutos"},"schema":{"@context":"https:\/\/schema.org","@graph":[{"@type":"WebSite","@id":"https:\/\/lafuente.mx\/#website","url":"https:\/\/lafuente.mx\/","name":"","description":"Informaci\u00f3n confiable sobre salud mental","potentialAction":[{"@type":"SearchAction","target":{"@type":"EntryPoint","urlTemplate":"https:\/\/lafuente.mx\/?s={search_term_string}"},"query-input":"required name=search_term_string"}],"inLanguage":"es-MX"},{"@type":"WebPage","@id":"https:\/\/lafuente.mx\/?p=1362","url":"https:\/\/lafuente.mx\/?p=1362","name":"Estr\u00e9s acad\u00e9mico percibido en estudiantes de medicina mexicanos. El papel de la angustia emocional sexual, el agotamiento, el apoyo acad\u00e9mico-social, las experiencias actuales de abuso y las estrategias de afrontamiento\u00a0 -","isPartOf":{"@id":"https:\/\/lafuente.mx\/#website"},"datePublished":"2023-07-04T08:14:00+00:00","dateModified":"2023-06-28T17:29:16+00:00","author":{"@id":"https:\/\/lafuente.mx\/#\/schema\/person\/603f3aa8e2f6f7879021ab722d39d6b0"},"breadcrumb":{"@id":"https:\/\/lafuente.mx\/?p=1362#breadcrumb"},"inLanguage":"es-MX","potentialAction":[{"@type":"ReadAction","target":["https:\/\/lafuente.mx\/?p=1362"]}]},{"@type":"BreadcrumbList","@id":"https:\/\/lafuente.mx\/?p=1362#breadcrumb","itemListElement":[{"@type":"ListItem","position":1,"name":"Inicio","item":"https:\/\/lafuente.mx\/"},{"@type":"ListItem","position":2,"name":"Estr\u00e9s acad\u00e9mico percibido en estudiantes de medicina mexicanos. El papel de la angustia emocional sexual, el agotamiento, el apoyo acad\u00e9mico-social, las experiencias actuales de abuso y las estrategias de afrontamiento\u00a0"}]},{"@type":"Person","@id":"https:\/\/lafuente.mx\/#\/schema\/person\/603f3aa8e2f6f7879021ab722d39d6b0","name":"Claudia Gallardo","image":{"@type":"ImageObject","inLanguage":"es-MX","@id":"https:\/\/lafuente.mx\/#\/schema\/person\/image\/","url":"https:\/\/secure.gravatar.com\/avatar\/bfe9c966af1ccfb9d17bcdb9d04e8815?s=96&d=mm&r=g","contentUrl":"https:\/\/secure.gravatar.com\/avatar\/bfe9c966af1ccfb9d17bcdb9d04e8815?s=96&d=mm&r=g","caption":"Claudia Gallardo"},"url":"https:\/\/lafuente.mx\/?author=3"}]}},"jetpack_featured_media_url":"https:\/\/i0.wp.com\/lafuente.mx\/wp-content\/uploads\/2023\/06\/DSC_0290-scaled.jpg?fit=2560%2C1700&ssl=1","jetpack-related-posts":[{"id":1229,"url":"https:\/\/lafuente.mx\/?p=1229","url_meta":{"origin":1362,"position":0},"title":"La formaci\u00f3n en enfermer\u00eda y su asociaci\u00f3n con el s\u00edndrome de burnout en estudiantes mexicanos de pregrado\u00a0","date":"mayo 18, 2023","format":false,"excerpt":"Karla Selene Consuelos-S\u00e1nchez , 1 Araceli Cano-Estrada , 1 Ana Cristina Casta\u00f1eda-M\u00e1rquez , 1 Jos\u00e9 \u00c1ngelHern\u00e1ndez-Mariano2\u00a0 1\u00a0Programa de enfermer\u00eda, Escuela Superior de Tlahuelilpan, Universidad Aut\u00f3noma del Estado de Hidalgo, Tlahuelilpan, Hidalgo, M\u00e9xico.\u00a0 2 Centro de Investigaci\u00f3n en Salud\u00a0 Poblacional, Instituto Nacional de Salud P\u00fablica, Cuernavaca, Morelos, M\u00e9xico.\u00a0 Imagen INPRFM Abstracto\u00a0\u2026","rel":"","context":"En &quot;Revista Salud Mental&quot;","img":{"alt_text":"","src":"https:\/\/i0.wp.com\/lafuente.mx\/wp-content\/uploads\/2023\/05\/DSC_0750.jpg?fit=1181%2C784&ssl=1&resize=350%2C200","width":350,"height":200},"classes":[]},{"id":506,"url":"https:\/\/lafuente.mx\/?p=506","url_meta":{"origin":1362,"position":1},"title":"Cuidar y ser madre durante la pandemia del SARS-COV2: caracter\u00edsticas de las m\u00e9dicos-madres durante la COVID-19 y su impacto en la salud mental\u00a0","date":"octubre 28, 2022","format":false,"excerpt":"Ingrid Vargas-Huicochea,1 Shoshana Berenzon, 2 Silvia AracelyTafoya,1 Diana Patricia Gu\u00edzar-S\u00e1nchez,3 NoraKelsall, 4 Ana Carolina Rodr\u00edguez-Machain, 1 Atenea Lanz-Uribe 5\u00a0 1 Departamento de Psiquiatr\u00eda y Salud Mental, Facultad de Medicina, Universidad Nacional Aut\u00f3noma de M\u00e9xico, Ciudad de M\u00e9xico, M\u00e9xico.\u00a0 2 Direcci\u00f3n de Investigaciones Epidemiol\u00f3gicas y Psicosociales, Instituto Nacional de Psiquiatr\u00eda Ram\u00f3n\u2026","rel":"","context":"En &quot;Revista Salud Mental&quot;","img":{"alt_text":"","src":"https:\/\/i0.wp.com\/lafuente.mx\/wp-content\/uploads\/2022\/10\/DSC_0300-edited-scaled.jpg?fit=1200%2C797&ssl=1&resize=350%2C200","width":350,"height":200},"classes":[]},{"id":2704,"url":"https:\/\/lafuente.mx\/?p=2704","url_meta":{"origin":1362,"position":2},"title":"Desregulaci\u00f3n emocional y preocupaci\u00f3n como mediadores entre eventos vitales estresantes y s\u00edntomas de estr\u00e9s postraum\u00e1tico en mujeres mexicanas adultas: un estudio transversal\u00a0","date":"diciembre 6, 2024","format":false,"excerpt":"Revista Salud Mental\u00a0\u00a0 Anabel de la Rosa G\u00f3mez,1, Alejandrina Hern\u00e1ndez Posadas,1, Pablo D. Valencia,1,Lorena A. Flores Plata,1, Alicia Flores Elvira1, 1 Facultad de Estudios Superiores Iztacala, Universidad Nacional Aut\u00f3noma de M\u00e9xico, Estado de M\u00e9xico, M\u00e9xico.\u00a0 Introducci\u00f3n.\u00a0\u00a0 Las mujeres experimentan numerosos episodios de eventos adversos, a menudo vinculados con la violencia,\u2026","rel":"","context":"En &quot;Revista Salud Mental&quot;","img":{"alt_text":"","src":"https:\/\/i0.wp.com\/lafuente.mx\/wp-content\/uploads\/2024\/12\/Captura-de-pantalla-2024-12-05-a-las-13.09.35.png?fit=1200%2C805&ssl=1&resize=350%2C200","width":350,"height":200},"classes":[]},{"id":2063,"url":"https:\/\/lafuente.mx\/?p=2063","url_meta":{"origin":1362,"position":3},"title":"Angustia emocional y autocuidado durante la pandemia de COVID-19 en mujeres de un colectivo cultural ind\u00edgena migrante en la Ciudad de M\u00e9xico","date":"febrero 8, 2024","format":false,"excerpt":"Introducci\u00f3n. Durante la pandemia del coronavirus (SARS-Cov-2) se implementaron medidas restrictivas para reducir el contagio. Sin embargo, la severa disminuci\u00f3n de la interacci\u00f3n social tambi\u00e9n afect\u00f3 negativamente a la econom\u00eda, particularmente a la de los grupos ind\u00edgenas.\u00a0\u00a0Objetivo. Este art\u00edculo busca comprender el malestar emocional identificado por un grupo de mujeres\u2026","rel":"","context":"En &quot;Revista Salud Mental&quot;","img":{"alt_text":"","src":"https:\/\/i0.wp.com\/lafuente.mx\/wp-content\/uploads\/2024\/02\/Angustia-emocional-y-autocuidado_Mesa-de-trabajo-1.jpg?fit=1200%2C610&ssl=1&resize=350%2C200","width":350,"height":200},"classes":[]},{"id":3430,"url":"https:\/\/lafuente.mx\/?p=3430","url_meta":{"origin":1362,"position":4},"title":"Realizar\u00e1n encuesta para identificar y atender las necesidades en salud mental del estudiantado\u00a0","date":"octubre 27, 2025","format":false,"excerpt":"La estrategia es privada y en l\u00ednea; comienza hoy lunes 27 de octubre y estar\u00e1 activa hasta el 28 de noviembre para quien solicite el mecanismo\u00a0 Direcci\u00f3n General de Atenci\u00f3n a la Comunidad\u00a0 \u00a0\u00a0Oct 27, 2025\u00a0 Con la finalidad de conocer las principales necesidades de la comunidad universitaria en aspectos\u2026","rel":"","context":"En &quot;Noticias&quot;","img":{"alt_text":"","src":"https:\/\/i0.wp.com\/lafuente.mx\/wp-content\/uploads\/2025\/10\/DGCS-unam-scaled.jpg?fit=1200%2C802&ssl=1&resize=350%2C200","width":350,"height":200},"classes":[]},{"id":1604,"url":"https:\/\/lafuente.mx\/?p=1604","url_meta":{"origin":1362,"position":5},"title":"Terapia asistida por MDMA para el tratamiento potencial de TEPT","date":"agosto 11, 2023","format":false,"excerpt":"El Instituto Nacional de Psiquiatr\u00eda Ram\u00f3n de la Fuente Mu\u00f1iz Invita a \u00e9sta CONFERENCIA Martes 22 de agosto, 2023 De 9:30 a 11:00 am Auditorio del Instituto Ponente Dr. Michael Alpert TEPT: Trastorno por Estr\u00e9s Postraum\u00e1tico MDMA: metilendioximetanfetamina El Dr. Alpert es un psiquiatra certificado en Massachusetts (EE. UU.) y\u2026","rel":"","context":"En &quot;Eventos Acad\u00e9micos del INPRFM&quot;","img":{"alt_text":"","src":"https:\/\/i0.wp.com\/lafuente.mx\/wp-content\/uploads\/2023\/08\/michael-alpert-.jpeg?fit=800%2C800&ssl=1&resize=350%2C200","width":350,"height":200},"classes":[]}],"jetpack_sharing_enabled":true,"jetpack_shortlink":"https:\/\/wp.me\/pe9WUx-lY","_links":{"self":[{"href":"https:\/\/lafuente.mx\/index.php?rest_route=\/wp\/v2\/posts\/1362"}],"collection":[{"href":"https:\/\/lafuente.mx\/index.php?rest_route=\/wp\/v2\/posts"}],"about":[{"href":"https:\/\/lafuente.mx\/index.php?rest_route=\/wp\/v2\/types\/post"}],"author":[{"embeddable":true,"href":"https:\/\/lafuente.mx\/index.php?rest_route=\/wp\/v2\/users\/3"}],"replies":[{"embeddable":true,"href":"https:\/\/lafuente.mx\/index.php?rest_route=%2Fwp%2Fv2%2Fcomments&post=1362"}],"version-history":[{"count":1,"href":"https:\/\/lafuente.mx\/index.php?rest_route=\/wp\/v2\/posts\/1362\/revisions"}],"predecessor-version":[{"id":1364,"href":"https:\/\/lafuente.mx\/index.php?rest_route=\/wp\/v2\/posts\/1362\/revisions\/1364"}],"wp:featuredmedia":[{"embeddable":true,"href":"https:\/\/lafuente.mx\/index.php?rest_route=\/wp\/v2\/media\/1363"}],"wp:attachment":[{"href":"https:\/\/lafuente.mx\/index.php?rest_route=%2Fwp%2Fv2%2Fmedia&parent=1362"}],"wp:term":[{"taxonomy":"category","embeddable":true,"href":"https:\/\/lafuente.mx\/index.php?rest_route=%2Fwp%2Fv2%2Fcategories&post=1362"},{"taxonomy":"post_tag","embeddable":true,"href":"https:\/\/lafuente.mx\/index.php?rest_route=%2Fwp%2Fv2%2Ftags&post=1362"}],"curies":[{"name":"wp","href":"https:\/\/api.w.org\/{rel}","templated":true}]}}