{"id":1357,"date":"2023-06-28T16:52:28","date_gmt":"2023-06-28T16:52:28","guid":{"rendered":"https:\/\/lafuente.mx\/?p=1357"},"modified":"2023-07-12T18:17:48","modified_gmt":"2023-07-12T18:17:48","slug":"implicaciones-del-informe-mundial-de-drogas-2023-retos-y-desafios-para-nuestro-continente","status":"publish","type":"post","link":"https:\/\/lafuente.mx\/?p=1357","title":{"rendered":"Implicaciones del Informe Mundial de Drogas 2023: RETOS Y DESAF\u00cdOS PARA NUESTRO CONTINENTE\u00a0"},"content":{"rendered":"\n<hr class=\"wp-block-separator has-text-color has-alpha-channel-opacity has-background\" style=\"background-color:#337297;color:#337297\"\/>\n\n\n\n<p class=\"has-text-color has-small-font-size\" style=\"color:#464747\">Grupo de Trabajo de Opioides del Seminario de Estudios sobre la Globalidad de la UNAM invita:&nbsp;<\/p>\n\n\n\n<p class=\"has-text-color has-small-font-size\" style=\"color:#464747\"><strong>Implicaciones del Informe Mundial de Drogas 2023: RETOS Y DESAF\u00cdOS PARA NUESTRO CONTINENTE<\/strong>&nbsp;<\/p>\n\n\n\n<hr class=\"wp-block-separator has-text-color has-alpha-channel-opacity has-background\" style=\"background-color:#266488;color:#266488\"\/>\n\n\n\n<p class=\"has-text-align-center has-text-color has-large-font-size\" style=\"color:#143f55\"><strong>29 de junio, 2023&nbsp;<\/strong><\/p>\n\n\n\n<p class=\"has-text-align-center has-text-color has-medium-font-size\" style=\"color:#296486\"><strong>9:00 a 11:00 horas<\/strong><\/p>\n\n\n<div class=\"wp-block-image\">\n<figure class=\"aligncenter size-full\"><img decoding=\"async\" loading=\"lazy\" width=\"420\" height=\"420\" src=\"https:\/\/i0.wp.com\/lafuente.mx\/wp-content\/uploads\/2023\/06\/Captura-de-Pantalla-2023-06-27-a-las-10.41.11-1.png?resize=420%2C420&#038;ssl=1\" alt=\"\" class=\"wp-image-1359\" srcset=\"https:\/\/i0.wp.com\/lafuente.mx\/wp-content\/uploads\/2023\/06\/Captura-de-Pantalla-2023-06-27-a-las-10.41.11-1.png?w=420&amp;ssl=1 420w, https:\/\/i0.wp.com\/lafuente.mx\/wp-content\/uploads\/2023\/06\/Captura-de-Pantalla-2023-06-27-a-las-10.41.11-1.png?resize=300%2C300&amp;ssl=1 300w, https:\/\/i0.wp.com\/lafuente.mx\/wp-content\/uploads\/2023\/06\/Captura-de-Pantalla-2023-06-27-a-las-10.41.11-1.png?resize=150%2C150&amp;ssl=1 150w\" sizes=\"(max-width: 420px) 100vw, 420px\" data-recalc-dims=\"1\" \/><\/figure><\/div>\n\n\n<p class=\"has-text-align-center\"><strong>Transmisi\u00f3n en vivo @INPRFM<\/strong>&nbsp;<\/p>\n\n\n\n<hr class=\"wp-block-separator has-text-color has-alpha-channel-opacity has-background is-style-wide\" style=\"background-color:#285a77;color:#285a77\"\/>\n\n\n\n<p><strong>Palabras de bienvenida<\/strong>&nbsp; Mar\u00eda Elena Medina Mora&nbsp;<\/p>\n\n\n\n<p><strong>Presentaci\u00f3n de los panelistas<\/strong>&nbsp; Jorge A. Villatoro Vel\u00e1zquez&nbsp;<\/p>\n\n\n\n<p><strong>Principales hallazgos del Informe Mundial de Drogas 2023<\/strong>&nbsp;<\/p>\n\n\n\n<p>Alfredo Ru\u00edz L\u00f3pez&nbsp;<\/p>\n\n\n\n<p><strong>Implicaciones para el continente<\/strong>&nbsp;<\/p>\n\n\n\n<p>Marya Hynes&nbsp;<\/p>\n\n\n\n<p><strong>Retos actuales para la atenci\u00f3n de trastornos<\/strong>&nbsp;<strong>por consumo de sustancias<\/strong>&nbsp;<\/p>\n\n\n\n<p>Jos\u00e9 Luis V\u00e1zquez Mart\u00ednez&nbsp;<\/p>\n\n\n\n<hr class=\"wp-block-separator has-text-color has-alpha-channel-opacity has-background\" style=\"background-color:#336887;color:#336887\"\/>\n\n\n\n<p class=\"has-text-color\" style=\"color:#245a7a\"><strong>Comentarios y preguntas<\/strong>&nbsp;<\/p>\n\n\n\n<p class=\"has-text-color\" style=\"color:#245a7a\"><strong>Jorge A. Villatoro Vel\u00e1zquez<\/strong>&nbsp;<\/p>\n\n\n\n<p class=\"has-text-color\" style=\"color:#245a7a\"><strong>\u2219 Implicaciones para M\u00e9xico<\/strong>&nbsp;<\/p>\n\n\n\n<p class=\"has-text-color\" style=\"color:#245a7a\"><strong>\u2219 Cierre de la sesi\u00f3n<\/strong>&nbsp;<\/p>\n\n\n\n<p class=\"has-text-color\" style=\"color:#245a7a\"><strong>Mar\u00eda Elena Medina Mora<\/strong>&nbsp;<\/p>\n","protected":false},"excerpt":{"rendered":"<p>Grupo de Trabajo de Opioides del Seminario de Estudios sobre la Globalidad de la UNAM invita:&nbsp; Implicaciones del Informe Mundial de Drogas 2023: RETOS Y<\/p>\n","protected":false},"author":3,"featured_media":1359,"comment_status":"closed","ping_status":"closed","sticky":false,"template":"","format":"standard","meta":{"footnotes":"","jetpack_publicize_message":"","jetpack_is_tweetstorm":false,"jetpack_publicize_feature_enabled":true},"categories":[8],"tags":[190,135,127,320,21,32],"jetpack_publicize_connections":[],"yoast_head":"<!-- This site is optimized with the Yoast SEO plugin v19.4 - https:\/\/yoast.com\/wordpress\/plugins\/seo\/ -->\n<title>Implicaciones del Informe Mundial de Drogas 2023: RETOS Y DESAF\u00cdOS PARA NUESTRO CONTINENTE\u00a0 -<\/title>\n<meta name=\"robots\" content=\"index, follow, max-snippet:-1, max-image-preview:large, max-video-preview:-1\" \/>\n<link rel=\"canonical\" href=\"https:\/\/lafuente.mx\/?p=1357\" \/>\n<meta property=\"og:locale\" content=\"es_MX\" \/>\n<meta property=\"og:type\" content=\"article\" \/>\n<meta property=\"og:title\" content=\"Implicaciones del Informe Mundial de Drogas 2023: RETOS Y DESAF\u00cdOS PARA NUESTRO CONTINENTE\" \/>\n<meta property=\"og:description\" content=\"Grupo de Trabajo de Opioides del Seminario de Estudios sobre la Globalidad de la UNAM invita: Implicaciones del Informe Mundial de Drogas 2023: RETOS Y DESAF\u00cdOS PARA NUESTRO CONTINENTE\" \/>\n<meta property=\"og:url\" content=\"https:\/\/lafuente.mx\/?p=1357\" \/>\n<meta property=\"article:published_time\" content=\"2023-06-28T16:52:28+00:00\" \/>\n<meta property=\"article:modified_time\" content=\"2023-07-12T18:17:48+00:00\" \/>\n<meta property=\"og:image\" content=\"http:\/\/lafuente.mx\/wp-content\/uploads\/2023\/06\/Captura-de-Pantalla-2023-06-27-a-las-10.41.11-1.png\" \/>\n\t<meta property=\"og:image:width\" content=\"420\" \/>\n\t<meta property=\"og:image:height\" content=\"420\" \/>\n\t<meta property=\"og:image:type\" content=\"image\/png\" \/>\n<meta name=\"author\" content=\"Claudia Gallardo\" \/>\n<meta name=\"twitter:card\" content=\"summary_large_image\" \/>\n<meta name=\"twitter:title\" content=\"Implicaciones del Informe Mundial de Drogas 2023: RETOS Y DESAF\u00cdOS PARA NUESTRO CONTINENTE\" \/>\n<meta name=\"twitter:description\" content=\"Grupo de Trabajo de Opioides del Seminario de Estudios sobre la Globalidad de la UNAM invita: Implicaciones del Informe Mundial de Drogas 2023: RETOS Y DESAF\u00cdOS PARA NUESTRO CONTINENTE\" \/>\n<meta name=\"twitter:image\" content=\"https:\/\/i0.wp.com\/lafuente.mx\/wp-content\/uploads\/2023\/06\/Captura-de-Pantalla-2023-06-27-a-las-10.41.11-1.png?fit=420%2C420&ssl=1\" \/>\n<meta name=\"twitter:label1\" content=\"Escrito por\" \/>\n\t<meta name=\"twitter:data1\" content=\"Claudia Gallardo\" \/>\n\t<meta name=\"twitter:label2\" content=\"Tiempo de lectura\" \/>\n\t<meta name=\"twitter:data2\" content=\"1 minuto\" \/>\n<script type=\"application\/ld+json\" class=\"yoast-schema-graph\">{\"@context\":\"https:\/\/schema.org\",\"@graph\":[{\"@type\":\"WebSite\",\"@id\":\"https:\/\/lafuente.mx\/#website\",\"url\":\"https:\/\/lafuente.mx\/\",\"name\":\"\",\"description\":\"Informaci\u00f3n confiable sobre salud mental\",\"potentialAction\":[{\"@type\":\"SearchAction\",\"target\":{\"@type\":\"EntryPoint\",\"urlTemplate\":\"https:\/\/lafuente.mx\/?s={search_term_string}\"},\"query-input\":\"required name=search_term_string\"}],\"inLanguage\":\"es-MX\"},{\"@type\":\"WebPage\",\"@id\":\"https:\/\/lafuente.mx\/?p=1357\",\"url\":\"https:\/\/lafuente.mx\/?p=1357\",\"name\":\"Implicaciones del Informe Mundial de Drogas 2023: RETOS Y DESAF\u00cdOS PARA NUESTRO CONTINENTE\u00a0 -\",\"isPartOf\":{\"@id\":\"https:\/\/lafuente.mx\/#website\"},\"datePublished\":\"2023-06-28T16:52:28+00:00\",\"dateModified\":\"2023-07-12T18:17:48+00:00\",\"author\":{\"@id\":\"https:\/\/lafuente.mx\/#\/schema\/person\/603f3aa8e2f6f7879021ab722d39d6b0\"},\"breadcrumb\":{\"@id\":\"https:\/\/lafuente.mx\/?p=1357#breadcrumb\"},\"inLanguage\":\"es-MX\",\"potentialAction\":[{\"@type\":\"ReadAction\",\"target\":[\"https:\/\/lafuente.mx\/?p=1357\"]}]},{\"@type\":\"BreadcrumbList\",\"@id\":\"https:\/\/lafuente.mx\/?p=1357#breadcrumb\",\"itemListElement\":[{\"@type\":\"ListItem\",\"position\":1,\"name\":\"Inicio\",\"item\":\"https:\/\/lafuente.mx\/\"},{\"@type\":\"ListItem\",\"position\":2,\"name\":\"Implicaciones del Informe Mundial de Drogas 2023: RETOS Y DESAF\u00cdOS PARA NUESTRO CONTINENTE\u00a0\"}]},{\"@type\":\"Person\",\"@id\":\"https:\/\/lafuente.mx\/#\/schema\/person\/603f3aa8e2f6f7879021ab722d39d6b0\",\"name\":\"Claudia Gallardo\",\"image\":{\"@type\":\"ImageObject\",\"inLanguage\":\"es-MX\",\"@id\":\"https:\/\/lafuente.mx\/#\/schema\/person\/image\/\",\"url\":\"https:\/\/secure.gravatar.com\/avatar\/bfe9c966af1ccfb9d17bcdb9d04e8815?s=96&d=mm&r=g\",\"contentUrl\":\"https:\/\/secure.gravatar.com\/avatar\/bfe9c966af1ccfb9d17bcdb9d04e8815?s=96&d=mm&r=g\",\"caption\":\"Claudia Gallardo\"},\"url\":\"https:\/\/lafuente.mx\/?author=3\"}]}<\/script>\n<!-- \/ Yoast SEO plugin. -->","yoast_head_json":{"title":"Implicaciones del Informe Mundial de Drogas 2023: RETOS Y DESAF\u00cdOS PARA NUESTRO CONTINENTE\u00a0 -","robots":{"index":"index","follow":"follow","max-snippet":"max-snippet:-1","max-image-preview":"max-image-preview:large","max-video-preview":"max-video-preview:-1"},"canonical":"https:\/\/lafuente.mx\/?p=1357","og_locale":"es_MX","og_type":"article","og_title":"Implicaciones del Informe Mundial de Drogas 2023: RETOS Y DESAF\u00cdOS PARA NUESTRO CONTINENTE","og_description":"Grupo de Trabajo de Opioides del Seminario de Estudios sobre la Globalidad de la UNAM invita: Implicaciones del Informe Mundial de Drogas 2023: RETOS Y DESAF\u00cdOS PARA NUESTRO CONTINENTE","og_url":"https:\/\/lafuente.mx\/?p=1357","article_published_time":"2023-06-28T16:52:28+00:00","article_modified_time":"2023-07-12T18:17:48+00:00","og_image":[{"width":420,"height":420,"url":"http:\/\/lafuente.mx\/wp-content\/uploads\/2023\/06\/Captura-de-Pantalla-2023-06-27-a-las-10.41.11-1.png","type":"image\/png"}],"author":"Claudia Gallardo","twitter_card":"summary_large_image","twitter_title":"Implicaciones del Informe Mundial de Drogas 2023: RETOS Y DESAF\u00cdOS PARA NUESTRO CONTINENTE","twitter_description":"Grupo de Trabajo de Opioides del Seminario de Estudios sobre la Globalidad de la UNAM invita: Implicaciones del Informe Mundial de Drogas 2023: RETOS Y DESAF\u00cdOS PARA NUESTRO CONTINENTE","twitter_image":"https:\/\/i0.wp.com\/lafuente.mx\/wp-content\/uploads\/2023\/06\/Captura-de-Pantalla-2023-06-27-a-las-10.41.11-1.png?fit=420%2C420&ssl=1","twitter_misc":{"Escrito por":"Claudia Gallardo","Tiempo de lectura":"1 minuto"},"schema":{"@context":"https:\/\/schema.org","@graph":[{"@type":"WebSite","@id":"https:\/\/lafuente.mx\/#website","url":"https:\/\/lafuente.mx\/","name":"","description":"Informaci\u00f3n confiable sobre salud mental","potentialAction":[{"@type":"SearchAction","target":{"@type":"EntryPoint","urlTemplate":"https:\/\/lafuente.mx\/?s={search_term_string}"},"query-input":"required name=search_term_string"}],"inLanguage":"es-MX"},{"@type":"WebPage","@id":"https:\/\/lafuente.mx\/?p=1357","url":"https:\/\/lafuente.mx\/?p=1357","name":"Implicaciones del Informe Mundial de Drogas 2023: RETOS Y DESAF\u00cdOS PARA NUESTRO CONTINENTE\u00a0 -","isPartOf":{"@id":"https:\/\/lafuente.mx\/#website"},"datePublished":"2023-06-28T16:52:28+00:00","dateModified":"2023-07-12T18:17:48+00:00","author":{"@id":"https:\/\/lafuente.mx\/#\/schema\/person\/603f3aa8e2f6f7879021ab722d39d6b0"},"breadcrumb":{"@id":"https:\/\/lafuente.mx\/?p=1357#breadcrumb"},"inLanguage":"es-MX","potentialAction":[{"@type":"ReadAction","target":["https:\/\/lafuente.mx\/?p=1357"]}]},{"@type":"BreadcrumbList","@id":"https:\/\/lafuente.mx\/?p=1357#breadcrumb","itemListElement":[{"@type":"ListItem","position":1,"name":"Inicio","item":"https:\/\/lafuente.mx\/"},{"@type":"ListItem","position":2,"name":"Implicaciones del Informe Mundial de Drogas 2023: RETOS Y DESAF\u00cdOS PARA NUESTRO CONTINENTE\u00a0"}]},{"@type":"Person","@id":"https:\/\/lafuente.mx\/#\/schema\/person\/603f3aa8e2f6f7879021ab722d39d6b0","name":"Claudia Gallardo","image":{"@type":"ImageObject","inLanguage":"es-MX","@id":"https:\/\/lafuente.mx\/#\/schema\/person\/image\/","url":"https:\/\/secure.gravatar.com\/avatar\/bfe9c966af1ccfb9d17bcdb9d04e8815?s=96&d=mm&r=g","contentUrl":"https:\/\/secure.gravatar.com\/avatar\/bfe9c966af1ccfb9d17bcdb9d04e8815?s=96&d=mm&r=g","caption":"Claudia Gallardo"},"url":"https:\/\/lafuente.mx\/?author=3"}]}},"jetpack_featured_media_url":"https:\/\/i0.wp.com\/lafuente.mx\/wp-content\/uploads\/2023\/06\/Captura-de-Pantalla-2023-06-27-a-las-10.41.11-1.png?fit=420%2C420&ssl=1","jetpack-related-posts":[{"id":2385,"url":"https:\/\/lafuente.mx\/?p=2385","url_meta":{"origin":1357,"position":0},"title":"D\u00eda Internacional de la Lucha contra el Uso Indebido y el Tr\u00e1fico Il\u00edcito de Drogas","date":"junio 26, 2024","format":false,"excerpt":"26 de junio En su resoluci\u00f3n 42\/112, el 7 de diciembre de 1987, la Asamblea General decidi\u00f3 celebrar el 26 de junio el D\u00eda Internacional de la Lucha contra el Uso Indebido y el Tr\u00e1fico Il\u00edcito de Drogas para mostrar su determinaci\u00f3n en reforzar la actuaci\u00f3n y la cooperaci\u00f3n para\u2026","rel":"","context":"En &quot;Efem\u00e9rides de Salud Mental&quot;","img":{"alt_text":"drugs, smoking, skull-7065395.jpg","src":"https:\/\/i0.wp.com\/lafuente.mx\/wp-content\/uploads\/2024\/06\/drugs-smoking-skull-7065395-edited.jpg?fit=753%2C822&ssl=1&resize=350%2C200","width":350,"height":200},"classes":[]},{"id":968,"url":"https:\/\/lafuente.mx\/?p=968","url_meta":{"origin":1357,"position":1},"title":"Intervenci\u00f3n para prevenci\u00f3n de adicciones en j\u00f3venes \u00a0","date":"marzo 24, 2023","format":false,"excerpt":"Del 10 de abril al 19 de mayo, 2023\u00a0 Coordinadora acad\u00e9mica: Dra. Patricia Fuentes de Iturbe \u00a0 Dirigido a: Profesionales de la salud, educaci\u00f3n y afines \u00a0 Objetivo: Capacitar en el manejo de una intervenci\u00f3n preventiva para aumentar la percepci\u00f3n de riesgo de uso de sustancias y fortalecer habilidades para\u2026","rel":"","context":"En &quot;Cursos en l\u00ednea&quot;","img":{"alt_text":"","src":"https:\/\/i0.wp.com\/lafuente.mx\/wp-content\/uploads\/2023\/03\/Captura-de-Pantalla-2023-03-23-a-las-12.26.58.png?fit=1200%2C1062&ssl=1&resize=350%2C200","width":350,"height":200},"classes":[]},{"id":1513,"url":"https:\/\/lafuente.mx\/?p=1513","url_meta":{"origin":1357,"position":2},"title":"Intervenciones breves en adicciones\u00a0","date":"julio 27, 2023","format":false,"excerpt":"Curso en l\u00ednea\u00a0\u00a0 Imagen INPRFM Del 21 de agosto al 23 de octubre de 2023\u00a0 Coordinadora acad\u00e9mica: Dra. Marcela Tiburcio Sainz\u00a0 Dirigido a: Profesionales de la salud y afines\u00a0 Objetivo:\u00a0 Capacitar a orientadores en la detecci\u00f3n temprana del consumo de sustancias y en la aplicaci\u00f3n de intervenciones breves para modificar\u2026","rel":"","context":"En &quot;Cursos en l\u00ednea&quot;","img":{"alt_text":"","src":"https:\/\/i0.wp.com\/lafuente.mx\/wp-content\/uploads\/2023\/07\/DSC_0017-scaled.jpg?fit=1200%2C797&ssl=1&resize=350%2C200","width":350,"height":200},"classes":[]},{"id":1187,"url":"https:\/\/lafuente.mx\/?p=1187","url_meta":{"origin":1357,"position":3},"title":"Prevalencia de sintomatolog\u00eda y factores de riesgo en salud mental en M\u00e9xico: la cohorte ENCODAT 2016-17\u00a0","date":"mayo 2, 2023","format":false,"excerpt":"Por\u00a0Mar\u00eda Elena Medina Mora1,2,3\u00a0,Alma Delia Genis-Mendoza4,5,*,Jorge Ameth Villatoro Vel\u00e1zquez 1,6\u00a0, Marycarmen Bustos-Gami\u00f1o 6\u00a0, Clara Fleiz Bautista 1,6\u00a0, Beatriz Camarena 7\u00a0, Jos\u00e9 Jaime Mart\u00ednez-Maga\u00f1a 4\u00a0yHumberto Nicolini 4,*\u00a0 1\u00a0 Seminario de Estudios Globales, Facultad de Medicina, Universidad Nacional Aut\u00f3noma de M\u00e9xico (UNAM), Ciudad de M\u00e9xico 04510, M\u00e9xico\u00a0 2\u00a0 Director, Facultad de Psicolog\u00eda,\u2026","rel":"","context":"En &quot;Publicaciones&quot;","img":{"alt_text":"","src":"https:\/\/i0.wp.com\/lafuente.mx\/wp-content\/uploads\/2023\/05\/WhatsApp-Image-2023-05-15-at-10.36.19-AM.jpeg?fit=845%2C1200&ssl=1&resize=350%2C200","width":350,"height":200},"classes":[]},{"id":3194,"url":"https:\/\/lafuente.mx\/?p=3194","url_meta":{"origin":1357,"position":4},"title":"\u00bfQu\u00e9 pasa si te pasas? \u00a0","date":"agosto 11, 2025","format":false,"excerpt":"Conoce las consecuencias del consumo de sustancias que alteran tu percepci\u00f3n o estado de \u00e1nimo. Identifica estrategias para solucionar problemas y evitar situaciones de consumo.\u00a0 Explora los c\u00f3mics interactivos para:\u00a0 Identificar efectos inmediatos y riesgos del uso de drogas.\u00a0 Distinguir situaciones que pueden vivir adolescentes asociadas al consumo de drogas.\u00a0\u2026","rel":"","context":"En &quot;Informaci\u00f3n de inter\u00e9s&quot;","img":{"alt_text":"","src":"https:\/\/i0.wp.com\/lafuente.mx\/wp-content\/uploads\/2025\/08\/Blog_Mesa-de-trabajo-1.png?fit=1200%2C622&ssl=1&resize=350%2C200","width":350,"height":200},"classes":[]},{"id":1383,"url":"https:\/\/lafuente.mx\/?p=1383","url_meta":{"origin":1357,"position":5},"title":"Usos sexualizados de drogas y chemsex: parres\u00eda e investigaci\u00f3n social\u00a0","date":"julio 6, 2023","format":false,"excerpt":"Conferencia virtual Dr. Mauricio Sep\u00falveda Galeas\u00a0 Profesor e investigador de la Universidad de Chile\u00a0 Jueves 13 julio, 2023\u00a0 CIUDAD DE M\u00c9XICO \u00a0 De 10:00 a 12:00 h\u00a0 CHILE\u00a0 De 12:00 a 14:00 h\u00a0 Sigue la transmisi\u00f3n en vivo: FaceBook Live \u00a0 M\u00e1s informaci\u00f3n","rel":"","context":"En &quot;Eventos Acad\u00e9micos del INPRFM&quot;","img":{"alt_text":"","src":"https:\/\/i0.wp.com\/lafuente.mx\/wp-content\/uploads\/2023\/07\/dr.jpeg?resize=350%2C200&ssl=1","width":350,"height":200},"classes":[]}],"jetpack_sharing_enabled":true,"jetpack_shortlink":"https:\/\/wp.me\/pe9WUx-lT","_links":{"self":[{"href":"https:\/\/lafuente.mx\/index.php?rest_route=\/wp\/v2\/posts\/1357"}],"collection":[{"href":"https:\/\/lafuente.mx\/index.php?rest_route=\/wp\/v2\/posts"}],"about":[{"href":"https:\/\/lafuente.mx\/index.php?rest_route=\/wp\/v2\/types\/post"}],"author":[{"embeddable":true,"href":"https:\/\/lafuente.mx\/index.php?rest_route=\/wp\/v2\/users\/3"}],"replies":[{"embeddable":true,"href":"https:\/\/lafuente.mx\/index.php?rest_route=%2Fwp%2Fv2%2Fcomments&post=1357"}],"version-history":[{"count":3,"href":"https:\/\/lafuente.mx\/index.php?rest_route=\/wp\/v2\/posts\/1357\/revisions"}],"predecessor-version":[{"id":1415,"href":"https:\/\/lafuente.mx\/index.php?rest_route=\/wp\/v2\/posts\/1357\/revisions\/1415"}],"wp:featuredmedia":[{"embeddable":true,"href":"https:\/\/lafuente.mx\/index.php?rest_route=\/wp\/v2\/media\/1359"}],"wp:attachment":[{"href":"https:\/\/lafuente.mx\/index.php?rest_route=%2Fwp%2Fv2%2Fmedia&parent=1357"}],"wp:term":[{"taxonomy":"category","embeddable":true,"href":"https:\/\/lafuente.mx\/index.php?rest_route=%2Fwp%2Fv2%2Fcategories&post=1357"},{"taxonomy":"post_tag","embeddable":true,"href":"https:\/\/lafuente.mx\/index.php?rest_route=%2Fwp%2Fv2%2Ftags&post=1357"}],"curies":[{"name":"wp","href":"https:\/\/api.w.org\/{rel}","templated":true}]}}