{"id":1300,"date":"2023-06-13T18:42:37","date_gmt":"2023-06-13T18:42:37","guid":{"rendered":"https:\/\/lafuente.mx\/?p=1300"},"modified":"2023-06-13T18:42:39","modified_gmt":"2023-06-13T18:42:39","slug":"reglamento-de-la-ley-para-el-control-del-tabaco","status":"publish","type":"post","link":"https:\/\/lafuente.mx\/?p=1300","title":{"rendered":"Reglamento de la Ley para el Control del Tabaco"},"content":{"rendered":"\n<hr class=\"wp-block-separator aligncenter has-text-color has-alpha-channel-opacity has-background is-style-wide\" style=\"background-color:#934812;color:#934812\"\/>\n\n\n<div class=\"wp-block-image\">\n<figure class=\"aligncenter size-large\"><img decoding=\"async\" loading=\"lazy\" width=\"640\" height=\"360\" src=\"https:\/\/i0.wp.com\/lafuente.mx\/wp-content\/uploads\/2023\/06\/hammer-books-law-719066-edited.jpg?resize=640%2C360&#038;ssl=1\" alt=\"hammer, books, law-719066.jpg\" class=\"wp-image-1302\" srcset=\"https:\/\/i0.wp.com\/lafuente.mx\/wp-content\/uploads\/2023\/06\/hammer-books-law-719066-edited.jpg?w=1280&amp;ssl=1 1280w, https:\/\/i0.wp.com\/lafuente.mx\/wp-content\/uploads\/2023\/06\/hammer-books-law-719066-edited.jpg?resize=300%2C169&amp;ssl=1 300w, https:\/\/i0.wp.com\/lafuente.mx\/wp-content\/uploads\/2023\/06\/hammer-books-law-719066-edited.jpg?resize=1024%2C576&amp;ssl=1 1024w, https:\/\/i0.wp.com\/lafuente.mx\/wp-content\/uploads\/2023\/06\/hammer-books-law-719066-edited.jpg?resize=768%2C432&amp;ssl=1 768w\" sizes=\"(max-width: 640px) 100vw, 640px\" data-recalc-dims=\"1\" \/><\/figure><\/div>\n\n\n<hr class=\"wp-block-separator aligncenter has-text-color has-alpha-channel-opacity has-background is-style-wide\" style=\"background-color:#934812;color:#934812\"\/>\n\n\n\n<p>El pasado 15 de enero de 2023, entr\u00f3 en vigor el Decreto por el cual se Reforman, Adicionan y Derogan diversas disposiciones del Reglamento de la Ley General para el Control del Tabaco, el cual tiene por objeto establecer el control, fomento y vigilancia sanitaria de los productos del tabaco, su elaboraci\u00f3n, fabricaci\u00f3n, importaci\u00f3n y prohibiciones en toda forma de publicidad, promoci\u00f3n y patrocinio de los mismos, as\u00ed como la regulaci\u00f3n para la protecci\u00f3n contra la exposici\u00f3n al humo de tabaco y sus emisiones.\u00a0<\/p>\n\n\n\n<p>Dentro de las modificaciones m\u00e1s relevantes de la reforma, se encuentran las siguientes:&nbsp;<\/p>\n\n\n\n<p>1.- La prohibici\u00f3n total de todo tipo de publicidad, promoci\u00f3n y patrocinio de los productos elaborados con tabaco; pues han sido prohibidos, entre otros, los siguientes medios:&nbsp;<\/p>\n\n\n\n<ul><li>Medios de comunicaci\u00f3n impresos\u00a0<\/li><li>Comunicaci\u00f3n sonora, visual o audiovisual\u00a0<\/li><li>Redes sociales, servicios de <em>streaming<\/em>, juegos y juegos de video\u00a0<\/li><li>Anuncios de internet\u00a0<\/li><li>Sorteos, rifas o concursos\u00a0<\/li><li>Publicidad en locales comerciales o recreativos, clubes y bares\u00a0<\/li><\/ul>\n\n\n\n<p>El Decreto establece la prohibici\u00f3n de exhibir de manera directa e indirecta en punto de venta los productos del tabaco, entendi\u00e9ndose la primera como la colocaci\u00f3n de los productos a trav\u00e9s de estantes, mostradores, exhibidores, entre otros, mientras que por exhibici\u00f3n indirecta se entiende a la colocaci\u00f3n o almacenamiento de los productos de tabaco en recipientes cerrados o cajas que se encuentren encima o debajo del mostrador, en armarios o cajones cerrados.&nbsp;<\/p>\n\n\n\n<p>Asimismo, se se\u00f1ala que la comercializaci\u00f3n de los productos de tabaco deber\u00e1 realizarse a trav\u00e9s de una lista textual y escrita de estos productos con sus precios, sin logotipos, sellos o marcas.&nbsp;<\/p>\n\n\n\n<p>2.- La segunda modificaci\u00f3n relevante se refiere al impacto en espacios p\u00fablicos como son: restaurantes, clubs, bares, entre otros, ya que las zonas habilitadas para fumar deber\u00e1n ahora ser ubicadas en espacios al aire libre, donde estar\u00e1 prohibido brindar cualquier servicio o consumo de alimentos, bebidas o entretenimiento.&nbsp;<\/p>\n\n\n\n<p>Adem\u00e1s, la reforma en cuesti\u00f3n contempla expresamente la prohibici\u00f3n de consumir cualquier producto de tabaco o nicotina en espacios de concurrencia colectiva, consider\u00e1ndose as\u00ed, entre otros, los siguientes:&nbsp;<\/p>\n\n\n\n<ul><li>Deportivos\u00a0<\/li><li>Playas\u00a0<\/li><li>Centros de espect\u00e1culos y entretenimiento\u00a0<\/li><li>Estadios\u00a0<\/li><li>Arenas\u00a0<\/li><li>Plazas comerciales\u00a0<\/li><li>Hoteles\u00a0<\/li><li>Hospitales\u00a0<\/li><li>Lugares de consumo o servicio de alimentos o bebida\u00a0general y en poblaciones espec\u00edficas.\u00a0<\/li><\/ul>\n\n\n\n<div class=\"wp-block-buttons is-layout-flex wp-block-buttons-is-layout-flex\">\n<div class=\"wp-block-button is-style-fill\"><a class=\"wp-block-button__link has-background\" href=\"https:\/\/www.dof.gob.mx\/nota_detalle.php?codigo=5674791&amp;fecha=16\/12\/2022#gsc.tab=0\" style=\"background-color:#934812\" target=\"_blank\" rel=\"noreferrer noopener\">M\u00e1s informaci\u00f3n<\/a><\/div>\n<\/div>\n","protected":false},"excerpt":{"rendered":"<p>El pasado 15 de enero de 2023, entr\u00f3 en vigor el Decreto por el cual se Reforman, Adicionan y Derogan diversas disposiciones del Reglamento de<\/p>\n","protected":false},"author":5,"featured_media":1302,"comment_status":"closed","ping_status":"closed","sticky":false,"template":"","format":"standard","meta":{"footnotes":"","jetpack_publicize_message":"","jetpack_is_tweetstorm":false,"jetpack_publicize_feature_enabled":true},"categories":[14],"tags":[21,306,24],"jetpack_publicize_connections":[],"yoast_head":"<!-- This site is optimized with the Yoast SEO plugin v19.4 - https:\/\/yoast.com\/wordpress\/plugins\/seo\/ -->\n<title>Reglamento de la Ley para el Control del Tabaco -<\/title>\n<meta name=\"description\" content=\"Reglamento de la Ley para el Control del Tabaco\" \/>\n<meta name=\"robots\" content=\"index, follow, max-snippet:-1, max-image-preview:large, max-video-preview:-1\" \/>\n<link rel=\"canonical\" href=\"https:\/\/lafuente.mx\/?p=1300\" \/>\n<meta property=\"og:locale\" content=\"es_MX\" \/>\n<meta property=\"og:type\" content=\"article\" \/>\n<meta property=\"og:title\" content=\"Reglamento de la Ley para el Control del Tabaco\" \/>\n<meta property=\"og:description\" content=\"Reglamento de la Ley para el Control del Tabaco\" \/>\n<meta property=\"og:url\" content=\"https:\/\/lafuente.mx\/?p=1300\" \/>\n<meta property=\"article:published_time\" content=\"2023-06-13T18:42:37+00:00\" \/>\n<meta property=\"article:modified_time\" content=\"2023-06-13T18:42:39+00:00\" \/>\n<meta property=\"og:image\" content=\"http:\/\/lafuente.mx\/wp-content\/uploads\/2023\/06\/hammer-books-law-719066-edited.jpg\" \/>\n\t<meta property=\"og:image:width\" content=\"1280\" \/>\n\t<meta property=\"og:image:height\" content=\"720\" \/>\n\t<meta property=\"og:image:type\" content=\"image\/jpeg\" \/>\n<meta name=\"author\" content=\"Dar\u00edo Ram\u00edrez\" \/>\n<meta name=\"twitter:card\" content=\"summary_large_image\" \/>\n<meta name=\"twitter:title\" content=\"Reglamento de la Ley para el Control del Tabaco\" \/>\n<meta name=\"twitter:description\" content=\"Reglamento de la Ley para el Control del Tabaco\" \/>\n<meta name=\"twitter:image\" content=\"https:\/\/i0.wp.com\/lafuente.mx\/wp-content\/uploads\/2023\/06\/hammer-books-law-719066-edited.jpg?fit=1280%2C720&ssl=1\" \/>\n<meta name=\"twitter:label1\" content=\"Escrito por\" \/>\n\t<meta name=\"twitter:data1\" content=\"Dar\u00edo Ram\u00edrez\" \/>\n\t<meta name=\"twitter:label2\" content=\"Tiempo de lectura\" \/>\n\t<meta name=\"twitter:data2\" content=\"2 minutos\" \/>\n<script type=\"application\/ld+json\" class=\"yoast-schema-graph\">{\"@context\":\"https:\/\/schema.org\",\"@graph\":[{\"@type\":\"WebSite\",\"@id\":\"https:\/\/lafuente.mx\/#website\",\"url\":\"https:\/\/lafuente.mx\/\",\"name\":\"\",\"description\":\"Informaci\u00f3n confiable sobre salud mental\",\"potentialAction\":[{\"@type\":\"SearchAction\",\"target\":{\"@type\":\"EntryPoint\",\"urlTemplate\":\"https:\/\/lafuente.mx\/?s={search_term_string}\"},\"query-input\":\"required name=search_term_string\"}],\"inLanguage\":\"es-MX\"},{\"@type\":\"WebPage\",\"@id\":\"https:\/\/lafuente.mx\/?p=1300\",\"url\":\"https:\/\/lafuente.mx\/?p=1300\",\"name\":\"Reglamento de la Ley para el Control del Tabaco -\",\"isPartOf\":{\"@id\":\"https:\/\/lafuente.mx\/#website\"},\"datePublished\":\"2023-06-13T18:42:37+00:00\",\"dateModified\":\"2023-06-13T18:42:39+00:00\",\"author\":{\"@id\":\"https:\/\/lafuente.mx\/#\/schema\/person\/b9cc1ac3941245ec61c80638a92abfb6\"},\"description\":\"Reglamento de la Ley para el Control del Tabaco\",\"breadcrumb\":{\"@id\":\"https:\/\/lafuente.mx\/?p=1300#breadcrumb\"},\"inLanguage\":\"es-MX\",\"potentialAction\":[{\"@type\":\"ReadAction\",\"target\":[\"https:\/\/lafuente.mx\/?p=1300\"]}]},{\"@type\":\"BreadcrumbList\",\"@id\":\"https:\/\/lafuente.mx\/?p=1300#breadcrumb\",\"itemListElement\":[{\"@type\":\"ListItem\",\"position\":1,\"name\":\"Inicio\",\"item\":\"https:\/\/lafuente.mx\/\"},{\"@type\":\"ListItem\",\"position\":2,\"name\":\"Reglamento de la Ley para el Control del Tabaco\"}]},{\"@type\":\"Person\",\"@id\":\"https:\/\/lafuente.mx\/#\/schema\/person\/b9cc1ac3941245ec61c80638a92abfb6\",\"name\":\"Dar\u00edo Ram\u00edrez\",\"image\":{\"@type\":\"ImageObject\",\"inLanguage\":\"es-MX\",\"@id\":\"https:\/\/lafuente.mx\/#\/schema\/person\/image\/\",\"url\":\"https:\/\/secure.gravatar.com\/avatar\/bd5441528d8085d08a897e5789079259?s=96&d=mm&r=g\",\"contentUrl\":\"https:\/\/secure.gravatar.com\/avatar\/bd5441528d8085d08a897e5789079259?s=96&d=mm&r=g\",\"caption\":\"Dar\u00edo Ram\u00edrez\"},\"url\":\"https:\/\/lafuente.mx\/?author=5\"}]}<\/script>\n<!-- \/ Yoast SEO plugin. -->","yoast_head_json":{"title":"Reglamento de la Ley para el Control del Tabaco -","description":"Reglamento de la Ley para el Control del Tabaco","robots":{"index":"index","follow":"follow","max-snippet":"max-snippet:-1","max-image-preview":"max-image-preview:large","max-video-preview":"max-video-preview:-1"},"canonical":"https:\/\/lafuente.mx\/?p=1300","og_locale":"es_MX","og_type":"article","og_title":"Reglamento de la Ley para el Control del Tabaco","og_description":"Reglamento de la Ley para el Control del Tabaco","og_url":"https:\/\/lafuente.mx\/?p=1300","article_published_time":"2023-06-13T18:42:37+00:00","article_modified_time":"2023-06-13T18:42:39+00:00","og_image":[{"width":1280,"height":720,"url":"http:\/\/lafuente.mx\/wp-content\/uploads\/2023\/06\/hammer-books-law-719066-edited.jpg","type":"image\/jpeg"}],"author":"Dar\u00edo Ram\u00edrez","twitter_card":"summary_large_image","twitter_title":"Reglamento de la Ley para el Control del Tabaco","twitter_description":"Reglamento de la Ley para el Control del Tabaco","twitter_image":"https:\/\/i0.wp.com\/lafuente.mx\/wp-content\/uploads\/2023\/06\/hammer-books-law-719066-edited.jpg?fit=1280%2C720&ssl=1","twitter_misc":{"Escrito por":"Dar\u00edo Ram\u00edrez","Tiempo de lectura":"2 minutos"},"schema":{"@context":"https:\/\/schema.org","@graph":[{"@type":"WebSite","@id":"https:\/\/lafuente.mx\/#website","url":"https:\/\/lafuente.mx\/","name":"","description":"Informaci\u00f3n confiable sobre salud mental","potentialAction":[{"@type":"SearchAction","target":{"@type":"EntryPoint","urlTemplate":"https:\/\/lafuente.mx\/?s={search_term_string}"},"query-input":"required name=search_term_string"}],"inLanguage":"es-MX"},{"@type":"WebPage","@id":"https:\/\/lafuente.mx\/?p=1300","url":"https:\/\/lafuente.mx\/?p=1300","name":"Reglamento de la Ley para el Control del Tabaco -","isPartOf":{"@id":"https:\/\/lafuente.mx\/#website"},"datePublished":"2023-06-13T18:42:37+00:00","dateModified":"2023-06-13T18:42:39+00:00","author":{"@id":"https:\/\/lafuente.mx\/#\/schema\/person\/b9cc1ac3941245ec61c80638a92abfb6"},"description":"Reglamento de la Ley para el Control del Tabaco","breadcrumb":{"@id":"https:\/\/lafuente.mx\/?p=1300#breadcrumb"},"inLanguage":"es-MX","potentialAction":[{"@type":"ReadAction","target":["https:\/\/lafuente.mx\/?p=1300"]}]},{"@type":"BreadcrumbList","@id":"https:\/\/lafuente.mx\/?p=1300#breadcrumb","itemListElement":[{"@type":"ListItem","position":1,"name":"Inicio","item":"https:\/\/lafuente.mx\/"},{"@type":"ListItem","position":2,"name":"Reglamento de la Ley para el Control del Tabaco"}]},{"@type":"Person","@id":"https:\/\/lafuente.mx\/#\/schema\/person\/b9cc1ac3941245ec61c80638a92abfb6","name":"Dar\u00edo Ram\u00edrez","image":{"@type":"ImageObject","inLanguage":"es-MX","@id":"https:\/\/lafuente.mx\/#\/schema\/person\/image\/","url":"https:\/\/secure.gravatar.com\/avatar\/bd5441528d8085d08a897e5789079259?s=96&d=mm&r=g","contentUrl":"https:\/\/secure.gravatar.com\/avatar\/bd5441528d8085d08a897e5789079259?s=96&d=mm&r=g","caption":"Dar\u00edo Ram\u00edrez"},"url":"https:\/\/lafuente.mx\/?author=5"}]}},"jetpack_featured_media_url":"https:\/\/i0.wp.com\/lafuente.mx\/wp-content\/uploads\/2023\/06\/hammer-books-law-719066-edited.jpg?fit=1280%2C720&ssl=1","jetpack-related-posts":[{"id":1254,"url":"https:\/\/lafuente.mx\/?p=1254","url_meta":{"origin":1300,"position":0},"title":"El D\u00eda Mundial Sin Tabaco se celebra anualmente el 31 de mayo en todo el mundo","date":"mayo 31, 2023","format":false,"excerpt":"Cultivemos alimentos, no tabaco 31 de mayo\u00a0 Imagen CONADIC El cultivo de tabaco es perjudicial para nuestra salud, la de los agricultores y la del planeta. La industria tabacalera interfiere en los intentos de sustituir el cultivo de tabaco, con lo que contribuye a la crisis alimentaria mundial.\u00a0 Esta campa\u00f1a\u2026","rel":"","context":"En &quot;Efem\u00e9rides de Salud Mental&quot;","img":{"alt_text":"","src":"https:\/\/i0.wp.com\/lafuente.mx\/wp-content\/uploads\/2023\/05\/Captura-de-Pantalla-2023-05-31-a-las-8.31.19.png?fit=1143%2C1200&ssl=1&resize=350%2C200","width":350,"height":200},"classes":[]},{"id":2318,"url":"https:\/\/lafuente.mx\/?p=2318","url_meta":{"origin":1300,"position":1},"title":"Secretar\u00eda de Salud anuncia nuevas leyendas, im\u00e1genes y pictogramas para cajetillas de cigarrillos\u00a0","date":"mayo 24, 2024","format":false,"excerpt":"19 de mayo de 2024\u00a0 El Diario Oficial de la Federaci\u00f3n (DOF) public\u00f3 el Acuerdo por el que se da a conocer la serie de leyendas, im\u00e1genes, pictogramas, mensajes sanitarios e informaci\u00f3n que deber\u00e1 figurar en todos los paquetes de productos de tabaco y en todo el empaquetado y etiquetado\u2026","rel":"","context":"En &quot;Noticias&quot;","img":{"alt_text":"cigarette, tobacco, smoke-7788812.jpg","src":"https:\/\/i0.wp.com\/lafuente.mx\/wp-content\/uploads\/2024\/05\/cigarette-tobacco-smoke-7788812.jpg?fit=1200%2C800&ssl=1&resize=350%2C200","width":350,"height":200},"classes":[]},{"id":2330,"url":"https:\/\/lafuente.mx\/?p=2330","url_meta":{"origin":1300,"position":2},"title":"D\u00eda Mundial Sin Tabaco\u00a0","date":"mayo 31, 2024","format":false,"excerpt":"31 de mayo Proteger a los ni\u00f1os de la interferencia de la industria tabacalera\u00a0 El D\u00eda Mundial Sin Tabaco 2024 brindar\u00e1 una plataforma a la juventud de todo el mundo, que demandan que la industria tabacalera cese de dirigirse a este grupo con productos nocivos para su salud. La juventud\u2026","rel":"","context":"En &quot;Efem\u00e9rides de Salud Mental&quot;","img":{"alt_text":"non-smoking, stop smoking, glow sticks-2497308.jpg","src":"https:\/\/i0.wp.com\/lafuente.mx\/wp-content\/uploads\/2024\/05\/non-smoking-stop-smoking-glow-sticks-2497308.jpg?fit=1200%2C900&ssl=1&resize=350%2C200","width":350,"height":200},"classes":[]},{"id":3194,"url":"https:\/\/lafuente.mx\/?p=3194","url_meta":{"origin":1300,"position":3},"title":"\u00bfQu\u00e9 pasa si te pasas? \u00a0","date":"agosto 11, 2025","format":false,"excerpt":"Conoce las consecuencias del consumo de sustancias que alteran tu percepci\u00f3n o estado de \u00e1nimo. Identifica estrategias para solucionar problemas y evitar situaciones de consumo.\u00a0 Explora los c\u00f3mics interactivos para:\u00a0 Identificar efectos inmediatos y riesgos del uso de drogas.\u00a0 Distinguir situaciones que pueden vivir adolescentes asociadas al consumo de drogas.\u00a0\u2026","rel":"","context":"En &quot;Informaci\u00f3n de inter\u00e9s&quot;","img":{"alt_text":"","src":"https:\/\/i0.wp.com\/lafuente.mx\/wp-content\/uploads\/2025\/08\/Blog_Mesa-de-trabajo-1.png?fit=1200%2C622&ssl=1&resize=350%2C200","width":350,"height":200},"classes":[]},{"id":3590,"url":"https:\/\/lafuente.mx\/?p=3590","url_meta":{"origin":1300,"position":4},"title":"ENCODAT 2025:","date":"marzo 3, 2026","format":false,"excerpt":"consumo de sustancias, violencia y salud mental en M\u00e9xico Parte 2 Drogas: crecimiento en poblaci\u00f3n adulta Los datos de la ENCODAT 2025 muestran un incremento en el consumo de drogas ilegales en la poblaci\u00f3n adulta, particularmente en hombres y mujeres, con aumentos en el uso de cannabis y estimulantes. Aunque\u2026","rel":"","context":"En &quot;Informaci\u00f3n de inter\u00e9s&quot;","img":{"alt_text":"","src":"https:\/\/i0.wp.com\/lafuente.mx\/wp-content\/uploads\/2026\/03\/consumo-de-drogas.jpeg?fit=1024%2C1024&ssl=1&resize=350%2C200","width":350,"height":200},"classes":[]},{"id":974,"url":"https:\/\/lafuente.mx\/?p=974","url_meta":{"origin":1300,"position":5},"title":"\u00bfQU\u00c9 PASA SI TE PASAS?","date":"marzo 27, 2023","format":false,"excerpt":"Aumenta la percepci\u00f3n de riesgo por usar alcohol, tabaco o drogas.\u00a0 Red Internacional de Salud Mental y Apoyo Psicosocial. La pandemia de COVID-19, a pesar de ser una crisis de salud f\u00edsica, tambi\u00e9n est\u00e1 impactando en la salud mental de las personas. Es innegable el esfuerzo que se vienen realizando\u2026","rel":"","context":"En &quot;Informaci\u00f3n de inter\u00e9s&quot;","img":{"alt_text":"","src":"https:\/\/i0.wp.com\/lafuente.mx\/wp-content\/uploads\/2023\/03\/Captura-de-Pantalla-2023-03-23-a-las-11.40.21.png?fit=932%2C670&ssl=1&resize=350%2C200","width":350,"height":200},"classes":[]}],"jetpack_sharing_enabled":true,"jetpack_shortlink":"https:\/\/wp.me\/pe9WUx-kY","_links":{"self":[{"href":"https:\/\/lafuente.mx\/index.php?rest_route=\/wp\/v2\/posts\/1300"}],"collection":[{"href":"https:\/\/lafuente.mx\/index.php?rest_route=\/wp\/v2\/posts"}],"about":[{"href":"https:\/\/lafuente.mx\/index.php?rest_route=\/wp\/v2\/types\/post"}],"author":[{"embeddable":true,"href":"https:\/\/lafuente.mx\/index.php?rest_route=\/wp\/v2\/users\/5"}],"replies":[{"embeddable":true,"href":"https:\/\/lafuente.mx\/index.php?rest_route=%2Fwp%2Fv2%2Fcomments&post=1300"}],"version-history":[{"count":2,"href":"https:\/\/lafuente.mx\/index.php?rest_route=\/wp\/v2\/posts\/1300\/revisions"}],"predecessor-version":[{"id":1304,"href":"https:\/\/lafuente.mx\/index.php?rest_route=\/wp\/v2\/posts\/1300\/revisions\/1304"}],"wp:featuredmedia":[{"embeddable":true,"href":"https:\/\/lafuente.mx\/index.php?rest_route=\/wp\/v2\/media\/1302"}],"wp:attachment":[{"href":"https:\/\/lafuente.mx\/index.php?rest_route=%2Fwp%2Fv2%2Fmedia&parent=1300"}],"wp:term":[{"taxonomy":"category","embeddable":true,"href":"https:\/\/lafuente.mx\/index.php?rest_route=%2Fwp%2Fv2%2Fcategories&post=1300"},{"taxonomy":"post_tag","embeddable":true,"href":"https:\/\/lafuente.mx\/index.php?rest_route=%2Fwp%2Fv2%2Ftags&post=1300"}],"curies":[{"name":"wp","href":"https:\/\/api.w.org\/{rel}","templated":true}]}}