{"id":1269,"date":"2023-06-02T18:39:47","date_gmt":"2023-06-02T18:39:47","guid":{"rendered":"https:\/\/lafuente.mx\/?p=1269"},"modified":"2023-06-13T18:35:10","modified_gmt":"2023-06-13T18:35:10","slug":"borrador-automatico-abordaje-interdisciplinario-de-las-diversidades-sexogenericas-evidencias-para-el-cuidado-de-su-salud-fisica-y-mental","status":"publish","type":"post","link":"https:\/\/lafuente.mx\/?p=1269","title":{"rendered":"Abordaje interdisciplinario de las diversidades sexogen\u00e9ricas:"},"content":{"rendered":"\n<p class=\"has-large-font-size wp-block-paragraph\">evidencias para el cuidado de su salud f\u00edsica y mental<\/p>\n\n\n\n<hr class=\"wp-block-separator has-text-color has-vivid-red-color has-alpha-channel-opacity has-vivid-red-background-color has-background\"\/>\n\n\n\n<p class=\"has-text-align-center has-vivid-red-color has-text-color has-large-font-size wp-block-paragraph\"><strong>Del 12 al 23 de junio de 2023<\/strong><\/p>\n\n\n<div class=\"wp-block-image\">\n<figure class=\"aligncenter size-large is-resized\"><img data-recalc-dims=\"1\" fetchpriority=\"high\" decoding=\"async\" src=\"https:\/\/i0.wp.com\/lafuente.mx\/wp-content\/uploads\/2023\/06\/Captura-de-Pantalla-2023-06-02-a-las-12.14.16-1024x245.png?resize=640%2C152&#038;ssl=1\" alt=\"\" class=\"wp-image-1271\" width=\"640\" height=\"152\" srcset=\"https:\/\/i0.wp.com\/lafuente.mx\/wp-content\/uploads\/2023\/06\/Captura-de-Pantalla-2023-06-02-a-las-12.14.16.png?resize=300%2C72&amp;ssl=1 300w, https:\/\/i0.wp.com\/lafuente.mx\/wp-content\/uploads\/2023\/06\/Captura-de-Pantalla-2023-06-02-a-las-12.14.16.png?resize=768%2C183&amp;ssl=1 768w, https:\/\/i0.wp.com\/lafuente.mx\/wp-content\/uploads\/2023\/06\/Captura-de-Pantalla-2023-06-02-a-las-12.14.16.png?resize=1536%2C367&amp;ssl=1 1536w, https:\/\/i0.wp.com\/lafuente.mx\/wp-content\/uploads\/2023\/06\/Captura-de-Pantalla-2023-06-02-a-las-12.14.16.png?resize=2048%2C489&amp;ssl=1 2048w, https:\/\/i0.wp.com\/lafuente.mx\/wp-content\/uploads\/2023\/06\/Captura-de-Pantalla-2023-06-02-a-las-12.14.16.png?w=1280 1280w, https:\/\/i0.wp.com\/lafuente.mx\/wp-content\/uploads\/2023\/06\/Captura-de-Pantalla-2023-06-02-a-las-12.14.16.png?w=1920 1920w\" sizes=\"(max-width: 640px) 100vw, 640px\" \/><\/figure>\n<\/div>\n\n\n<p class=\"has-vivid-purple-color has-text-color wp-block-paragraph\"><strong>Coordinador titular: <\/strong>Dr. Hamid Vega Ram\u00edrez<\/p>\n\n\n\n<p class=\"has-vivid-purple-color has-text-color wp-block-paragraph\"><strong>Coordinadora adjunta<\/strong>: Dra. Rebeca Robles Garc\u00eda<\/p>\n\n\n\n<hr class=\"wp-block-separator has-text-color has-vivid-red-color has-alpha-channel-opacity has-vivid-red-background-color has-background\"\/>\n\n\n\n<p class=\"has-vivid-purple-color has-text-color wp-block-paragraph\"><strong>Dirigido a:<\/strong><\/p>\n\n\n\n<p class=\"has-text-color wp-block-paragraph\" style=\"color:#5d5d5d\">Profesionales de la educaci\u00f3n (docentes, prefecturas, directivos), de la salud (endocrinolog\u00eda, pediatr\u00eda, medicina interna, cirug\u00eda, ginecolog\u00eda, urolog\u00eda, psiquiatr\u00eda y psicolog\u00eda) y personal de otras disciplinas que est\u00e1n en contacto con poblaci\u00f3n de la diversidad sexogen\u00e9rica.<\/p>\n\n\n\n<p class=\"has-vivid-purple-color has-text-color wp-block-paragraph\"><strong>Objetivo general:<\/strong><\/p>\n\n\n\n<p class=\"has-text-color wp-block-paragraph\" style=\"color:#64676b\">Proponer una intervenci\u00f3n que mejore la atenci\u00f3n o trato de las personas con diversidades sexogen\u00e9ricas con perspectiva de inclusi\u00f3n y no discriminaci\u00f3n en sus entornos de in\u2000uencia, incluyendo la propuesta metodol\u00f3gica para la evaluaci\u00f3n de su impacto.<\/p>\n\n\n\n<figure class=\"wp-block-image size-large\"><img data-recalc-dims=\"1\" decoding=\"async\" width=\"640\" height=\"238\" src=\"https:\/\/i0.wp.com\/lafuente.mx\/wp-content\/uploads\/2023\/06\/Captura-de-Pantalla-2023-06-02-a-las-12.13.51-1024x380.png?resize=640%2C238&#038;ssl=1\" alt=\"\" class=\"wp-image-1272\" srcset=\"https:\/\/i0.wp.com\/lafuente.mx\/wp-content\/uploads\/2023\/06\/Captura-de-Pantalla-2023-06-02-a-las-12.13.51.png?resize=1024%2C380&amp;ssl=1 1024w, https:\/\/i0.wp.com\/lafuente.mx\/wp-content\/uploads\/2023\/06\/Captura-de-Pantalla-2023-06-02-a-las-12.13.51.png?resize=300%2C111&amp;ssl=1 300w, https:\/\/i0.wp.com\/lafuente.mx\/wp-content\/uploads\/2023\/06\/Captura-de-Pantalla-2023-06-02-a-las-12.13.51.png?resize=768%2C285&amp;ssl=1 768w, https:\/\/i0.wp.com\/lafuente.mx\/wp-content\/uploads\/2023\/06\/Captura-de-Pantalla-2023-06-02-a-las-12.13.51.png?resize=1536%2C570&amp;ssl=1 1536w, https:\/\/i0.wp.com\/lafuente.mx\/wp-content\/uploads\/2023\/06\/Captura-de-Pantalla-2023-06-02-a-las-12.13.51.png?resize=2048%2C760&amp;ssl=1 2048w, https:\/\/i0.wp.com\/lafuente.mx\/wp-content\/uploads\/2023\/06\/Captura-de-Pantalla-2023-06-02-a-las-12.13.51.png?w=1280 1280w, https:\/\/i0.wp.com\/lafuente.mx\/wp-content\/uploads\/2023\/06\/Captura-de-Pantalla-2023-06-02-a-las-12.13.51.png?w=1920 1920w\" sizes=\"(max-width: 640px) 100vw, 640px\" \/><\/figure>\n\n\n\n<p class=\"has-text-color wp-block-paragraph\" style=\"color:#777777\">Los invitamos a estar atentos a la inscripci\u00f3n que se abrir\u00e1 una semana previa de su inicio a las 9:00 horas en nuestras redes sociales @INPRFM; es importante mencionarles que tiene cupo limitado, por lo que llega a cubrirse en cuesti\u00f3n de minutos despu\u00e9s de su publicaci\u00f3n, por lo que les recomendamos tener a la mano su t\u00edtulo y\/o c\u00e9dula porque se lo solicitar\u00e1n en el registro.&nbsp;&nbsp;&nbsp;&nbsp;&nbsp;<\/p>\n\n\n\n<div class=\"wp-block-buttons is-layout-flex wp-block-buttons-is-layout-flex\">\n<div class=\"wp-block-button\"><a class=\"wp-block-button__link has-vivid-purple-background-color has-background\" href=\"https:\/\/docs.google.com\/forms\/d\/e\/1FAIpQLScZ42VU2CAr2Cf6diPtmWq_5_tV9mClRoWDW7Be7bw5bHr1SQ\/closedform\" target=\"_blank\" rel=\"noreferrer noopener\">Inscripci\u00f3n<\/a><\/div>\n<\/div>\n","protected":false},"excerpt":{"rendered":"<p>evidencias para el cuidado de su salud f\u00edsica y mental Del 12 al 23 de junio de 2023 Coordinador titular: Dr. Hamid Vega Ram\u00edrez Coordinadora<\/p>\n","protected":false},"author":3,"featured_media":1272,"comment_status":"closed","ping_status":"closed","sticky":false,"template":"","format":"standard","meta":{"_jetpack_memberships_contains_paid_content":false,"footnotes":"","jetpack_publicize_message":"","jetpack_publicize_feature_enabled":true,"jetpack_social_post_already_shared":true,"jetpack_social_options":{"image_generator_settings":{"template":"highway","default_image_id":0,"font":"","enabled":false},"version":2}},"categories":[4,6],"tags":[288,289,21,291,290,32],"class_list":["post-1269","post","type-post","status-publish","format-standard","has-post-thumbnail","hentry","category-cursos","category-cursos-en-linea","tag-abordaje-interdisciplinario","tag-diversidades-sexogenericas","tag-inprfm","tag-no-discriminacion","tag-perspectiva-de-inlcusion","tag-salud-mental"],"yoast_head":"<!-- This site is optimized with the Yoast SEO plugin v19.4 - https:\/\/yoast.com\/wordpress\/plugins\/seo\/ -->\n<title>Abordaje interdisciplinario de las diversidades sexogen\u00e9ricas: -<\/title>\n<meta name=\"description\" content=\"Proponer una intervenci\u00f3n que mejore la atenci\u00f3n o trato de las personas con diversidades sexogen\u00e9ricas con perspectiva de inclusi\u00f3n y no discriminaci\u00f3n en sus entornos de in\u2000uencia, incluyendo la propuesta metodol\u00f3gica para la evaluaci\u00f3n de su impacto.\" \/>\n<meta name=\"robots\" content=\"index, follow, max-snippet:-1, max-image-preview:large, max-video-preview:-1\" \/>\n<link rel=\"canonical\" href=\"https:\/\/lafuente.mx\/?p=1269\" \/>\n<meta property=\"og:locale\" content=\"es_MX\" \/>\n<meta property=\"og:type\" content=\"article\" \/>\n<meta property=\"og:title\" content=\"Abordaje interdisciplinario de las diversidades sexogen\u00e9ricas:evidencias para el cuidado de su salud f\u00edsica y mental\" \/>\n<meta property=\"og:description\" content=\"Proponer una intervenci\u00f3n que mejore la atenci\u00f3n o trato de las personas con diversidades sexogen\u00e9ricas con perspectiva de inclusi\u00f3n y no discriminaci\u00f3n en sus entornos de in\u2000uencia, incluyendo la propuesta metodol\u00f3gica para la evaluaci\u00f3n de su impacto.\" \/>\n<meta property=\"og:url\" content=\"https:\/\/lafuente.mx\/?p=1269\" \/>\n<meta property=\"article:published_time\" content=\"2023-06-02T18:39:47+00:00\" \/>\n<meta property=\"article:modified_time\" content=\"2023-06-13T18:35:10+00:00\" \/>\n<meta property=\"og:image\" content=\"http:\/\/lafuente.mx\/wp-content\/uploads\/2023\/06\/Captura-de-Pantalla-2023-06-02-a-las-12.13.51.png\" \/>\n\t<meta property=\"og:image:width\" content=\"2510\" \/>\n\t<meta property=\"og:image:height\" content=\"932\" \/>\n\t<meta property=\"og:image:type\" content=\"image\/png\" \/>\n<meta name=\"author\" content=\"Claudia Gallardo\" \/>\n<meta name=\"twitter:card\" content=\"summary_large_image\" \/>\n<meta name=\"twitter:title\" content=\"Abordaje interdisciplinario de las diversidades sexogen\u00e9ricas:evidencias para el cuidado de su salud f\u00edsica y mental\" \/>\n<meta name=\"twitter:description\" content=\"Proponer una intervenci\u00f3n que mejore la atenci\u00f3n o trato de las personas con diversidades sexogen\u00e9ricas con perspectiva de inclusi\u00f3n y no discriminaci\u00f3n en sus entornos de in\u2000uencia, incluyendo la propuesta metodol\u00f3gica para la evaluaci\u00f3n de su impacto.\" \/>\n<meta name=\"twitter:image\" content=\"https:\/\/i0.wp.com\/lafuente.mx\/wp-content\/uploads\/2023\/06\/Captura-de-Pantalla-2023-06-02-a-las-12.13.51.png?fit=2510%2C932&ssl=1\" \/>\n<meta name=\"twitter:label1\" content=\"Escrito por\" \/>\n\t<meta name=\"twitter:data1\" content=\"Claudia Gallardo\" \/>\n\t<meta name=\"twitter:label2\" content=\"Tiempo de lectura\" \/>\n\t<meta name=\"twitter:data2\" content=\"2 minutos\" \/>\n<script type=\"application\/ld+json\" class=\"yoast-schema-graph\">{\"@context\":\"https:\/\/schema.org\",\"@graph\":[{\"@type\":\"WebSite\",\"@id\":\"https:\/\/lafuente.mx\/#website\",\"url\":\"https:\/\/lafuente.mx\/\",\"name\":\"\",\"description\":\"Informaci\u00f3n confiable sobre salud mental\",\"potentialAction\":[{\"@type\":\"SearchAction\",\"target\":{\"@type\":\"EntryPoint\",\"urlTemplate\":\"https:\/\/lafuente.mx\/?s={search_term_string}\"},\"query-input\":\"required name=search_term_string\"}],\"inLanguage\":\"es\"},{\"@type\":\"WebPage\",\"@id\":\"https:\/\/lafuente.mx\/?p=1269\",\"url\":\"https:\/\/lafuente.mx\/?p=1269\",\"name\":\"Abordaje interdisciplinario de las diversidades sexogen\u00e9ricas: -\",\"isPartOf\":{\"@id\":\"https:\/\/lafuente.mx\/#website\"},\"datePublished\":\"2023-06-02T18:39:47+00:00\",\"dateModified\":\"2023-06-13T18:35:10+00:00\",\"author\":{\"@id\":\"https:\/\/lafuente.mx\/#\/schema\/person\/603f3aa8e2f6f7879021ab722d39d6b0\"},\"description\":\"Proponer una intervenci\u00f3n que mejore la atenci\u00f3n o trato de las personas con diversidades sexogen\u00e9ricas con perspectiva de inclusi\u00f3n y no discriminaci\u00f3n en sus entornos de in\u2000uencia, incluyendo la propuesta metodol\u00f3gica para la evaluaci\u00f3n de su impacto.\",\"breadcrumb\":{\"@id\":\"https:\/\/lafuente.mx\/?p=1269#breadcrumb\"},\"inLanguage\":\"es\",\"potentialAction\":[{\"@type\":\"ReadAction\",\"target\":[\"https:\/\/lafuente.mx\/?p=1269\"]}]},{\"@type\":\"BreadcrumbList\",\"@id\":\"https:\/\/lafuente.mx\/?p=1269#breadcrumb\",\"itemListElement\":[{\"@type\":\"ListItem\",\"position\":1,\"name\":\"Inicio\",\"item\":\"https:\/\/lafuente.mx\/\"},{\"@type\":\"ListItem\",\"position\":2,\"name\":\"Abordaje interdisciplinario de las diversidades sexogen\u00e9ricas:\"}]},{\"@type\":\"Person\",\"@id\":\"https:\/\/lafuente.mx\/#\/schema\/person\/603f3aa8e2f6f7879021ab722d39d6b0\",\"name\":\"Claudia Gallardo\",\"image\":{\"@type\":\"ImageObject\",\"inLanguage\":\"es\",\"@id\":\"https:\/\/lafuente.mx\/#\/schema\/person\/image\/\",\"url\":\"https:\/\/secure.gravatar.com\/avatar\/57e359df01b381c34a24d792c1867f6e9888011b76e86673f8dd53994603714d?s=96&d=mm&r=g\",\"contentUrl\":\"https:\/\/secure.gravatar.com\/avatar\/57e359df01b381c34a24d792c1867f6e9888011b76e86673f8dd53994603714d?s=96&d=mm&r=g\",\"caption\":\"Claudia Gallardo\"},\"url\":\"https:\/\/lafuente.mx\/?author=3\"}]}<\/script>\n<!-- \/ Yoast SEO plugin. -->","yoast_head_json":{"title":"Abordaje interdisciplinario de las diversidades sexogen\u00e9ricas: -","description":"Proponer una intervenci\u00f3n que mejore la atenci\u00f3n o trato de las personas con diversidades sexogen\u00e9ricas con perspectiva de inclusi\u00f3n y no discriminaci\u00f3n en sus entornos de in\u2000uencia, incluyendo la propuesta metodol\u00f3gica para la evaluaci\u00f3n de su impacto.","robots":{"index":"index","follow":"follow","max-snippet":"max-snippet:-1","max-image-preview":"max-image-preview:large","max-video-preview":"max-video-preview:-1"},"canonical":"https:\/\/lafuente.mx\/?p=1269","og_locale":"es_MX","og_type":"article","og_title":"Abordaje interdisciplinario de las diversidades sexogen\u00e9ricas:evidencias para el cuidado de su salud f\u00edsica y mental","og_description":"Proponer una intervenci\u00f3n que mejore la atenci\u00f3n o trato de las personas con diversidades sexogen\u00e9ricas con perspectiva de inclusi\u00f3n y no discriminaci\u00f3n en sus entornos de in\u2000uencia, incluyendo la propuesta metodol\u00f3gica para la evaluaci\u00f3n de su impacto.","og_url":"https:\/\/lafuente.mx\/?p=1269","article_published_time":"2023-06-02T18:39:47+00:00","article_modified_time":"2023-06-13T18:35:10+00:00","og_image":[{"width":2510,"height":932,"url":"http:\/\/lafuente.mx\/wp-content\/uploads\/2023\/06\/Captura-de-Pantalla-2023-06-02-a-las-12.13.51.png","type":"image\/png"}],"author":"Claudia Gallardo","twitter_card":"summary_large_image","twitter_title":"Abordaje interdisciplinario de las diversidades sexogen\u00e9ricas:evidencias para el cuidado de su salud f\u00edsica y mental","twitter_description":"Proponer una intervenci\u00f3n que mejore la atenci\u00f3n o trato de las personas con diversidades sexogen\u00e9ricas con perspectiva de inclusi\u00f3n y no discriminaci\u00f3n en sus entornos de in\u2000uencia, incluyendo la propuesta metodol\u00f3gica para la evaluaci\u00f3n de su impacto.","twitter_image":"https:\/\/i0.wp.com\/lafuente.mx\/wp-content\/uploads\/2023\/06\/Captura-de-Pantalla-2023-06-02-a-las-12.13.51.png?fit=2510%2C932&ssl=1","twitter_misc":{"Escrito por":"Claudia Gallardo","Tiempo de lectura":"2 minutos"},"schema":{"@context":"https:\/\/schema.org","@graph":[{"@type":"WebSite","@id":"https:\/\/lafuente.mx\/#website","url":"https:\/\/lafuente.mx\/","name":"","description":"Informaci\u00f3n confiable sobre salud mental","potentialAction":[{"@type":"SearchAction","target":{"@type":"EntryPoint","urlTemplate":"https:\/\/lafuente.mx\/?s={search_term_string}"},"query-input":"required name=search_term_string"}],"inLanguage":"es"},{"@type":"WebPage","@id":"https:\/\/lafuente.mx\/?p=1269","url":"https:\/\/lafuente.mx\/?p=1269","name":"Abordaje interdisciplinario de las diversidades sexogen\u00e9ricas: -","isPartOf":{"@id":"https:\/\/lafuente.mx\/#website"},"datePublished":"2023-06-02T18:39:47+00:00","dateModified":"2023-06-13T18:35:10+00:00","author":{"@id":"https:\/\/lafuente.mx\/#\/schema\/person\/603f3aa8e2f6f7879021ab722d39d6b0"},"description":"Proponer una intervenci\u00f3n que mejore la atenci\u00f3n o trato de las personas con diversidades sexogen\u00e9ricas con perspectiva de inclusi\u00f3n y no discriminaci\u00f3n en sus entornos de in\u2000uencia, incluyendo la propuesta metodol\u00f3gica para la evaluaci\u00f3n de su impacto.","breadcrumb":{"@id":"https:\/\/lafuente.mx\/?p=1269#breadcrumb"},"inLanguage":"es","potentialAction":[{"@type":"ReadAction","target":["https:\/\/lafuente.mx\/?p=1269"]}]},{"@type":"BreadcrumbList","@id":"https:\/\/lafuente.mx\/?p=1269#breadcrumb","itemListElement":[{"@type":"ListItem","position":1,"name":"Inicio","item":"https:\/\/lafuente.mx\/"},{"@type":"ListItem","position":2,"name":"Abordaje interdisciplinario de las diversidades sexogen\u00e9ricas:"}]},{"@type":"Person","@id":"https:\/\/lafuente.mx\/#\/schema\/person\/603f3aa8e2f6f7879021ab722d39d6b0","name":"Claudia Gallardo","image":{"@type":"ImageObject","inLanguage":"es","@id":"https:\/\/lafuente.mx\/#\/schema\/person\/image\/","url":"https:\/\/secure.gravatar.com\/avatar\/57e359df01b381c34a24d792c1867f6e9888011b76e86673f8dd53994603714d?s=96&d=mm&r=g","contentUrl":"https:\/\/secure.gravatar.com\/avatar\/57e359df01b381c34a24d792c1867f6e9888011b76e86673f8dd53994603714d?s=96&d=mm&r=g","caption":"Claudia Gallardo"},"url":"https:\/\/lafuente.mx\/?author=3"}]}},"jetpack_publicize_connections":[],"jetpack_featured_media_url":"https:\/\/i0.wp.com\/lafuente.mx\/wp-content\/uploads\/2023\/06\/Captura-de-Pantalla-2023-06-02-a-las-12.13.51.png?fit=2510%2C932&ssl=1","jetpack-related-posts":[],"jetpack_sharing_enabled":true,"jetpack_shortlink":"https:\/\/wp.me\/pe9WUx-kt","_links":{"self":[{"href":"https:\/\/lafuente.mx\/index.php?rest_route=\/wp\/v2\/posts\/1269","targetHints":{"allow":["GET"]}}],"collection":[{"href":"https:\/\/lafuente.mx\/index.php?rest_route=\/wp\/v2\/posts"}],"about":[{"href":"https:\/\/lafuente.mx\/index.php?rest_route=\/wp\/v2\/types\/post"}],"author":[{"embeddable":true,"href":"https:\/\/lafuente.mx\/index.php?rest_route=\/wp\/v2\/users\/3"}],"replies":[{"embeddable":true,"href":"https:\/\/lafuente.mx\/index.php?rest_route=%2Fwp%2Fv2%2Fcomments&post=1269"}],"version-history":[{"count":3,"href":"https:\/\/lafuente.mx\/index.php?rest_route=\/wp\/v2\/posts\/1269\/revisions"}],"predecessor-version":[{"id":1305,"href":"https:\/\/lafuente.mx\/index.php?rest_route=\/wp\/v2\/posts\/1269\/revisions\/1305"}],"wp:featuredmedia":[{"embeddable":true,"href":"https:\/\/lafuente.mx\/index.php?rest_route=\/wp\/v2\/media\/1272"}],"wp:attachment":[{"href":"https:\/\/lafuente.mx\/index.php?rest_route=%2Fwp%2Fv2%2Fmedia&parent=1269"}],"wp:term":[{"taxonomy":"category","embeddable":true,"href":"https:\/\/lafuente.mx\/index.php?rest_route=%2Fwp%2Fv2%2Fcategories&post=1269"},{"taxonomy":"post_tag","embeddable":true,"href":"https:\/\/lafuente.mx\/index.php?rest_route=%2Fwp%2Fv2%2Ftags&post=1269"}],"curies":[{"name":"wp","href":"https:\/\/api.w.org\/{rel}","templated":true}]}}