{"id":1225,"date":"2023-05-17T08:17:00","date_gmt":"2023-05-17T08:17:00","guid":{"rendered":"https:\/\/lafuente.mx\/?p=1225"},"modified":"2023-05-16T19:04:17","modified_gmt":"2023-05-16T19:04:17","slug":"borrador-automatico-embarazo-y-posparto","status":"publish","type":"post","link":"https:\/\/lafuente.mx\/?p=1225","title":{"rendered":"Embarazo y posparto\u00a0"},"content":{"rendered":"\n<hr class=\"wp-block-separator has-text-color has-pale-pink-color has-alpha-channel-opacity has-pale-pink-background-color has-background is-style-wide\"\/>\n\n\n\n<p>La p\u00e1gina brinda informaci\u00f3n veraz y herramientas para cuidar la salud mental de mujeres embarazadas o que en los \u00faltimos seis meses hayan tenido un beb\u00e9.\u00a0<\/p>\n\n\n<div class=\"wp-block-image\">\n<figure class=\"aligncenter size-large is-resized\"><img decoding=\"async\" loading=\"lazy\" src=\"https:\/\/i0.wp.com\/lafuente.mx\/wp-content\/uploads\/2023\/05\/Captura-de-Pantalla-2023-05-16-a-las-12.38.44-1024x851.png?resize=554%2C460&#038;ssl=1\" alt=\"\" class=\"wp-image-1226\" width=\"554\" height=\"460\" srcset=\"https:\/\/i0.wp.com\/lafuente.mx\/wp-content\/uploads\/2023\/05\/Captura-de-Pantalla-2023-05-16-a-las-12.38.44.png?resize=1024%2C851&amp;ssl=1 1024w, https:\/\/i0.wp.com\/lafuente.mx\/wp-content\/uploads\/2023\/05\/Captura-de-Pantalla-2023-05-16-a-las-12.38.44.png?resize=300%2C249&amp;ssl=1 300w, https:\/\/i0.wp.com\/lafuente.mx\/wp-content\/uploads\/2023\/05\/Captura-de-Pantalla-2023-05-16-a-las-12.38.44.png?resize=768%2C638&amp;ssl=1 768w, https:\/\/i0.wp.com\/lafuente.mx\/wp-content\/uploads\/2023\/05\/Captura-de-Pantalla-2023-05-16-a-las-12.38.44.png?resize=1536%2C1276&amp;ssl=1 1536w, https:\/\/i0.wp.com\/lafuente.mx\/wp-content\/uploads\/2023\/05\/Captura-de-Pantalla-2023-05-16-a-las-12.38.44.png?w=1548&amp;ssl=1 1548w, https:\/\/i0.wp.com\/lafuente.mx\/wp-content\/uploads\/2023\/05\/Captura-de-Pantalla-2023-05-16-a-las-12.38.44.png?w=1280 1280w\" sizes=\"(max-width: 554px) 100vw, 554px\" data-recalc-dims=\"1\" \/><\/figure><\/div>\n\n\n<hr class=\"wp-block-separator has-text-color has-pale-pink-color has-alpha-channel-opacity has-pale-pink-background-color has-background\"\/>\n\n\n\n<p class=\"has-text-color\" style=\"color:#c963b7\">La transici\u00f3n a la maternidad actualmente est\u00e1 rodeada de:&nbsp;<\/p>\n\n\n\n<p class=\"has-text-color\" style=\"color:#c963b7\">\u2022 P\u00e9rdidas&nbsp;<\/p>\n\n\n\n<p class=\"has-text-color\" style=\"color:#c963b7\">\u2022 Faltas&nbsp;<\/p>\n\n\n\n<p class=\"has-text-color\" style=\"color:#c963b7\">\u2022 Carencias&nbsp;<\/p>\n\n\n\n<p class=\"has-text-color\" style=\"color:#c963b7\">\u2022 Ausencias&nbsp;<\/p>\n\n\n\n<p class=\"has-text-color\" style=\"color:#c963b7\">\u2022 Cambios&nbsp;<\/p>\n\n\n\n<p class=\"has-text-color\" style=\"color:#c963b7\">\u2022 Reajustes&nbsp;<\/p>\n\n\n\n<p class=\"has-text-color\" style=\"color:#c963b7\">\u2022 Falta de ayuda pr\u00e1ctica&nbsp;<\/p>\n\n\n\n<p class=\"has-text-color\" style=\"color:#c963b7\">\u2022 Necesidades no satisfechas&nbsp;<\/p>\n\n\n\n<p class=\"has-text-align-center has-text-color has-medium-font-size\" style=\"color:#c963b7\"><strong>Te recomendamos:\u00a0<\/strong><\/p>\n\n\n\n<p class=\"has-text-color\" style=\"color:#c963b7\">\u2022 Hablar con alguien de confianza sobre tus emociones, pensamientos y miedos&nbsp;<\/p>\n\n\n\n<p class=\"has-text-color\" style=\"color:#c963b7\">\u2022 Tener tiempo libre sin tu beb\u00e9 para descansar, dormir o realizar alguna actividad agradable&nbsp;<\/p>\n\n\n\n<p class=\"has-text-color\" style=\"color:#c963b7\">\u2022 Estar activa, salir a caminar o llevar a cabo alg\u00fan tipo de ejercicio&nbsp;<\/p>\n\n\n\n<p class=\"has-text-color\" style=\"color:#c963b7\">\u2022 Realizar actividades de relajaci\u00f3n, respiraci\u00f3n, mindfulness, hacer yoga o meditar<\/p>\n\n\n<div class=\"wp-block-image\">\n<figure class=\"aligncenter size-large is-resized\"><img decoding=\"async\" loading=\"lazy\" src=\"https:\/\/i0.wp.com\/lafuente.mx\/wp-content\/uploads\/2023\/05\/embarazo-1024x576.webp?resize=640%2C360&#038;ssl=1\" alt=\"\" class=\"wp-image-1227\" width=\"640\" height=\"360\" srcset=\"https:\/\/i0.wp.com\/lafuente.mx\/wp-content\/uploads\/2023\/05\/embarazo-scaled.webp?resize=1024%2C576&amp;ssl=1 1024w, https:\/\/i0.wp.com\/lafuente.mx\/wp-content\/uploads\/2023\/05\/embarazo-scaled.webp?resize=300%2C169&amp;ssl=1 300w, https:\/\/i0.wp.com\/lafuente.mx\/wp-content\/uploads\/2023\/05\/embarazo-scaled.webp?resize=768%2C432&amp;ssl=1 768w, https:\/\/i0.wp.com\/lafuente.mx\/wp-content\/uploads\/2023\/05\/embarazo-scaled.webp?resize=1536%2C864&amp;ssl=1 1536w, https:\/\/i0.wp.com\/lafuente.mx\/wp-content\/uploads\/2023\/05\/embarazo-scaled.webp?resize=2048%2C1152&amp;ssl=1 2048w, https:\/\/i0.wp.com\/lafuente.mx\/wp-content\/uploads\/2023\/05\/embarazo-scaled.webp?w=1280 1280w, https:\/\/i0.wp.com\/lafuente.mx\/wp-content\/uploads\/2023\/05\/embarazo-scaled.webp?w=1920 1920w\" sizes=\"(max-width: 640px) 100vw, 640px\" data-recalc-dims=\"1\" \/><\/figure><\/div>\n\n\n<hr class=\"wp-block-separator has-text-color has-pale-pink-color has-alpha-channel-opacity has-pale-pink-background-color has-background is-style-wide\"\/>\n\n\n\n<p class=\"has-text-align-center has-text-color has-medium-font-size\" style=\"color:#7e1a57\"><strong>NO EST\u00c1S SOLA\u00a0<\/strong><\/p>\n\n\n\n<p>Seguimos aqu\u00ed para apoyarte&nbsp;<\/p>\n\n\n\n<div class=\"wp-block-buttons is-layout-flex wp-block-buttons-is-layout-flex\">\n<div class=\"wp-block-button\"><a class=\"wp-block-button__link has-pale-pink-background-color has-background\" href=\"https:\/\/www.facebook.com\/saludemocionalperinatal\" target=\"_blank\" rel=\"noreferrer noopener\">M\u00e1s informaci\u00f3n<\/a><\/div>\n<\/div>\n","protected":false},"excerpt":{"rendered":"<p>La p\u00e1gina brinda informaci\u00f3n veraz y herramientas para cuidar la salud mental de mujeres embarazadas o que en los \u00faltimos seis meses hayan tenido un<\/p>\n","protected":false},"author":3,"featured_media":1227,"comment_status":"closed","ping_status":"closed","sticky":false,"template":"","format":"standard","meta":{"footnotes":"","jetpack_publicize_message":"","jetpack_is_tweetstorm":false,"jetpack_publicize_feature_enabled":true},"categories":[14],"tags":[275,52,248,257,21,264,63,32],"jetpack_publicize_connections":[],"yoast_head":"<!-- This site is optimized with the Yoast SEO plugin v19.4 - https:\/\/yoast.com\/wordpress\/plugins\/seo\/ -->\n<title>Embarazo y posparto\u00a0 -<\/title>\n<meta name=\"description\" content=\"p\u00e1gina brinda informaci\u00f3n veraz y herramientas para cuidar la salud mental de mujeres embarazadas o que en los \u00faltimos seis meses hayan tenido un beb\u00e9\" \/>\n<meta name=\"robots\" content=\"index, follow, max-snippet:-1, max-image-preview:large, max-video-preview:-1\" \/>\n<link rel=\"canonical\" href=\"https:\/\/lafuente.mx\/?p=1225\" \/>\n<meta property=\"og:locale\" content=\"es_MX\" \/>\n<meta property=\"og:type\" content=\"article\" \/>\n<meta property=\"og:title\" content=\"Embarazo y posparto\u00a0\" \/>\n<meta property=\"og:description\" content=\"La p\u00e1gina brinda informaci\u00f3n veraz y herramientas para cuidar la salud mental de mujeres embarazadas o que en los \u00faltimos seis meses hayan tenido un beb\u00e9\" \/>\n<meta property=\"og:url\" content=\"https:\/\/lafuente.mx\/?p=1225\" \/>\n<meta property=\"article:published_time\" content=\"2023-05-17T08:17:00+00:00\" \/>\n<meta property=\"article:modified_time\" content=\"2023-05-16T19:04:17+00:00\" \/>\n<meta property=\"og:image\" content=\"https:\/\/i0.wp.com\/lafuente.mx\/wp-content\/uploads\/2023\/05\/embarazo-scaled.webp?fit=2560%2C1440&ssl=1\" \/>\n\t<meta property=\"og:image:width\" content=\"2560\" \/>\n\t<meta property=\"og:image:height\" content=\"1440\" \/>\n\t<meta property=\"og:image:type\" content=\"image\/webp\" \/>\n<meta name=\"author\" content=\"Claudia Gallardo\" \/>\n<meta name=\"twitter:card\" content=\"summary_large_image\" \/>\n<meta name=\"twitter:title\" content=\"Embarazo y posparto\u00a0\" \/>\n<meta name=\"twitter:description\" content=\"La p\u00e1gina brinda informaci\u00f3n veraz y herramientas para cuidar la salud mental de mujeres embarazadas o que en los \u00faltimos seis meses hayan tenido un beb\u00e9\" \/>\n<meta name=\"twitter:image\" content=\"https:\/\/i0.wp.com\/lafuente.mx\/wp-content\/uploads\/2023\/05\/embarazo-scaled.webp?fit=2560%2C1440&ssl=1\" \/>\n<meta name=\"twitter:label1\" content=\"Escrito por\" \/>\n\t<meta name=\"twitter:data1\" content=\"Claudia Gallardo\" \/>\n\t<meta name=\"twitter:label2\" content=\"Tiempo de lectura\" \/>\n\t<meta name=\"twitter:data2\" content=\"1 minuto\" \/>\n<script type=\"application\/ld+json\" class=\"yoast-schema-graph\">{\"@context\":\"https:\/\/schema.org\",\"@graph\":[{\"@type\":\"WebSite\",\"@id\":\"https:\/\/lafuente.mx\/#website\",\"url\":\"https:\/\/lafuente.mx\/\",\"name\":\"\",\"description\":\"Informaci\u00f3n confiable sobre salud mental\",\"potentialAction\":[{\"@type\":\"SearchAction\",\"target\":{\"@type\":\"EntryPoint\",\"urlTemplate\":\"https:\/\/lafuente.mx\/?s={search_term_string}\"},\"query-input\":\"required name=search_term_string\"}],\"inLanguage\":\"es-MX\"},{\"@type\":\"WebPage\",\"@id\":\"https:\/\/lafuente.mx\/?p=1225\",\"url\":\"https:\/\/lafuente.mx\/?p=1225\",\"name\":\"Embarazo y posparto\u00a0 -\",\"isPartOf\":{\"@id\":\"https:\/\/lafuente.mx\/#website\"},\"datePublished\":\"2023-05-17T08:17:00+00:00\",\"dateModified\":\"2023-05-16T19:04:17+00:00\",\"author\":{\"@id\":\"https:\/\/lafuente.mx\/#\/schema\/person\/603f3aa8e2f6f7879021ab722d39d6b0\"},\"description\":\"p\u00e1gina brinda informaci\u00f3n veraz y herramientas para cuidar la salud mental de mujeres embarazadas o que en los \u00faltimos seis meses hayan tenido un beb\u00e9\",\"breadcrumb\":{\"@id\":\"https:\/\/lafuente.mx\/?p=1225#breadcrumb\"},\"inLanguage\":\"es-MX\",\"potentialAction\":[{\"@type\":\"ReadAction\",\"target\":[\"https:\/\/lafuente.mx\/?p=1225\"]}]},{\"@type\":\"BreadcrumbList\",\"@id\":\"https:\/\/lafuente.mx\/?p=1225#breadcrumb\",\"itemListElement\":[{\"@type\":\"ListItem\",\"position\":1,\"name\":\"Inicio\",\"item\":\"https:\/\/lafuente.mx\/\"},{\"@type\":\"ListItem\",\"position\":2,\"name\":\"Embarazo y posparto\u00a0\"}]},{\"@type\":\"Person\",\"@id\":\"https:\/\/lafuente.mx\/#\/schema\/person\/603f3aa8e2f6f7879021ab722d39d6b0\",\"name\":\"Claudia Gallardo\",\"image\":{\"@type\":\"ImageObject\",\"inLanguage\":\"es-MX\",\"@id\":\"https:\/\/lafuente.mx\/#\/schema\/person\/image\/\",\"url\":\"https:\/\/secure.gravatar.com\/avatar\/bfe9c966af1ccfb9d17bcdb9d04e8815?s=96&d=mm&r=g\",\"contentUrl\":\"https:\/\/secure.gravatar.com\/avatar\/bfe9c966af1ccfb9d17bcdb9d04e8815?s=96&d=mm&r=g\",\"caption\":\"Claudia Gallardo\"},\"url\":\"https:\/\/lafuente.mx\/?author=3\"}]}<\/script>\n<!-- \/ Yoast SEO plugin. -->","yoast_head_json":{"title":"Embarazo y posparto\u00a0 -","description":"p\u00e1gina brinda informaci\u00f3n veraz y herramientas para cuidar la salud mental de mujeres embarazadas o que en los \u00faltimos seis meses hayan tenido un beb\u00e9","robots":{"index":"index","follow":"follow","max-snippet":"max-snippet:-1","max-image-preview":"max-image-preview:large","max-video-preview":"max-video-preview:-1"},"canonical":"https:\/\/lafuente.mx\/?p=1225","og_locale":"es_MX","og_type":"article","og_title":"Embarazo y posparto\u00a0","og_description":"La p\u00e1gina brinda informaci\u00f3n veraz y herramientas para cuidar la salud mental de mujeres embarazadas o que en los \u00faltimos seis meses hayan tenido un beb\u00e9","og_url":"https:\/\/lafuente.mx\/?p=1225","article_published_time":"2023-05-17T08:17:00+00:00","article_modified_time":"2023-05-16T19:04:17+00:00","og_image":[{"width":2560,"height":1440,"url":"https:\/\/i0.wp.com\/lafuente.mx\/wp-content\/uploads\/2023\/05\/embarazo-scaled.webp?fit=2560%2C1440&ssl=1","type":"image\/webp"}],"author":"Claudia Gallardo","twitter_card":"summary_large_image","twitter_title":"Embarazo y posparto\u00a0","twitter_description":"La p\u00e1gina brinda informaci\u00f3n veraz y herramientas para cuidar la salud mental de mujeres embarazadas o que en los \u00faltimos seis meses hayan tenido un beb\u00e9","twitter_image":"https:\/\/i0.wp.com\/lafuente.mx\/wp-content\/uploads\/2023\/05\/embarazo-scaled.webp?fit=2560%2C1440&ssl=1","twitter_misc":{"Escrito por":"Claudia Gallardo","Tiempo de lectura":"1 minuto"},"schema":{"@context":"https:\/\/schema.org","@graph":[{"@type":"WebSite","@id":"https:\/\/lafuente.mx\/#website","url":"https:\/\/lafuente.mx\/","name":"","description":"Informaci\u00f3n confiable sobre salud mental","potentialAction":[{"@type":"SearchAction","target":{"@type":"EntryPoint","urlTemplate":"https:\/\/lafuente.mx\/?s={search_term_string}"},"query-input":"required name=search_term_string"}],"inLanguage":"es-MX"},{"@type":"WebPage","@id":"https:\/\/lafuente.mx\/?p=1225","url":"https:\/\/lafuente.mx\/?p=1225","name":"Embarazo y posparto\u00a0 -","isPartOf":{"@id":"https:\/\/lafuente.mx\/#website"},"datePublished":"2023-05-17T08:17:00+00:00","dateModified":"2023-05-16T19:04:17+00:00","author":{"@id":"https:\/\/lafuente.mx\/#\/schema\/person\/603f3aa8e2f6f7879021ab722d39d6b0"},"description":"p\u00e1gina brinda informaci\u00f3n veraz y herramientas para cuidar la salud mental de mujeres embarazadas o que en los \u00faltimos seis meses hayan tenido un beb\u00e9","breadcrumb":{"@id":"https:\/\/lafuente.mx\/?p=1225#breadcrumb"},"inLanguage":"es-MX","potentialAction":[{"@type":"ReadAction","target":["https:\/\/lafuente.mx\/?p=1225"]}]},{"@type":"BreadcrumbList","@id":"https:\/\/lafuente.mx\/?p=1225#breadcrumb","itemListElement":[{"@type":"ListItem","position":1,"name":"Inicio","item":"https:\/\/lafuente.mx\/"},{"@type":"ListItem","position":2,"name":"Embarazo y posparto\u00a0"}]},{"@type":"Person","@id":"https:\/\/lafuente.mx\/#\/schema\/person\/603f3aa8e2f6f7879021ab722d39d6b0","name":"Claudia Gallardo","image":{"@type":"ImageObject","inLanguage":"es-MX","@id":"https:\/\/lafuente.mx\/#\/schema\/person\/image\/","url":"https:\/\/secure.gravatar.com\/avatar\/bfe9c966af1ccfb9d17bcdb9d04e8815?s=96&d=mm&r=g","contentUrl":"https:\/\/secure.gravatar.com\/avatar\/bfe9c966af1ccfb9d17bcdb9d04e8815?s=96&d=mm&r=g","caption":"Claudia Gallardo"},"url":"https:\/\/lafuente.mx\/?author=3"}]}},"jetpack_featured_media_url":"https:\/\/i0.wp.com\/lafuente.mx\/wp-content\/uploads\/2023\/05\/embarazo-scaled.webp?fit=2560%2C1440&ssl=1","jetpack-related-posts":[{"id":2249,"url":"https:\/\/lafuente.mx\/?p=2249","url_meta":{"origin":1225,"position":0},"title":"Salud mental perinatal: el punto de partida de nuestra salud mental\u00a0","date":"abril 26, 2024","format":false,"excerpt":"M\u00f3nica Flores-Ramos 1 , Philippe Leff-Gelman 2\u00a0 1 Instituto Nacional de Psiquiatr\u00eda Ram\u00f3n de la Fuente Mu\u00f1iz, Ciudad de M\u00e9xico, M\u00e9xico.\u00a0 2 Instituto Nacional de Perinatolog\u00eda Isidro Espinosa de los Reyes, Ciudad de M\u00e9xico, M\u00e9xico.\u00a0 La complejidad de cuidar dos mentes al mismo tiempo ocurre cuando una futura madre est\u00e1,\u2026","rel":"","context":"En &quot;Revista Salud Mental&quot;","img":{"alt_text":"","src":"https:\/\/i0.wp.com\/lafuente.mx\/wp-content\/uploads\/2024\/04\/Octavo-mes-de-embarazo-sintomas.jpg.webp?fit=848%2C565&ssl=1&resize=350%2C200","width":350,"height":200},"classes":[]},{"id":2327,"url":"https:\/\/lafuente.mx\/?p=2327","url_meta":{"origin":1225,"position":1},"title":"Cuidados emocionales para futuras mam\u00e1s. C\u00f3mo prevenir la depresi\u00f3n y la ansiedad en el embarazo y posparto\u00a0","date":"mayo 29, 2024","format":false,"excerpt":"Mar\u00eda Asunci\u00f3n Lara Teresa Garc\u00eda Hubard\u00a0 Colecci\u00f3n: Desarrollo humano\u00a0 EAN: 9786077135791\u00a0 ISBN: 9786077135791\u00a0 P\u00e1ginas: 208\u00a0 Fecha publicaci\u00f3n: 05-02-2024\u00a0 Un libro para experimentar el antes y el despu\u00e9s del embarazo con salud mental, ya que brinda a la futura mam\u00e1 los conocimientos y cuidados para prevenir la depresi\u00f3n y la ansiedad,\u2026","rel":"","context":"En &quot;Publicaciones&quot;","img":{"alt_text":"","src":"https:\/\/i0.wp.com\/lafuente.mx\/wp-content\/uploads\/2024\/05\/Captura-de-pantalla-2024-05-28-a-las-14.15.16.png?fit=881%2C1200&ssl=1&resize=350%2C200","width":350,"height":200},"classes":[]},{"id":1170,"url":"https:\/\/lafuente.mx\/?p=1170","url_meta":{"origin":1225,"position":2},"title":"D\u00cdA MUNDIAL DE LA SALUD MENTAL MATERNA\u00a0","date":"abril 27, 2023","format":false,"excerpt":"3\u00a0de mayo imagen Mentalizarte INPRFM \u00a0El D\u00eda Mundial de la Salud Mental Materna se lanz\u00f3 para\u00a0aumentar la conciencia acerca de los problemas de salud mental materna, con la finalidad\u00a0de que m\u00e1s mujeres busquen ayuda, reciban tratamiento adecuado y menos sufran.\u00a0 El objetivo com\u00fan es\u00a0sensibilizar\u00a0a la poblaci\u00f3n mundial acerca de la\u2026","rel":"","context":"En &quot;Efem\u00e9rides de Salud Mental&quot;","img":{"alt_text":"","src":"https:\/\/i0.wp.com\/lafuente.mx\/wp-content\/uploads\/2023\/04\/10-mayo-23.jpg?fit=1200%2C985&ssl=1&resize=350%2C200","width":350,"height":200},"classes":[]},{"id":2270,"url":"https:\/\/lafuente.mx\/?p=2270","url_meta":{"origin":1225,"position":3},"title":"D\u00eda Mundial de la Salud Mental Materna","date":"mayo 1, 2024","format":false,"excerpt":"El D\u00eda Mundial de la Salud Mental Materna se lanz\u00f3 para\u00a0aumentar la conciencia acerca de los problemas de salud mental materna, con la finalidad\u00a0de que m\u00e1s mujeres busquen ayuda, reciban tratamiento adecuado y menos sufran.\u00a0 El objetivo com\u00fan es\u00a0sensibilizar\u00a0a la poblaci\u00f3n mundial acerca de la importancia de la salud mental\u2026","rel":"","context":"En &quot;Efem\u00e9rides de Salud Mental&quot;","img":{"alt_text":"pregnant, mom, child-775036.jpg","src":"https:\/\/i0.wp.com\/lafuente.mx\/wp-content\/uploads\/2024\/04\/pregnant-mom-child-775036.jpg?fit=1200%2C797&ssl=1&resize=350%2C200","width":350,"height":200},"classes":[]},{"id":2213,"url":"https:\/\/lafuente.mx\/?p=2213","url_meta":{"origin":1225,"position":4},"title":"T\u00e9 de mente","date":"abril 15, 2024","format":false,"excerpt":"Cuarto episodio Embarazo (parte 2) Ac\u00e9rcate un tecito\u00a0y continuemos\u00a0platicando\u00a0sobre\u00a0el embarazo. Hablemos de\u00a0la preeclampsia, la diabetes gestacional y la obesidad, sus implicaciones para la salud mental y las alternativas nutricionales para abordarlas. Segunda temporada Acomp\u00e1\u00f1anos en este viaje a trav\u00e9s de las etapas en la vida de la mujer, donde descubriremos\u2026","rel":"","context":"En &quot;Podcasts&quot;","img":{"alt_text":"pregnant, baby, love-2720434.jpg","src":"https:\/\/i0.wp.com\/lafuente.mx\/wp-content\/uploads\/2024\/04\/pregnant-baby-love-2720434.jpg?fit=1200%2C800&ssl=1&resize=350%2C200","width":350,"height":200},"classes":[]},{"id":2151,"url":"https:\/\/lafuente.mx\/?p=2151","url_meta":{"origin":1225,"position":5},"title":"T\u00e9 de mente","date":"abril 1, 2024","format":false,"excerpt":"Tercer episodio Embarazo (parte 1) Ven con tu tacita de t\u00e9 y platiquemos sobre el embarazo, sus mitos y creencias en relaci\u00f3n con la alimentaci\u00f3n, un factor protector para la salud f\u00edsica y mental de las madres y sus beb\u00e9s. Segunda temporada Acomp\u00e1\u00f1anos en este viaje a trav\u00e9s de las\u2026","rel":"","context":"En &quot;Podcasts&quot;","img":{"alt_text":"pregnancy, stomach, future mom-1000417.jpg","src":"https:\/\/i0.wp.com\/lafuente.mx\/wp-content\/uploads\/2024\/03\/pregnancy-stomach-future-mom-1000417.jpg?fit=1200%2C800&ssl=1&resize=350%2C200","width":350,"height":200},"classes":[]}],"jetpack_sharing_enabled":true,"jetpack_shortlink":"https:\/\/wp.me\/pe9WUx-jL","_links":{"self":[{"href":"https:\/\/lafuente.mx\/index.php?rest_route=\/wp\/v2\/posts\/1225"}],"collection":[{"href":"https:\/\/lafuente.mx\/index.php?rest_route=\/wp\/v2\/posts"}],"about":[{"href":"https:\/\/lafuente.mx\/index.php?rest_route=\/wp\/v2\/types\/post"}],"author":[{"embeddable":true,"href":"https:\/\/lafuente.mx\/index.php?rest_route=\/wp\/v2\/users\/3"}],"replies":[{"embeddable":true,"href":"https:\/\/lafuente.mx\/index.php?rest_route=%2Fwp%2Fv2%2Fcomments&post=1225"}],"version-history":[{"count":1,"href":"https:\/\/lafuente.mx\/index.php?rest_route=\/wp\/v2\/posts\/1225\/revisions"}],"predecessor-version":[{"id":1228,"href":"https:\/\/lafuente.mx\/index.php?rest_route=\/wp\/v2\/posts\/1225\/revisions\/1228"}],"wp:featuredmedia":[{"embeddable":true,"href":"https:\/\/lafuente.mx\/index.php?rest_route=\/wp\/v2\/media\/1227"}],"wp:attachment":[{"href":"https:\/\/lafuente.mx\/index.php?rest_route=%2Fwp%2Fv2%2Fmedia&parent=1225"}],"wp:term":[{"taxonomy":"category","embeddable":true,"href":"https:\/\/lafuente.mx\/index.php?rest_route=%2Fwp%2Fv2%2Fcategories&post=1225"},{"taxonomy":"post_tag","embeddable":true,"href":"https:\/\/lafuente.mx\/index.php?rest_route=%2Fwp%2Fv2%2Ftags&post=1225"}],"curies":[{"name":"wp","href":"https:\/\/api.w.org\/{rel}","templated":true}]}}