{"id":1206,"date":"2023-05-12T18:58:52","date_gmt":"2023-05-12T18:58:52","guid":{"rendered":"https:\/\/lafuente.mx\/?p=1206"},"modified":"2023-05-17T16:58:00","modified_gmt":"2023-05-17T16:58:00","slug":"borrador-automatico-en-mexico-dos-de-cada-10-mujeres-presentan-depresion-durante-el-embarazo-o-despues-del-parto","status":"publish","type":"post","link":"https:\/\/lafuente.mx\/?p=1206","title":{"rendered":"En M\u00e9xico, dos de cada diez mujeres presentan depresi\u00f3n durante el embarazo o despu\u00e9s del parto\u00a0"},"content":{"rendered":"\n<hr class=\"wp-block-separator has-text-color has-pale-pink-color has-alpha-channel-opacity has-pale-pink-background-color has-background\"\/>\n\n\n\n<p class=\"has-text-color\" style=\"color:#730000\">En M\u00e9xico, dos de cada 10 mujeres&nbsp;desarrollan&nbsp;depresi\u00f3n&nbsp;durante el embarazo y&nbsp;durante&nbsp;el primer a\u00f1o tras el parto,&nbsp;y 75 por ciento&nbsp;de ellas&nbsp;no son diagnosticadas, no&nbsp;reciben el tratamiento ni la atenci\u00f3n adecuada,&nbsp;inform\u00f3&nbsp;la investigadora en Ciencias M\u00e9dicas&nbsp;del&nbsp;Instituto Nacional de Psiquiatr\u00eda&nbsp;Ram\u00f3n de la Fuente Mu\u00f1iz (INPRFM), Laura Elena Navarrete Reyes.&nbsp;<\/p>\n\n\n\n<p class=\"has-text-color\" style=\"color:#730000\">Dijo que la falta de atenci\u00f3n afecta el&nbsp;desarrollo emocional, cognitivo y social de la o el beb\u00e9, as\u00ed como&nbsp;el apego&nbsp;madre-hijo, madre-hija. Esta situaci\u00f3n&nbsp;causa sufrimiento a las mujeres,&nbsp;quienes&nbsp;lo ocultan por desconocimiento&nbsp;y&nbsp;por temor a ser estigmatizadas.&nbsp;<\/p>\n\n\n\n<p class=\"has-text-color\" style=\"color:#730000\">Existen&nbsp;factores&nbsp;que aumentan el riesgo de&nbsp;desencadenar depresi\u00f3n&nbsp;como el bajonivel&nbsp;de escolaridad, desempleo, abortos previos, miedo al parto,&nbsp;embarazo no deseado,&nbsp;ser&nbsp;madre sola,&nbsp;mala relaci\u00f3n de pareja,&nbsp;violencia&nbsp;de g\u00e9nero, prenatal u&nbsp;obst\u00e9trica,&nbsp;o eventos estresantes en los \u00faltimos seis meses.&nbsp;&nbsp;<\/p>\n\n\n<div class=\"wp-block-image\">\n<figure class=\"aligncenter is-resized\"><img decoding=\"async\" loading=\"lazy\" src=\"https:\/\/i0.wp.com\/psicologiablu.es\/wp-content\/uploads\/2021\/03\/depresion_postparto.png?resize=640%2C360&#038;ssl=1\" alt=\"\" width=\"640\" height=\"360\" data-recalc-dims=\"1\" \/><\/figure><\/div>\n\n\n<p class=\"has-text-align-center has-cyan-bluish-gray-color has-text-color has-small-font-size\">Posted at 04:59h&nbsp;in&nbsp;<a href=\"https:\/\/psicologiablu.es\/category\/blog\/\">Blog<\/a>&nbsp;by&nbsp;<a href=\"https:\/\/psicologiablu.es\/author\/cristina\/\">Cristina<\/a>&nbsp;&nbsp;<\/p>\n\n\n\n<p><\/p>\n\n\n\n<p class=\"has-text-color\" style=\"color:#730000\">Otra causa&nbsp;de&nbsp;que las mujeres desarrollen depresi\u00f3n es enterarse de que tendr\u00e1 una ni\u00f1a, cuando&nbsp;el deseo&nbsp;por parte de la mam\u00e1, del pap\u00e1 o de ambos es quefuese hombre,&nbsp;o&nbsp;por el contrario, porque desearan una ni\u00f1a y es un ni\u00f1o.&nbsp;<\/p>\n\n\n\n<p class=\"has-text-color\" style=\"color:#730000\">En el&nbsp;contexto del&nbsp;D\u00eda&nbsp;de la Madre, la&nbsp;especialista explic\u00f3 que los s\u00edntomas&nbsp;de la depresi\u00f3n tienen que ver con tristeza, p\u00e9rdida de inter\u00e9s en cosas que antes&nbsp;realizaban, aumento o disminuci\u00f3n del apetito y de las horas de sue\u00f1o,sentimientos de culpa,&nbsp;dificultad para tomar decisiones&nbsp;o la&nbsp;idea de que&nbsp;su&nbsp;beb\u00e9podr\u00eda estar mejor sin ella.&nbsp;&nbsp;<\/p>\n\n\n\n<p class=\"has-text-color\" style=\"color:#730000\">Estas&nbsp;mujeres com\u00fanmente sienten desesperanza, ansiedad,&nbsp;que las circunstancias las rebasan,&nbsp;que son&nbsp;incapaces de ocuparse de las necesidades&nbsp;de su&nbsp;beb\u00e9 o&nbsp;que&nbsp;sus&nbsp;tareas&nbsp;son&nbsp;agobiantes. A veces experimentan sentimientos negativos por quienes les rodean, incluida&nbsp;a su hija e hijo.&nbsp; &nbsp;<\/p>\n\n\n\n<p class=\"has-text-color\" style=\"color:#730000\">La depresi\u00f3n en el embarazo ocasiona que no acudan&nbsp;a&nbsp;las&nbsp;citas&nbsp;m\u00e9dicasprenatales y&nbsp;no&nbsp;se alimenten&nbsp;de forma adecuada; esto&nbsp;afectar\u00e1&nbsp;el peso del beb\u00e9,puede provocar parto&nbsp;prematuro y&nbsp;dificultad&nbsp;en el proceso de crianza con&nbsp;consecuencias&nbsp;como diarrea, fiebre, problemas en el desarrollo motor,&nbsp;cognitivo,&nbsp;de&nbsp;lenguaje y social.&nbsp;<\/p>\n\n\n\n<hr class=\"wp-block-separator has-text-color has-pale-pink-color has-alpha-channel-opacity has-pale-pink-background-color has-background\"\/>\n\n\n\n<div class=\"wp-block-buttons is-layout-flex wp-block-buttons-is-layout-flex\">\n<div class=\"wp-block-button\"><a class=\"wp-block-button__link has-pale-pink-background-color has-background\" href=\"https:\/\/www.gob.mx\/salud\/prensa\/122-en-mexico-dos-de-cada-10-mujeres-presentan-depresion-durante-el-embarazo-o-despues-del-parto\" target=\"_blank\" rel=\"noreferrer noopener\">M\u00e1s informaci\u00f3n<\/a><\/div>\n<\/div>\n","protected":false},"excerpt":{"rendered":"<p>En M\u00e9xico, dos de cada 10 mujeres&nbsp;desarrollan&nbsp;depresi\u00f3n&nbsp;durante el embarazo y&nbsp;durante&nbsp;el primer a\u00f1o tras el parto,&nbsp;y 75 por ciento&nbsp;de ellas&nbsp;no son diagnosticadas, no&nbsp;reciben el tratamiento ni<\/p>\n","protected":false},"author":3,"featured_media":1207,"comment_status":"closed","ping_status":"closed","sticky":false,"template":"","format":"standard","meta":{"footnotes":"","jetpack_publicize_message":"","jetpack_is_tweetstorm":false,"jetpack_publicize_feature_enabled":true},"categories":[3],"tags":[120,248,21,146,204,263,264,32],"jetpack_publicize_connections":[],"yoast_head":"<!-- This site is optimized with the Yoast SEO plugin v19.4 - https:\/\/yoast.com\/wordpress\/plugins\/seo\/ -->\n<title>En M\u00e9xico, dos de cada diez mujeres presentan depresi\u00f3n durante el embarazo o despu\u00e9s del parto\u00a0 -<\/title>\n<meta name=\"description\" content=\"En M\u00e9xico, dos de cada 10 mujeres\u00a0desarrollan\u00a0depresi\u00f3n\u00a0durante el embarazo y\u00a0durante\u00a0el primer a\u00f1o tras el parto,\u00a0y 75 por ciento\u00a0de ellas\u00a0no son diagnosticadas, no\u00a0reciben el tratamiento ni la atenci\u00f3n adecuada\" \/>\n<meta name=\"robots\" content=\"index, follow, max-snippet:-1, max-image-preview:large, max-video-preview:-1\" \/>\n<link rel=\"canonical\" href=\"https:\/\/lafuente.mx\/?p=1206\" \/>\n<meta property=\"og:locale\" content=\"es_MX\" \/>\n<meta property=\"og:type\" content=\"article\" \/>\n<meta property=\"og:title\" content=\"En M\u00e9xico, dos de cada diez mujeres presentan depresi\u00f3n durante el embarazo o despu\u00e9s del parto\u00a0\" \/>\n<meta property=\"og:description\" content=\"En M\u00e9xico, dos de cada 10 mujeres\u00a0desarrollan\u00a0depresi\u00f3n\u00a0durante el embarazo y\u00a0durante\u00a0el primer a\u00f1o tras el parto,\u00a0y 75 por ciento\u00a0de ellas\u00a0no son diagnosticadas, no\u00a0reciben el tratamiento ni la atenci\u00f3n adecuada\" \/>\n<meta property=\"og:url\" content=\"https:\/\/lafuente.mx\/?p=1206\" \/>\n<meta property=\"article:published_time\" content=\"2023-05-12T18:58:52+00:00\" \/>\n<meta property=\"article:modified_time\" content=\"2023-05-17T16:58:00+00:00\" \/>\n<meta property=\"og:image\" content=\"http:\/\/lafuente.mx\/wp-content\/uploads\/2023\/05\/depresion_postparto.png\" \/>\n\t<meta property=\"og:image:width\" content=\"2400\" \/>\n\t<meta property=\"og:image:height\" content=\"1350\" \/>\n\t<meta property=\"og:image:type\" content=\"image\/png\" \/>\n<meta name=\"author\" content=\"Claudia Gallardo\" \/>\n<meta name=\"twitter:card\" content=\"summary_large_image\" \/>\n<meta name=\"twitter:title\" content=\"En M\u00e9xico, dos de cada diez mujeres presentan depresi\u00f3n durante el embarazo o despu\u00e9s del parto\u00a0\" \/>\n<meta name=\"twitter:description\" content=\"En M\u00e9xico, dos de cada 10 mujeres\u00a0desarrollan\u00a0depresi\u00f3n\u00a0durante el embarazo y\u00a0durante\u00a0el primer a\u00f1o tras el parto,\u00a0y 75 por ciento\u00a0de ellas\u00a0no son diagnosticadas, no\u00a0reciben el tratamiento ni la atenci\u00f3n adecuada\" \/>\n<meta name=\"twitter:image\" content=\"https:\/\/i0.wp.com\/lafuente.mx\/wp-content\/uploads\/2023\/05\/depresion_postparto.png?fit=2400%2C1350&ssl=1\" \/>\n<meta name=\"twitter:label1\" content=\"Escrito por\" \/>\n\t<meta name=\"twitter:data1\" content=\"Claudia Gallardo\" \/>\n\t<meta name=\"twitter:label2\" content=\"Tiempo de lectura\" \/>\n\t<meta name=\"twitter:data2\" content=\"2 minutos\" \/>\n<script type=\"application\/ld+json\" class=\"yoast-schema-graph\">{\"@context\":\"https:\/\/schema.org\",\"@graph\":[{\"@type\":\"WebSite\",\"@id\":\"https:\/\/lafuente.mx\/#website\",\"url\":\"https:\/\/lafuente.mx\/\",\"name\":\"\",\"description\":\"Informaci\u00f3n confiable sobre salud mental\",\"potentialAction\":[{\"@type\":\"SearchAction\",\"target\":{\"@type\":\"EntryPoint\",\"urlTemplate\":\"https:\/\/lafuente.mx\/?s={search_term_string}\"},\"query-input\":\"required name=search_term_string\"}],\"inLanguage\":\"es-MX\"},{\"@type\":\"WebPage\",\"@id\":\"https:\/\/lafuente.mx\/?p=1206\",\"url\":\"https:\/\/lafuente.mx\/?p=1206\",\"name\":\"En M\u00e9xico, dos de cada diez mujeres presentan depresi\u00f3n durante el embarazo o despu\u00e9s del parto\u00a0 -\",\"isPartOf\":{\"@id\":\"https:\/\/lafuente.mx\/#website\"},\"datePublished\":\"2023-05-12T18:58:52+00:00\",\"dateModified\":\"2023-05-17T16:58:00+00:00\",\"author\":{\"@id\":\"https:\/\/lafuente.mx\/#\/schema\/person\/603f3aa8e2f6f7879021ab722d39d6b0\"},\"description\":\"En M\u00e9xico, dos de cada 10 mujeres\u00a0desarrollan\u00a0depresi\u00f3n\u00a0durante el embarazo y\u00a0durante\u00a0el primer a\u00f1o tras el parto,\u00a0y 75 por ciento\u00a0de ellas\u00a0no son diagnosticadas, no\u00a0reciben el tratamiento ni la atenci\u00f3n adecuada\",\"breadcrumb\":{\"@id\":\"https:\/\/lafuente.mx\/?p=1206#breadcrumb\"},\"inLanguage\":\"es-MX\",\"potentialAction\":[{\"@type\":\"ReadAction\",\"target\":[\"https:\/\/lafuente.mx\/?p=1206\"]}]},{\"@type\":\"BreadcrumbList\",\"@id\":\"https:\/\/lafuente.mx\/?p=1206#breadcrumb\",\"itemListElement\":[{\"@type\":\"ListItem\",\"position\":1,\"name\":\"Inicio\",\"item\":\"https:\/\/lafuente.mx\/\"},{\"@type\":\"ListItem\",\"position\":2,\"name\":\"En M\u00e9xico, dos de cada diez mujeres presentan depresi\u00f3n durante el embarazo o despu\u00e9s del parto\u00a0\"}]},{\"@type\":\"Person\",\"@id\":\"https:\/\/lafuente.mx\/#\/schema\/person\/603f3aa8e2f6f7879021ab722d39d6b0\",\"name\":\"Claudia Gallardo\",\"image\":{\"@type\":\"ImageObject\",\"inLanguage\":\"es-MX\",\"@id\":\"https:\/\/lafuente.mx\/#\/schema\/person\/image\/\",\"url\":\"https:\/\/secure.gravatar.com\/avatar\/bfe9c966af1ccfb9d17bcdb9d04e8815?s=96&d=mm&r=g\",\"contentUrl\":\"https:\/\/secure.gravatar.com\/avatar\/bfe9c966af1ccfb9d17bcdb9d04e8815?s=96&d=mm&r=g\",\"caption\":\"Claudia Gallardo\"},\"url\":\"https:\/\/lafuente.mx\/?author=3\"}]}<\/script>\n<!-- \/ Yoast SEO plugin. -->","yoast_head_json":{"title":"En M\u00e9xico, dos de cada diez mujeres presentan depresi\u00f3n durante el embarazo o despu\u00e9s del parto\u00a0 -","description":"En M\u00e9xico, dos de cada 10 mujeres\u00a0desarrollan\u00a0depresi\u00f3n\u00a0durante el embarazo y\u00a0durante\u00a0el primer a\u00f1o tras el parto,\u00a0y 75 por ciento\u00a0de ellas\u00a0no son diagnosticadas, no\u00a0reciben el tratamiento ni la atenci\u00f3n adecuada","robots":{"index":"index","follow":"follow","max-snippet":"max-snippet:-1","max-image-preview":"max-image-preview:large","max-video-preview":"max-video-preview:-1"},"canonical":"https:\/\/lafuente.mx\/?p=1206","og_locale":"es_MX","og_type":"article","og_title":"En M\u00e9xico, dos de cada diez mujeres presentan depresi\u00f3n durante el embarazo o despu\u00e9s del parto\u00a0","og_description":"En M\u00e9xico, dos de cada 10 mujeres\u00a0desarrollan\u00a0depresi\u00f3n\u00a0durante el embarazo y\u00a0durante\u00a0el primer a\u00f1o tras el parto,\u00a0y 75 por ciento\u00a0de ellas\u00a0no son diagnosticadas, no\u00a0reciben el tratamiento ni la atenci\u00f3n adecuada","og_url":"https:\/\/lafuente.mx\/?p=1206","article_published_time":"2023-05-12T18:58:52+00:00","article_modified_time":"2023-05-17T16:58:00+00:00","og_image":[{"width":2400,"height":1350,"url":"http:\/\/lafuente.mx\/wp-content\/uploads\/2023\/05\/depresion_postparto.png","type":"image\/png"}],"author":"Claudia Gallardo","twitter_card":"summary_large_image","twitter_title":"En M\u00e9xico, dos de cada diez mujeres presentan depresi\u00f3n durante el embarazo o despu\u00e9s del parto\u00a0","twitter_description":"En M\u00e9xico, dos de cada 10 mujeres\u00a0desarrollan\u00a0depresi\u00f3n\u00a0durante el embarazo y\u00a0durante\u00a0el primer a\u00f1o tras el parto,\u00a0y 75 por ciento\u00a0de ellas\u00a0no son diagnosticadas, no\u00a0reciben el tratamiento ni la atenci\u00f3n adecuada","twitter_image":"https:\/\/i0.wp.com\/lafuente.mx\/wp-content\/uploads\/2023\/05\/depresion_postparto.png?fit=2400%2C1350&ssl=1","twitter_misc":{"Escrito por":"Claudia Gallardo","Tiempo de lectura":"2 minutos"},"schema":{"@context":"https:\/\/schema.org","@graph":[{"@type":"WebSite","@id":"https:\/\/lafuente.mx\/#website","url":"https:\/\/lafuente.mx\/","name":"","description":"Informaci\u00f3n confiable sobre salud mental","potentialAction":[{"@type":"SearchAction","target":{"@type":"EntryPoint","urlTemplate":"https:\/\/lafuente.mx\/?s={search_term_string}"},"query-input":"required name=search_term_string"}],"inLanguage":"es-MX"},{"@type":"WebPage","@id":"https:\/\/lafuente.mx\/?p=1206","url":"https:\/\/lafuente.mx\/?p=1206","name":"En M\u00e9xico, dos de cada diez mujeres presentan depresi\u00f3n durante el embarazo o despu\u00e9s del parto\u00a0 -","isPartOf":{"@id":"https:\/\/lafuente.mx\/#website"},"datePublished":"2023-05-12T18:58:52+00:00","dateModified":"2023-05-17T16:58:00+00:00","author":{"@id":"https:\/\/lafuente.mx\/#\/schema\/person\/603f3aa8e2f6f7879021ab722d39d6b0"},"description":"En M\u00e9xico, dos de cada 10 mujeres\u00a0desarrollan\u00a0depresi\u00f3n\u00a0durante el embarazo y\u00a0durante\u00a0el primer a\u00f1o tras el parto,\u00a0y 75 por ciento\u00a0de ellas\u00a0no son diagnosticadas, no\u00a0reciben el tratamiento ni la atenci\u00f3n adecuada","breadcrumb":{"@id":"https:\/\/lafuente.mx\/?p=1206#breadcrumb"},"inLanguage":"es-MX","potentialAction":[{"@type":"ReadAction","target":["https:\/\/lafuente.mx\/?p=1206"]}]},{"@type":"BreadcrumbList","@id":"https:\/\/lafuente.mx\/?p=1206#breadcrumb","itemListElement":[{"@type":"ListItem","position":1,"name":"Inicio","item":"https:\/\/lafuente.mx\/"},{"@type":"ListItem","position":2,"name":"En M\u00e9xico, dos de cada diez mujeres presentan depresi\u00f3n durante el embarazo o despu\u00e9s del parto\u00a0"}]},{"@type":"Person","@id":"https:\/\/lafuente.mx\/#\/schema\/person\/603f3aa8e2f6f7879021ab722d39d6b0","name":"Claudia Gallardo","image":{"@type":"ImageObject","inLanguage":"es-MX","@id":"https:\/\/lafuente.mx\/#\/schema\/person\/image\/","url":"https:\/\/secure.gravatar.com\/avatar\/bfe9c966af1ccfb9d17bcdb9d04e8815?s=96&d=mm&r=g","contentUrl":"https:\/\/secure.gravatar.com\/avatar\/bfe9c966af1ccfb9d17bcdb9d04e8815?s=96&d=mm&r=g","caption":"Claudia Gallardo"},"url":"https:\/\/lafuente.mx\/?author=3"}]}},"jetpack_featured_media_url":"https:\/\/i0.wp.com\/lafuente.mx\/wp-content\/uploads\/2023\/05\/depresion_postparto.png?fit=2400%2C1350&ssl=1","jetpack-related-posts":[{"id":2327,"url":"https:\/\/lafuente.mx\/?p=2327","url_meta":{"origin":1206,"position":0},"title":"Cuidados emocionales para futuras mam\u00e1s. C\u00f3mo prevenir la depresi\u00f3n y la ansiedad en el embarazo y posparto\u00a0","date":"mayo 29, 2024","format":false,"excerpt":"Mar\u00eda Asunci\u00f3n Lara Teresa Garc\u00eda Hubard\u00a0 Colecci\u00f3n: Desarrollo humano\u00a0 EAN: 9786077135791\u00a0 ISBN: 9786077135791\u00a0 P\u00e1ginas: 208\u00a0 Fecha publicaci\u00f3n: 05-02-2024\u00a0 Un libro para experimentar el antes y el despu\u00e9s del embarazo con salud mental, ya que brinda a la futura mam\u00e1 los conocimientos y cuidados para prevenir la depresi\u00f3n y la ansiedad,\u2026","rel":"","context":"En &quot;Publicaciones&quot;","img":{"alt_text":"","src":"https:\/\/i0.wp.com\/lafuente.mx\/wp-content\/uploads\/2024\/05\/Captura-de-pantalla-2024-05-28-a-las-14.15.16.png?fit=881%2C1200&ssl=1&resize=350%2C200","width":350,"height":200},"classes":[]},{"id":2249,"url":"https:\/\/lafuente.mx\/?p=2249","url_meta":{"origin":1206,"position":1},"title":"Salud mental perinatal: el punto de partida de nuestra salud mental\u00a0","date":"abril 26, 2024","format":false,"excerpt":"M\u00f3nica Flores-Ramos 1 , Philippe Leff-Gelman 2\u00a0 1 Instituto Nacional de Psiquiatr\u00eda Ram\u00f3n de la Fuente Mu\u00f1iz, Ciudad de M\u00e9xico, M\u00e9xico.\u00a0 2 Instituto Nacional de Perinatolog\u00eda Isidro Espinosa de los Reyes, Ciudad de M\u00e9xico, M\u00e9xico.\u00a0 La complejidad de cuidar dos mentes al mismo tiempo ocurre cuando una futura madre est\u00e1,\u2026","rel":"","context":"En &quot;Revista Salud Mental&quot;","img":{"alt_text":"","src":"https:\/\/i0.wp.com\/lafuente.mx\/wp-content\/uploads\/2024\/04\/Octavo-mes-de-embarazo-sintomas.jpg.webp?fit=848%2C565&ssl=1&resize=350%2C200","width":350,"height":200},"classes":[]},{"id":3150,"url":"https:\/\/lafuente.mx\/?p=3150","url_meta":{"origin":1206,"position":2},"title":"Prevenci\u00f3n de la depresi\u00f3n posparto","date":"agosto 14, 2025","format":false,"excerpt":"Del 22 de septiembre al 23 de noviembre de 2025 Coordinan: Dra. Ma. Asunci\u00f3n Lara Cant\u00faMtra. en Psic. Erica Medina Serd\u00e1n Dirigido a: Profesionales de la salud y disciplinas psicosociales. Preferentemente con experiencia en el manejo de grupos y conocimientos de psicopatolog\u00eda, estudios sobre la mujer y de g\u00e9nero. Objetivo:\u2026","rel":"","context":"En &quot;Cursos&quot;","img":{"alt_text":"","src":"https:\/\/i0.wp.com\/lafuente.mx\/wp-content\/uploads\/2025\/08\/Depresion-postparto.jpg?fit=759%2C573&ssl=1&resize=350%2C200","width":350,"height":200},"classes":[]},{"id":972,"url":"https:\/\/lafuente.mx\/?p=972","url_meta":{"origin":1206,"position":3},"title":"Prevenci\u00f3n de la depresi\u00f3n posparto\u00a0","date":"marzo 28, 2023","format":false,"excerpt":"Del 15 de mayo al 10 de julio, 2023\u00a0 \u00bfEres profesional de la salud o ciencias sociales y atiendes a mujeres embarazadas o que han dado a luz recientemente? \u00bfNecesitas herramientas pr\u00e1cticas y efectivas para ense\u00f1arles a manejar sus s\u00edntomas emocionales perinatales y situaciones de estr\u00e9s?\u00a0 Coordinadora Acad\u00e9mica: Dra. Ma.\u2026","rel":"","context":"En &quot;Cursos en l\u00ednea&quot;","img":{"alt_text":"","src":"https:\/\/i0.wp.com\/lafuente.mx\/wp-content\/uploads\/2023\/03\/mama-bb.jpeg?fit=1200%2C628&ssl=1&resize=350%2C200","width":350,"height":200},"classes":[]},{"id":2374,"url":"https:\/\/lafuente.mx\/?p=2374","url_meta":{"origin":1206,"position":4},"title":"Prevenci\u00f3n de la depresi\u00f3n en mujeres\u00a0","date":"junio 21, 2024","format":false,"excerpt":"CURSO EN L\u00cdNEA Del 5 de agosto al 6 de octubre, 2024\u00a0 Coordinadora acad\u00e9mica: Dra. Ma. Asunci\u00f3n Lara Cant\u00fa\u00a0\u00a0\u00a0 Profesora: Mtra. en Psic. Maricarmen Acevedo Corona\u00a0\u00a0\u00a0 Dirigido a: Profesionales de la salud y afines. Preferentemente con experiencia en el manejo de grupos y conocimientos de psicopatolog\u00eda, estudios sobre la mujer\u2026","rel":"","context":"En &quot;Cursos&quot;","img":{"alt_text":"digital drawing, woman, sadness-4302943.jpg","src":"https:\/\/i0.wp.com\/lafuente.mx\/wp-content\/uploads\/2024\/06\/digital-drawing-woman-sadness-4302943.jpg?fit=1200%2C796&ssl=1&resize=350%2C200","width":350,"height":200},"classes":[]},{"id":1741,"url":"https:\/\/lafuente.mx\/?p=1741","url_meta":{"origin":1206,"position":5},"title":"Prevenci\u00f3n de la depresi\u00f3n posparto\u00a0","date":"septiembre 29, 2023","format":false,"excerpt":"Curso en l\u00ednea\u00a0 Del 9 de octubre al 8 de diciembre, 2023\u00a0 Coordinadora Acad\u00e9mica: Dra. Ma. Asunci\u00f3n Lara Cant\u00fa Tutora: Mtra. en Psic. Erica Medina Serd\u00e1n\u00a0 Dirigido a: Profesionales de la salud y afines. Preferentemente con experiencia en el manejo de grupos y conocimientos de psicopatolog\u00eda, estudios sobre la mujer\u2026","rel":"","context":"En &quot;Cursos&quot;","img":{"alt_text":"","src":"https:\/\/i0.wp.com\/lafuente.mx\/wp-content\/uploads\/2023\/09\/depre-Postparto.webp?fit=840%2C560&ssl=1&resize=350%2C200","width":350,"height":200},"classes":[]}],"jetpack_sharing_enabled":true,"jetpack_shortlink":"https:\/\/wp.me\/pe9WUx-js","_links":{"self":[{"href":"https:\/\/lafuente.mx\/index.php?rest_route=\/wp\/v2\/posts\/1206"}],"collection":[{"href":"https:\/\/lafuente.mx\/index.php?rest_route=\/wp\/v2\/posts"}],"about":[{"href":"https:\/\/lafuente.mx\/index.php?rest_route=\/wp\/v2\/types\/post"}],"author":[{"embeddable":true,"href":"https:\/\/lafuente.mx\/index.php?rest_route=\/wp\/v2\/users\/3"}],"replies":[{"embeddable":true,"href":"https:\/\/lafuente.mx\/index.php?rest_route=%2Fwp%2Fv2%2Fcomments&post=1206"}],"version-history":[{"count":3,"href":"https:\/\/lafuente.mx\/index.php?rest_route=\/wp\/v2\/posts\/1206\/revisions"}],"predecessor-version":[{"id":1214,"href":"https:\/\/lafuente.mx\/index.php?rest_route=\/wp\/v2\/posts\/1206\/revisions\/1214"}],"wp:featuredmedia":[{"embeddable":true,"href":"https:\/\/lafuente.mx\/index.php?rest_route=\/wp\/v2\/media\/1207"}],"wp:attachment":[{"href":"https:\/\/lafuente.mx\/index.php?rest_route=%2Fwp%2Fv2%2Fmedia&parent=1206"}],"wp:term":[{"taxonomy":"category","embeddable":true,"href":"https:\/\/lafuente.mx\/index.php?rest_route=%2Fwp%2Fv2%2Fcategories&post=1206"},{"taxonomy":"post_tag","embeddable":true,"href":"https:\/\/lafuente.mx\/index.php?rest_route=%2Fwp%2Fv2%2Ftags&post=1206"}],"curies":[{"name":"wp","href":"https:\/\/api.w.org\/{rel}","templated":true}]}}