{"id":1187,"date":"2023-05-02T08:02:00","date_gmt":"2023-05-02T08:02:00","guid":{"rendered":"https:\/\/lafuente.mx\/?p=1187"},"modified":"2023-05-15T16:38:31","modified_gmt":"2023-05-15T16:38:31","slug":"borrador-automatico-prevalencia-de-sintomatologia-y-factores-de-riesgo-en-salud-mental-en-mexico","status":"publish","type":"post","link":"https:\/\/lafuente.mx\/?p=1187","title":{"rendered":"Prevalencia de sintomatolog\u00eda y factores de riesgo en salud mental en M\u00e9xico: la cohorte ENCODAT 2016-17\u00a0"},"content":{"rendered":"\n<hr class=\"wp-block-separator has-text-color has-alpha-channel-opacity has-background\" style=\"background-color:#147652;color:#147652\"\/>\n\n\n<div class=\"wp-block-image\">\n<figure class=\"aligncenter size-large is-resized\"><img decoding=\"async\" loading=\"lazy\" src=\"https:\/\/i0.wp.com\/lafuente.mx\/wp-content\/uploads\/2023\/05\/WhatsApp-Image-2023-05-15-at-10.36.19-AM-721x1024.jpeg?resize=640%2C906&#038;ssl=1\" alt=\"\" class=\"wp-image-1221\" width=\"640\" height=\"906\" data-recalc-dims=\"1\" \/><\/figure><\/div>\n\n\n<p class=\"has-medium-font-size\"><strong>Por&nbsp;Mar\u00eda Elena Medina Mora1,2,3&nbsp;,Alma Delia Genis-Mendoza4,5,*,Jorge Ameth Villatoro Vel\u00e1zquez 1,6&nbsp;, Marycarmen Bustos-Gami\u00f1o 6&nbsp;, Clara Fleiz Bautista 1,6&nbsp;, Beatriz Camarena 7&nbsp;, Jos\u00e9 Jaime Mart\u00ednez-Maga\u00f1a 4&nbsp;yHumberto Nicolini 4,*<\/strong>&nbsp;<\/p>\n\n\n\n<p class=\"has-small-font-size\"><strong>1<\/strong>&nbsp; Seminario de Estudios Globales, Facultad de Medicina, Universidad Nacional Aut\u00f3noma de M\u00e9xico (UNAM), Ciudad de M\u00e9xico 04510, M\u00e9xico&nbsp;<\/p>\n\n\n\n<p class=\"has-small-font-size\">2&nbsp; Director, Facultad de Psicolog\u00eda, Universidad Nacional Aut\u00f3noma de M\u00e9xico (UNAM), Ciudad de M\u00e9xico 04510, M\u00e9xico&nbsp;<\/p>\n\n\n\n<p class=\"has-small-font-size\">3&nbsp; Centro de Investigaci\u00f3n en Salud Mental Global INPRFM UNAM, Ciudad de M\u00e9xico 04510, M\u00e9xico&nbsp;<\/p>\n\n\n\n<p class=\"has-small-font-size\">4&nbsp; Laboratorio de Gen\u00f3mica de Enfermedades Psiqui\u00e1tricas y Neurodegenerativas, Instituto Nacional de Medicina Gen\u00f3mica (INMEGEN), Ciudad de M\u00e9xico 14610, M\u00e9xico&nbsp;<\/p>\n\n\n\n<p class=\"has-small-font-size\">5&nbsp; Hospital Psiqui\u00e1trico de Ni\u00f1os Juan N. Navarro, Servicios de Atenci\u00f3n Psiqui\u00e1trica, Ciudad de M\u00e9xico 14080, M\u00e9xico&nbsp;<\/p>\n\n\n\n<p class=\"has-small-font-size\">6&nbsp; Unidad de An\u00e1lisis y Encuesta de Datos, Instituto Nacional de Psiquiatr\u00eda Ram\u00f3n de la Fuente Mu\u00f1iz (INPRFM), Ciudad de M\u00e9xico 14370, M\u00e9xico&nbsp;<\/p>\n\n\n\n<p class=\"has-small-font-size\">7&nbsp; Departamento de Farmacogen\u00e9tica, Instituto Nacional de Psiquiatr\u00eda Ram\u00f3n de la Fuente Mu\u00f1iz (INPRFM), Ciudad de M\u00e9xico 14370, M\u00e9xico&nbsp;<\/p>\n\n\n\n<p><strong>*<\/strong>&nbsp;<strong>Autores a quienes debe dirigirse la correspondencia.<\/strong>&nbsp;<\/p>\n\n\n\n<p class=\"has-text-color has-small-font-size\" style=\"color:#187855\">En t.&nbsp;J. Medio Ambiente.&nbsp;Res.&nbsp;Salud P\u00fablica&nbsp;2023&nbsp;,&nbsp;20&nbsp;(4), 3109;&nbsp; https:\/\/doi.org\/10.3390\/ijerph20043109<\/p>\n\n\n\n<hr class=\"wp-block-separator has-text-color has-alpha-channel-opacity has-background is-style-wide\" style=\"background-color:#04744b;color:#04744b\"\/>\n\n\n\n<p class=\"has-text-color has-large-font-size\" style=\"color:#074830\"><strong>Abstracto<\/strong>&nbsp;<\/p>\n\n\n\n<p class=\"has-text-color\" style=\"color:#09583b\">Existe poca informaci\u00f3n reciente sobre la prevalencia de sintomatolog\u00eda de los trastornos de salud mental en muestras poblacionales representativas en M\u00e9xico.&nbsp;<\/p>\n\n\n\n<p class=\"has-text-color\" style=\"color:#09583b\">Para determinar la prevalencia de s\u00edntomas de salud mental en M\u00e9xico y su comorbilidad con el trastorno por consumo de tabaco, alcohol y drogas (TUS), utilizamos la Encuesta Nacional de Consumo de Drogas, Alcohol y Tabaco 2016-17 (Encuesta Nacional de Consumo de Drogas, Alcohol y Tabaco, ENCODAT 2016\u20132017).&nbsp;Los datos fueron recolectados de los hogares mediante un dise\u00f1o transversal, estratificado, multiet\u00e1pico, con un nivel de confianza del 90% y una tasa de respuesta del 73,6%.&nbsp;<\/p>\n\n\n\n<p class=\"has-text-color\" style=\"color:#09583b\">La muestra final incluy\u00f3 56 877 entrevistas completas de personas de 12 a 65 a\u00f1os, con una submuestra de 13 130 que respondieron la secci\u00f3n sobre salud mental.&nbsp;S\u00edntomas de man\u00eda e hipoman\u00eda (7,9%), depresi\u00f3n (6,4%) y estr\u00e9s postraum\u00e1tico (5.&nbsp;7%) fueron los tres principales problemas reportados.&nbsp;De esta submuestra, el 56,7 % inform\u00f3 usar una droga legal o ilegal sin SUD, el 5,4 % inform\u00f3 SUD en alg\u00fan momento con alcohol, el 0,8 % con tabaco y el 1,3 % con drogas m\u00e9dicas o ilegales, el 15,9 % inform\u00f3 s\u00edntomas relacionados con la salud mental y 2,9% de comorbilidad.&nbsp;La prevalencia encontrada es consistente con lo reportado en estudios previos, excepto por un aumento del estr\u00e9s postraum\u00e1tico, que es consistente con el aumento de trauma en el pa\u00eds.&nbsp;<\/p>\n\n\n\n<div class=\"wp-block-buttons is-layout-flex wp-block-buttons-is-layout-flex\">\n<div class=\"wp-block-button\"><a class=\"wp-block-button__link has-background\" href=\"\" style=\"background-color:#004d01\" target=\"_blank\" rel=\"noreferrer noopener\">M\u00e1s informaci\u00f3n<\/a><\/div>\n<\/div>\n","protected":false},"excerpt":{"rendered":"<p>Por&nbsp;Mar\u00eda Elena Medina Mora1,2,3&nbsp;,Alma Delia Genis-Mendoza4,5,*,Jorge Ameth Villatoro Vel\u00e1zquez 1,6&nbsp;, Marycarmen Bustos-Gami\u00f1o 6&nbsp;, Clara Fleiz Bautista 1,6&nbsp;, Beatriz Camarena 7&nbsp;, Jos\u00e9 Jaime Mart\u00ednez-Maga\u00f1a 4&nbsp;yHumberto Nicolini<\/p>\n","protected":false},"author":3,"featured_media":1221,"comment_status":"closed","ping_status":"closed","sticky":false,"template":"","format":"standard","meta":{"footnotes":"","jetpack_publicize_message":"","jetpack_is_tweetstorm":false,"jetpack_publicize_feature_enabled":true},"categories":[10],"tags":[256,21,255,103,33,32],"jetpack_publicize_connections":[],"yoast_head":"<!-- This site is optimized with the Yoast SEO plugin v19.4 - https:\/\/yoast.com\/wordpress\/plugins\/seo\/ -->\n<title>Prevalencia de sintomatolog\u00eda y factores de riesgo en salud mental en M\u00e9xico: la cohorte ENCODAT 2016-17\u00a0 -<\/title>\n<meta name=\"robots\" content=\"index, follow, max-snippet:-1, max-image-preview:large, max-video-preview:-1\" \/>\n<link rel=\"canonical\" href=\"https:\/\/lafuente.mx\/?p=1187\" \/>\n<meta property=\"og:locale\" content=\"es_MX\" \/>\n<meta property=\"og:type\" content=\"article\" \/>\n<meta property=\"og:title\" content=\"Prevalencia de sintomatolog\u00eda y factores de riesgo en salud mental en M\u00e9xico\" \/>\n<meta property=\"og:description\" content=\"Existe poca informaci\u00f3n reciente sobre la prevalencia de sintomatolog\u00eda de los trastornos de salud mental en muestras poblacionales representativas en M\u00e9xico\" \/>\n<meta property=\"og:url\" content=\"https:\/\/lafuente.mx\/?p=1187\" \/>\n<meta property=\"article:published_time\" content=\"2023-05-02T08:02:00+00:00\" \/>\n<meta property=\"article:modified_time\" content=\"2023-05-15T16:38:31+00:00\" \/>\n<meta property=\"og:image\" content=\"http:\/\/lafuente.mx\/wp-content\/uploads\/2023\/05\/WhatsApp-Image-2023-05-15-at-10.36.19-AM.jpeg\" \/>\n\t<meta property=\"og:image:width\" content=\"1127\" \/>\n\t<meta property=\"og:image:height\" content=\"1600\" \/>\n\t<meta property=\"og:image:type\" content=\"image\/jpeg\" \/>\n<meta name=\"author\" content=\"Claudia Gallardo\" \/>\n<meta name=\"twitter:card\" content=\"summary_large_image\" \/>\n<meta name=\"twitter:title\" content=\"Prevalencia de sintomatolog\u00eda y factores de riesgo en salud mental en M\u00e9xico\" \/>\n<meta name=\"twitter:description\" content=\"Existe poca informaci\u00f3n reciente sobre la prevalencia de sintomatolog\u00eda de los trastornos de salud mental en muestras poblacionales representativas en M\u00e9xico\" \/>\n<meta name=\"twitter:image\" content=\"https:\/\/i0.wp.com\/lafuente.mx\/wp-content\/uploads\/2023\/05\/WhatsApp-Image-2023-05-15-at-10.36.19-AM.jpeg?fit=1127%2C1600&ssl=1\" \/>\n<meta name=\"twitter:label1\" content=\"Escrito por\" \/>\n\t<meta name=\"twitter:data1\" content=\"Claudia Gallardo\" \/>\n\t<meta name=\"twitter:label2\" content=\"Tiempo de lectura\" \/>\n\t<meta name=\"twitter:data2\" content=\"3 minutos\" \/>\n<script type=\"application\/ld+json\" class=\"yoast-schema-graph\">{\"@context\":\"https:\/\/schema.org\",\"@graph\":[{\"@type\":\"WebSite\",\"@id\":\"https:\/\/lafuente.mx\/#website\",\"url\":\"https:\/\/lafuente.mx\/\",\"name\":\"\",\"description\":\"Informaci\u00f3n confiable sobre salud mental\",\"potentialAction\":[{\"@type\":\"SearchAction\",\"target\":{\"@type\":\"EntryPoint\",\"urlTemplate\":\"https:\/\/lafuente.mx\/?s={search_term_string}\"},\"query-input\":\"required name=search_term_string\"}],\"inLanguage\":\"es-MX\"},{\"@type\":\"WebPage\",\"@id\":\"https:\/\/lafuente.mx\/?p=1187\",\"url\":\"https:\/\/lafuente.mx\/?p=1187\",\"name\":\"Prevalencia de sintomatolog\u00eda y factores de riesgo en salud mental en M\u00e9xico: la cohorte ENCODAT 2016-17\u00a0 -\",\"isPartOf\":{\"@id\":\"https:\/\/lafuente.mx\/#website\"},\"datePublished\":\"2023-05-02T08:02:00+00:00\",\"dateModified\":\"2023-05-15T16:38:31+00:00\",\"author\":{\"@id\":\"https:\/\/lafuente.mx\/#\/schema\/person\/603f3aa8e2f6f7879021ab722d39d6b0\"},\"breadcrumb\":{\"@id\":\"https:\/\/lafuente.mx\/?p=1187#breadcrumb\"},\"inLanguage\":\"es-MX\",\"potentialAction\":[{\"@type\":\"ReadAction\",\"target\":[\"https:\/\/lafuente.mx\/?p=1187\"]}]},{\"@type\":\"BreadcrumbList\",\"@id\":\"https:\/\/lafuente.mx\/?p=1187#breadcrumb\",\"itemListElement\":[{\"@type\":\"ListItem\",\"position\":1,\"name\":\"Inicio\",\"item\":\"https:\/\/lafuente.mx\/\"},{\"@type\":\"ListItem\",\"position\":2,\"name\":\"Prevalencia de sintomatolog\u00eda y factores de riesgo en salud mental en M\u00e9xico: la cohorte ENCODAT 2016-17\u00a0\"}]},{\"@type\":\"Person\",\"@id\":\"https:\/\/lafuente.mx\/#\/schema\/person\/603f3aa8e2f6f7879021ab722d39d6b0\",\"name\":\"Claudia Gallardo\",\"image\":{\"@type\":\"ImageObject\",\"inLanguage\":\"es-MX\",\"@id\":\"https:\/\/lafuente.mx\/#\/schema\/person\/image\/\",\"url\":\"https:\/\/secure.gravatar.com\/avatar\/bfe9c966af1ccfb9d17bcdb9d04e8815?s=96&d=mm&r=g\",\"contentUrl\":\"https:\/\/secure.gravatar.com\/avatar\/bfe9c966af1ccfb9d17bcdb9d04e8815?s=96&d=mm&r=g\",\"caption\":\"Claudia Gallardo\"},\"url\":\"https:\/\/lafuente.mx\/?author=3\"}]}<\/script>\n<!-- \/ Yoast SEO plugin. -->","yoast_head_json":{"title":"Prevalencia de sintomatolog\u00eda y factores de riesgo en salud mental en M\u00e9xico: la cohorte ENCODAT 2016-17\u00a0 -","robots":{"index":"index","follow":"follow","max-snippet":"max-snippet:-1","max-image-preview":"max-image-preview:large","max-video-preview":"max-video-preview:-1"},"canonical":"https:\/\/lafuente.mx\/?p=1187","og_locale":"es_MX","og_type":"article","og_title":"Prevalencia de sintomatolog\u00eda y factores de riesgo en salud mental en M\u00e9xico","og_description":"Existe poca informaci\u00f3n reciente sobre la prevalencia de sintomatolog\u00eda de los trastornos de salud mental en muestras poblacionales representativas en M\u00e9xico","og_url":"https:\/\/lafuente.mx\/?p=1187","article_published_time":"2023-05-02T08:02:00+00:00","article_modified_time":"2023-05-15T16:38:31+00:00","og_image":[{"width":1127,"height":1600,"url":"http:\/\/lafuente.mx\/wp-content\/uploads\/2023\/05\/WhatsApp-Image-2023-05-15-at-10.36.19-AM.jpeg","type":"image\/jpeg"}],"author":"Claudia Gallardo","twitter_card":"summary_large_image","twitter_title":"Prevalencia de sintomatolog\u00eda y factores de riesgo en salud mental en M\u00e9xico","twitter_description":"Existe poca informaci\u00f3n reciente sobre la prevalencia de sintomatolog\u00eda de los trastornos de salud mental en muestras poblacionales representativas en M\u00e9xico","twitter_image":"https:\/\/i0.wp.com\/lafuente.mx\/wp-content\/uploads\/2023\/05\/WhatsApp-Image-2023-05-15-at-10.36.19-AM.jpeg?fit=1127%2C1600&ssl=1","twitter_misc":{"Escrito por":"Claudia Gallardo","Tiempo de lectura":"3 minutos"},"schema":{"@context":"https:\/\/schema.org","@graph":[{"@type":"WebSite","@id":"https:\/\/lafuente.mx\/#website","url":"https:\/\/lafuente.mx\/","name":"","description":"Informaci\u00f3n confiable sobre salud mental","potentialAction":[{"@type":"SearchAction","target":{"@type":"EntryPoint","urlTemplate":"https:\/\/lafuente.mx\/?s={search_term_string}"},"query-input":"required name=search_term_string"}],"inLanguage":"es-MX"},{"@type":"WebPage","@id":"https:\/\/lafuente.mx\/?p=1187","url":"https:\/\/lafuente.mx\/?p=1187","name":"Prevalencia de sintomatolog\u00eda y factores de riesgo en salud mental en M\u00e9xico: la cohorte ENCODAT 2016-17\u00a0 -","isPartOf":{"@id":"https:\/\/lafuente.mx\/#website"},"datePublished":"2023-05-02T08:02:00+00:00","dateModified":"2023-05-15T16:38:31+00:00","author":{"@id":"https:\/\/lafuente.mx\/#\/schema\/person\/603f3aa8e2f6f7879021ab722d39d6b0"},"breadcrumb":{"@id":"https:\/\/lafuente.mx\/?p=1187#breadcrumb"},"inLanguage":"es-MX","potentialAction":[{"@type":"ReadAction","target":["https:\/\/lafuente.mx\/?p=1187"]}]},{"@type":"BreadcrumbList","@id":"https:\/\/lafuente.mx\/?p=1187#breadcrumb","itemListElement":[{"@type":"ListItem","position":1,"name":"Inicio","item":"https:\/\/lafuente.mx\/"},{"@type":"ListItem","position":2,"name":"Prevalencia de sintomatolog\u00eda y factores de riesgo en salud mental en M\u00e9xico: la cohorte ENCODAT 2016-17\u00a0"}]},{"@type":"Person","@id":"https:\/\/lafuente.mx\/#\/schema\/person\/603f3aa8e2f6f7879021ab722d39d6b0","name":"Claudia Gallardo","image":{"@type":"ImageObject","inLanguage":"es-MX","@id":"https:\/\/lafuente.mx\/#\/schema\/person\/image\/","url":"https:\/\/secure.gravatar.com\/avatar\/bfe9c966af1ccfb9d17bcdb9d04e8815?s=96&d=mm&r=g","contentUrl":"https:\/\/secure.gravatar.com\/avatar\/bfe9c966af1ccfb9d17bcdb9d04e8815?s=96&d=mm&r=g","caption":"Claudia Gallardo"},"url":"https:\/\/lafuente.mx\/?author=3"}]}},"jetpack_featured_media_url":"https:\/\/i0.wp.com\/lafuente.mx\/wp-content\/uploads\/2023\/05\/WhatsApp-Image-2023-05-15-at-10.36.19-AM.jpeg?fit=1127%2C1600&ssl=1","jetpack-related-posts":[{"id":2322,"url":"https:\/\/lafuente.mx\/?p=2322","url_meta":{"origin":1187,"position":0},"title":"Factores predictivos de conductas suicidas en estudiantes universitarios de la regi\u00f3n centro-norte de M\u00e9xico\u00a0","date":"mayo 28, 2024","format":false,"excerpt":"Yolanda Ba\u00f1uelos Barrera,1\u00a0Nancy GriseldaP\u00e9rez Briones,2\u00a0Perla Mar\u00edaTrejo Ortiz,3\u00a0Braulio Josu\u00e9Lara Reyes,2\u00a0Elo\u00ednaRuiz S\u00e1nchez,1\u00a0Emiliano JavierArg\u00fcello,4\u00a0\u00a0 1 Facultad de Enfermer\u00eda y Obstetricia, Universidad Ju\u00e1rez del Estado de Durango, Durango, M\u00e9xico.\u00a0 2 Facultad de Enfermer\u00eda \u201cDr. Santiago Vald\u00e9s Galindo\u201d, Universidad Aut\u00f3noma de Coahuila, Saltillo, M\u00e9xico.\u00a0 3 Unidad Acad\u00e9mica de Enfermer\u00eda, Universidad Aut\u00f3noma de Zacate-cas, Zacatecas, M\u00e9xico.\u00a0\u2026","rel":"","context":"En &quot;Revista Salud Mental&quot;","img":{"alt_text":"","src":"https:\/\/i0.wp.com\/lafuente.mx\/wp-content\/uploads\/2024\/05\/composition-depression-mental-disorder-1-scaled.jpg?fit=1200%2C796&ssl=1&resize=350%2C200","width":350,"height":200},"classes":[]},{"id":1488,"url":"https:\/\/lafuente.mx\/?p=1488","url_meta":{"origin":1187,"position":1},"title":"Los factores de riesgo de la pandemia de COVID-19 para la depresi\u00f3n entre los estudiantes de posgrado en salud\u00a0","date":"julio 21, 2023","format":false,"excerpt":"Fernanda Rocha Anjos de Oliveira Souza, Vagner Ferreira do Nascimento, Mariano Martinez Espinosa, Sandra Cristina Pillon, Chris Wagstaff, Ana Cl\u00e1udia Pereira Ter\u00e7as-Trettel Introducci\u00f3n.\u00a0La pandemia ha generado desaf\u00edos que impactan en la salud mental de la poblaci\u00f3n, incluidos los estudiantes de posgrado en salud.\u00a0\u00a0Objetivo.\u00a0Evaluar los factores asociados a la depresi\u00f3n en\u2026","rel":"","context":"En &quot;Revista Salud Mental&quot;","img":{"alt_text":"","src":"https:\/\/i0.wp.com\/lafuente.mx\/wp-content\/uploads\/2023\/07\/doctor-triste-tiro-medio-mascara-edited-scaled.jpg?fit=1200%2C675&ssl=1&resize=350%2C200","width":350,"height":200},"classes":[]},{"id":1289,"url":"https:\/\/lafuente.mx\/?p=1289","url_meta":{"origin":1187,"position":2},"title":"Resiliencia, experiencias infantiles adversas y salud mental en estudiantes de Ciencias de la Salud durante la pandemia de COVID-19","date":"junio 12, 2023","format":false,"excerpt":"Felipe Agudelo Hern\u00e1ndez, Mar\u00eda Benavides Bastidas, Fernando Arango G\u00f3mez Resumen: Introducci\u00f3n. Se ha observado un aumento constante de problemas mentales en la poblaci\u00f3n universitaria, particularmente en el \u00e1rea de la salud, relacionados con la pandemia del COVID-19. Los factores de protecci\u00f3n como la resiliencia y los factores de riesgo como\u2026","rel":"","context":"En &quot;Revista Salud Mental&quot;","img":{"alt_text":"","src":"https:\/\/i0.wp.com\/lafuente.mx\/wp-content\/uploads\/2023\/06\/chicas-universitarias-estudiando-juntas-edited-1-scaled.jpg?fit=1200%2C675&ssl=1&resize=350%2C200","width":350,"height":200},"classes":[]},{"id":2933,"url":"https:\/\/lafuente.mx\/?p=2933","url_meta":{"origin":1187,"position":3},"title":"Factores asociados al consumo de psicof\u00e1rmacos, ansiedad y depresi\u00f3n en estudiantes universitarios\u00a0","date":"junio 20, 2025","format":false,"excerpt":"Aline Regiane Coscrato de Lima Oliveira\u00a0 Escola de enfermagem de Ribeir\u00e3o Preto da Universidade de S\u00e3o Paulo - EERP USP. Ribeirao Pretro. Brasil.\u00a0 Adriana Inocenti Miasso\u00a0 Escola de enfermagem de Ribeir\u00e3o Preto da Universidade de S\u00e3o Paulo - EERP USP. Ribeirao Pretro. Brasil.\u00a0 Assis do Carmo Pereira J\u00fanior\u00a0 Escuela de\u2026","rel":"","context":"En &quot;Revista Salud Mental&quot;","img":{"alt_text":"stop, drug addiction-3541821.jpg","src":"https:\/\/i0.wp.com\/lafuente.mx\/wp-content\/uploads\/2025\/06\/stop-drug-addiction-3541821.jpg?fit=1200%2C800&ssl=1&resize=350%2C200","width":350,"height":200},"classes":[]},{"id":2739,"url":"https:\/\/lafuente.mx\/?p=2739","url_meta":{"origin":1187,"position":4},"title":"Estudios epidemiol\u00f3gicos sobre COVID-19 y salud mental en M\u00e9xico: mejor metodolog\u00eda para mejores resultados: una revisi\u00f3n de la literatura\u00a0","date":"enero 23, 2025","format":false,"excerpt":"Guillermo Borges\u00a0 Direcci\u00f3n de Investigaciones Epidemiol\u00f3gicas y Psicosociales, Instituto Nacional de Psiquiatr\u00eda Ram\u00f3n de la Fuente Mu\u00f1iz, Ciudad de M\u00e9xico, M\u00e9xico.\u00a0 Ricardo Orozco\u00a0 Direcci\u00f3n de Investigaciones Epidemiol\u00f3gicas y Psicosociales, Instituto Nacional de Psiquiatr\u00eda Ram\u00f3n de la Fuente Mu\u00f1iz, Ciudad de M\u00e9xico, M\u00e9xico.\u00a0 Brenda Salas\u00a0 Direcci\u00f3n de Investigaciones Epidemiol\u00f3gicas y Psicosociales,\u2026","rel":"","context":"En &quot;Revista Salud Mental&quot;","img":{"alt_text":"","src":"https:\/\/i0.wp.com\/lafuente.mx\/wp-content\/uploads\/2025\/01\/001-1-scaled.jpg?fit=1200%2C758&ssl=1&resize=350%2C200","width":350,"height":200},"classes":[]},{"id":1691,"url":"https:\/\/lafuente.mx\/?p=1691","url_meta":{"origin":1187,"position":5},"title":"Cuadernillo b\u00e1sico para la prevenci\u00f3n del suicidio\u00a0","date":"septiembre 10, 2023","format":false,"excerpt":"El presente cuadernillo tiene como prop\u00f3sito ofrecer conocimientos y habilidades b\u00e1sicos para la prevenci\u00f3n del suicidio en la poblaci\u00f3n general. Si bien es fundamental reconocer que el suicidio, como problema de salud p\u00fablica, requiere la intervenci\u00f3n de profesionales de la salud mental a trav\u00e9s de un enfoque cl\u00ednico-terap\u00e9utico, la participaci\u00f3n\u2026","rel":"","context":"En &quot;Publicaciones&quot;","img":{"alt_text":"","src":"https:\/\/i0.wp.com\/lafuente.mx\/wp-content\/uploads\/2023\/09\/Captura-de-Pantalla-2023-09-08-a-las-14.33.59.png?fit=936%2C1200&ssl=1&resize=350%2C200","width":350,"height":200},"classes":[]}],"jetpack_sharing_enabled":true,"jetpack_shortlink":"https:\/\/wp.me\/pe9WUx-j9","_links":{"self":[{"href":"https:\/\/lafuente.mx\/index.php?rest_route=\/wp\/v2\/posts\/1187"}],"collection":[{"href":"https:\/\/lafuente.mx\/index.php?rest_route=\/wp\/v2\/posts"}],"about":[{"href":"https:\/\/lafuente.mx\/index.php?rest_route=\/wp\/v2\/types\/post"}],"author":[{"embeddable":true,"href":"https:\/\/lafuente.mx\/index.php?rest_route=\/wp\/v2\/users\/3"}],"replies":[{"embeddable":true,"href":"https:\/\/lafuente.mx\/index.php?rest_route=%2Fwp%2Fv2%2Fcomments&post=1187"}],"version-history":[{"count":5,"href":"https:\/\/lafuente.mx\/index.php?rest_route=\/wp\/v2\/posts\/1187\/revisions"}],"predecessor-version":[{"id":1223,"href":"https:\/\/lafuente.mx\/index.php?rest_route=\/wp\/v2\/posts\/1187\/revisions\/1223"}],"wp:featuredmedia":[{"embeddable":true,"href":"https:\/\/lafuente.mx\/index.php?rest_route=\/wp\/v2\/media\/1221"}],"wp:attachment":[{"href":"https:\/\/lafuente.mx\/index.php?rest_route=%2Fwp%2Fv2%2Fmedia&parent=1187"}],"wp:term":[{"taxonomy":"category","embeddable":true,"href":"https:\/\/lafuente.mx\/index.php?rest_route=%2Fwp%2Fv2%2Fcategories&post=1187"},{"taxonomy":"post_tag","embeddable":true,"href":"https:\/\/lafuente.mx\/index.php?rest_route=%2Fwp%2Fv2%2Ftags&post=1187"}],"curies":[{"name":"wp","href":"https:\/\/api.w.org\/{rel}","templated":true}]}}