{"id":1170,"date":"2023-04-27T17:11:12","date_gmt":"2023-04-27T17:11:12","guid":{"rendered":"https:\/\/lafuente.mx\/?p=1170"},"modified":"2023-05-11T20:32:09","modified_gmt":"2023-05-11T20:32:09","slug":"dia-mundial-de-la-salud-mental-materna","status":"publish","type":"post","link":"https:\/\/lafuente.mx\/?p=1170","title":{"rendered":"D\u00cdA MUNDIAL DE LA SALUD MENTAL MATERNA\u00a0"},"content":{"rendered":"\n<hr class=\"wp-block-separator has-text-color has-pale-pink-color has-alpha-channel-opacity has-pale-pink-background-color has-background\"\/>\n\n\n\n<p class=\"has-text-align-center has-text-color has-larger-font-size\" style=\"color:#bf2e52\"><strong>3&nbsp;de mayo<\/strong><\/p>\n\n\n\n<hr class=\"wp-block-separator has-text-color has-pale-pink-color has-alpha-channel-opacity has-pale-pink-background-color has-background\"\/>\n\n\n\n<figure class=\"wp-block-image size-large is-resized\"><img decoding=\"async\" loading=\"lazy\" src=\"https:\/\/i0.wp.com\/lafuente.mx\/wp-content\/uploads\/2023\/04\/perinatal-33-570x1024.jpg?resize=363%2C652&#038;ssl=1\" alt=\"\" class=\"wp-image-1172\" width=\"363\" height=\"652\" srcset=\"https:\/\/i0.wp.com\/lafuente.mx\/wp-content\/uploads\/2023\/04\/perinatal-33.jpg?resize=570%2C1024&amp;ssl=1 570w, https:\/\/i0.wp.com\/lafuente.mx\/wp-content\/uploads\/2023\/04\/perinatal-33.jpg?resize=167%2C300&amp;ssl=1 167w, https:\/\/i0.wp.com\/lafuente.mx\/wp-content\/uploads\/2023\/04\/perinatal-33.jpg?resize=768%2C1379&amp;ssl=1 768w, https:\/\/i0.wp.com\/lafuente.mx\/wp-content\/uploads\/2023\/04\/perinatal-33.jpg?resize=855%2C1536&amp;ssl=1 855w, https:\/\/i0.wp.com\/lafuente.mx\/wp-content\/uploads\/2023\/04\/perinatal-33.jpg?w=1107&amp;ssl=1 1107w\" sizes=\"(max-width: 363px) 100vw, 363px\" data-recalc-dims=\"1\" \/><figcaption>imagen Mentalizarte INPRFM<\/figcaption><\/figure>\n\n\n\n<p class=\"has-text-color\" style=\"color:#ac2144\">&nbsp;<br>El D\u00eda Mundial de la Salud Mental Materna se lanz\u00f3 para&nbsp;aumentar la conciencia acerca de los problemas de salud mental materna, con la finalidad&nbsp;de que m\u00e1s mujeres busquen ayuda, reciban tratamiento adecuado y menos sufran.&nbsp;<\/p>\n\n\n\n<p class=\"has-text-color\" style=\"color:#ac2144\">El objetivo com\u00fan es&nbsp;sensibilizar&nbsp;a la poblaci\u00f3n mundial acerca de la importancia de la salud mental materna y mejorar los recursos destinados por los gobiernos a la prevenci\u00f3n, detecci\u00f3n y tratamiento de los trastornos mentales durante el embarazo y el primer a\u00f1o tras el nacimiento (trastornos mentales perinatales).&nbsp;<\/p>\n\n\n<div class=\"wp-block-image\">\n<figure class=\"aligncenter size-large\"><img decoding=\"async\" loading=\"lazy\" width=\"640\" height=\"525\" src=\"https:\/\/i0.wp.com\/lafuente.mx\/wp-content\/uploads\/2023\/04\/10-mayo-23.jpg?resize=640%2C525\" alt=\"\" class=\"wp-image-1198\" srcset=\"https:\/\/i0.wp.com\/lafuente.mx\/wp-content\/uploads\/2023\/04\/10-mayo-23.jpg?resize=1024%2C840&amp;ssl=1 1024w, https:\/\/i0.wp.com\/lafuente.mx\/wp-content\/uploads\/2023\/04\/10-mayo-23.jpg?resize=300%2C246&amp;ssl=1 300w, https:\/\/i0.wp.com\/lafuente.mx\/wp-content\/uploads\/2023\/04\/10-mayo-23.jpg?resize=768%2C630&amp;ssl=1 768w, https:\/\/i0.wp.com\/lafuente.mx\/wp-content\/uploads\/2023\/04\/10-mayo-23.jpg?resize=1536%2C1261&amp;ssl=1 1536w, https:\/\/i0.wp.com\/lafuente.mx\/wp-content\/uploads\/2023\/04\/10-mayo-23.jpg?w=1567&amp;ssl=1 1567w, https:\/\/i0.wp.com\/lafuente.mx\/wp-content\/uploads\/2023\/04\/10-mayo-23.jpg?w=1280 1280w\" sizes=\"(max-width: 640px) 100vw, 640px\" data-recalc-dims=\"1\" \/><figcaption>Imagen Mentalizarte INPRFM<\/figcaption><\/figure><\/div>\n\n\n<p class=\"has-text-color\" style=\"color:#ac2144\">El primer D\u00eda Mundial de la Salud Materna se lanz\u00f3 en el a\u00f1o 2016 y se conmemora cada a\u00f1o el primer mi\u00e9rcoles de mayo, que este a\u00f1o se celebra el&nbsp;3&nbsp;de mayo de 2023.&nbsp;<\/p>\n\n\n\n<div class=\"wp-block-buttons is-layout-flex wp-block-buttons-is-layout-flex\">\n<div class=\"wp-block-button\"><a class=\"wp-block-button__link has-background\" href=\"https:\/\/www.sociedadmarce.org\/dia-mundial-salud-mental-materna.cfm\" style=\"background-color:#be405f\" target=\"_blank\" rel=\"noreferrer noopener\">M\u00e1s informaci\u00f3n<\/a><\/div>\n<\/div>\n","protected":false},"excerpt":{"rendered":"<p>3&nbsp;de mayo &nbsp;El D\u00eda Mundial de la Salud Mental Materna se lanz\u00f3 para&nbsp;aumentar la conciencia acerca de los problemas de salud mental materna, con la<\/p>\n","protected":false},"author":3,"featured_media":1198,"comment_status":"closed","ping_status":"closed","sticky":false,"template":"","format":"standard","meta":{"footnotes":"","jetpack_publicize_message":"","jetpack_is_tweetstorm":false,"jetpack_publicize_feature_enabled":true},"categories":[13,1],"tags":[247,248,21,32,246],"jetpack_publicize_connections":[],"yoast_head":"<!-- This site is optimized with the Yoast SEO plugin v19.4 - https:\/\/yoast.com\/wordpress\/plugins\/seo\/ -->\n<title>D\u00cdA MUNDIAL DE LA SALUD MENTAL MATERNA\u00a0 -<\/title>\n<meta name=\"description\" content=\"Sensibilizar\u00a0a la poblaci\u00f3n mundial acerca de la importancia de la salud mental materna y mejorar los recursos destinados por los gobiernos a la prevenci\u00f3n, detecci\u00f3n y tratamiento de los trastornos mentales durante el embarazo\" \/>\n<meta name=\"robots\" content=\"index, follow, max-snippet:-1, max-image-preview:large, max-video-preview:-1\" \/>\n<link rel=\"canonical\" href=\"https:\/\/lafuente.mx\/?p=1170\" \/>\n<meta property=\"og:locale\" content=\"es_MX\" \/>\n<meta property=\"og:type\" content=\"article\" \/>\n<meta property=\"og:title\" content=\"D\u00cdA MUNDIAL DE LA SALUD MENTAL MATERNA\u00a0\" \/>\n<meta property=\"og:description\" content=\"Sensibilizar\u00a0a la poblaci\u00f3n mundial acerca de la importancia de la salud mental materna y mejorar los recursos destinados por los gobiernos a la prevenci\u00f3n, detecci\u00f3n y tratamiento de los trastornos mentales durante el embarazo\" \/>\n<meta property=\"og:url\" content=\"https:\/\/lafuente.mx\/?p=1170\" \/>\n<meta property=\"article:published_time\" content=\"2023-04-27T17:11:12+00:00\" \/>\n<meta property=\"article:modified_time\" content=\"2023-05-11T20:32:09+00:00\" \/>\n<meta property=\"og:image\" content=\"http:\/\/lafuente.mx\/wp-content\/uploads\/2023\/04\/10-mayo-23.jpg\" \/>\n\t<meta property=\"og:image:width\" content=\"1567\" \/>\n\t<meta property=\"og:image:height\" content=\"1286\" \/>\n\t<meta property=\"og:image:type\" content=\"image\/jpeg\" \/>\n<meta name=\"author\" content=\"Claudia Gallardo\" \/>\n<meta name=\"twitter:card\" content=\"summary_large_image\" \/>\n<meta name=\"twitter:title\" content=\"D\u00cdA MUNDIAL DE LA SALUD MENTAL MATERNA\u00a0\" \/>\n<meta name=\"twitter:description\" content=\"Sensibilizar\u00a0a la poblaci\u00f3n mundial acerca de la importancia de la salud mental materna y mejorar los recursos destinados por los gobiernos a la prevenci\u00f3n, detecci\u00f3n y tratamiento de los trastornos mentales durante el embarazo y el\" \/>\n<meta name=\"twitter:image\" content=\"https:\/\/i0.wp.com\/lafuente.mx\/wp-content\/uploads\/2023\/04\/10-mayo-23.jpg?fit=1567%2C1286&ssl=1\" \/>\n<meta name=\"twitter:label1\" content=\"Escrito por\" \/>\n\t<meta name=\"twitter:data1\" content=\"Claudia Gallardo\" \/>\n\t<meta name=\"twitter:label2\" content=\"Tiempo de lectura\" \/>\n\t<meta name=\"twitter:data2\" content=\"2 minutos\" \/>\n<script type=\"application\/ld+json\" class=\"yoast-schema-graph\">{\"@context\":\"https:\/\/schema.org\",\"@graph\":[{\"@type\":\"WebSite\",\"@id\":\"https:\/\/lafuente.mx\/#website\",\"url\":\"https:\/\/lafuente.mx\/\",\"name\":\"\",\"description\":\"Informaci\u00f3n confiable sobre salud mental\",\"potentialAction\":[{\"@type\":\"SearchAction\",\"target\":{\"@type\":\"EntryPoint\",\"urlTemplate\":\"https:\/\/lafuente.mx\/?s={search_term_string}\"},\"query-input\":\"required name=search_term_string\"}],\"inLanguage\":\"es-MX\"},{\"@type\":\"WebPage\",\"@id\":\"https:\/\/lafuente.mx\/?p=1170\",\"url\":\"https:\/\/lafuente.mx\/?p=1170\",\"name\":\"D\u00cdA MUNDIAL DE LA SALUD MENTAL MATERNA\u00a0 -\",\"isPartOf\":{\"@id\":\"https:\/\/lafuente.mx\/#website\"},\"datePublished\":\"2023-04-27T17:11:12+00:00\",\"dateModified\":\"2023-05-11T20:32:09+00:00\",\"author\":{\"@id\":\"https:\/\/lafuente.mx\/#\/schema\/person\/603f3aa8e2f6f7879021ab722d39d6b0\"},\"description\":\"Sensibilizar\u00a0a la poblaci\u00f3n mundial acerca de la importancia de la salud mental materna y mejorar los recursos destinados por los gobiernos a la prevenci\u00f3n, detecci\u00f3n y tratamiento de los trastornos mentales durante el embarazo\",\"breadcrumb\":{\"@id\":\"https:\/\/lafuente.mx\/?p=1170#breadcrumb\"},\"inLanguage\":\"es-MX\",\"potentialAction\":[{\"@type\":\"ReadAction\",\"target\":[\"https:\/\/lafuente.mx\/?p=1170\"]}]},{\"@type\":\"BreadcrumbList\",\"@id\":\"https:\/\/lafuente.mx\/?p=1170#breadcrumb\",\"itemListElement\":[{\"@type\":\"ListItem\",\"position\":1,\"name\":\"Inicio\",\"item\":\"https:\/\/lafuente.mx\/\"},{\"@type\":\"ListItem\",\"position\":2,\"name\":\"D\u00cdA MUNDIAL DE LA SALUD MENTAL MATERNA\u00a0\"}]},{\"@type\":\"Person\",\"@id\":\"https:\/\/lafuente.mx\/#\/schema\/person\/603f3aa8e2f6f7879021ab722d39d6b0\",\"name\":\"Claudia Gallardo\",\"image\":{\"@type\":\"ImageObject\",\"inLanguage\":\"es-MX\",\"@id\":\"https:\/\/lafuente.mx\/#\/schema\/person\/image\/\",\"url\":\"https:\/\/secure.gravatar.com\/avatar\/bfe9c966af1ccfb9d17bcdb9d04e8815?s=96&d=mm&r=g\",\"contentUrl\":\"https:\/\/secure.gravatar.com\/avatar\/bfe9c966af1ccfb9d17bcdb9d04e8815?s=96&d=mm&r=g\",\"caption\":\"Claudia Gallardo\"},\"url\":\"https:\/\/lafuente.mx\/?author=3\"}]}<\/script>\n<!-- \/ Yoast SEO plugin. -->","yoast_head_json":{"title":"D\u00cdA MUNDIAL DE LA SALUD MENTAL MATERNA\u00a0 -","description":"Sensibilizar\u00a0a la poblaci\u00f3n mundial acerca de la importancia de la salud mental materna y mejorar los recursos destinados por los gobiernos a la prevenci\u00f3n, detecci\u00f3n y tratamiento de los trastornos mentales durante el embarazo","robots":{"index":"index","follow":"follow","max-snippet":"max-snippet:-1","max-image-preview":"max-image-preview:large","max-video-preview":"max-video-preview:-1"},"canonical":"https:\/\/lafuente.mx\/?p=1170","og_locale":"es_MX","og_type":"article","og_title":"D\u00cdA MUNDIAL DE LA SALUD MENTAL MATERNA\u00a0","og_description":"Sensibilizar\u00a0a la poblaci\u00f3n mundial acerca de la importancia de la salud mental materna y mejorar los recursos destinados por los gobiernos a la prevenci\u00f3n, detecci\u00f3n y tratamiento de los trastornos mentales durante el embarazo","og_url":"https:\/\/lafuente.mx\/?p=1170","article_published_time":"2023-04-27T17:11:12+00:00","article_modified_time":"2023-05-11T20:32:09+00:00","og_image":[{"width":1567,"height":1286,"url":"http:\/\/lafuente.mx\/wp-content\/uploads\/2023\/04\/10-mayo-23.jpg","type":"image\/jpeg"}],"author":"Claudia Gallardo","twitter_card":"summary_large_image","twitter_title":"D\u00cdA MUNDIAL DE LA SALUD MENTAL MATERNA\u00a0","twitter_description":"Sensibilizar\u00a0a la poblaci\u00f3n mundial acerca de la importancia de la salud mental materna y mejorar los recursos destinados por los gobiernos a la prevenci\u00f3n, detecci\u00f3n y tratamiento de los trastornos mentales durante el embarazo y el","twitter_image":"https:\/\/i0.wp.com\/lafuente.mx\/wp-content\/uploads\/2023\/04\/10-mayo-23.jpg?fit=1567%2C1286&ssl=1","twitter_misc":{"Escrito por":"Claudia Gallardo","Tiempo de lectura":"2 minutos"},"schema":{"@context":"https:\/\/schema.org","@graph":[{"@type":"WebSite","@id":"https:\/\/lafuente.mx\/#website","url":"https:\/\/lafuente.mx\/","name":"","description":"Informaci\u00f3n confiable sobre salud mental","potentialAction":[{"@type":"SearchAction","target":{"@type":"EntryPoint","urlTemplate":"https:\/\/lafuente.mx\/?s={search_term_string}"},"query-input":"required name=search_term_string"}],"inLanguage":"es-MX"},{"@type":"WebPage","@id":"https:\/\/lafuente.mx\/?p=1170","url":"https:\/\/lafuente.mx\/?p=1170","name":"D\u00cdA MUNDIAL DE LA SALUD MENTAL MATERNA\u00a0 -","isPartOf":{"@id":"https:\/\/lafuente.mx\/#website"},"datePublished":"2023-04-27T17:11:12+00:00","dateModified":"2023-05-11T20:32:09+00:00","author":{"@id":"https:\/\/lafuente.mx\/#\/schema\/person\/603f3aa8e2f6f7879021ab722d39d6b0"},"description":"Sensibilizar\u00a0a la poblaci\u00f3n mundial acerca de la importancia de la salud mental materna y mejorar los recursos destinados por los gobiernos a la prevenci\u00f3n, detecci\u00f3n y tratamiento de los trastornos mentales durante el embarazo","breadcrumb":{"@id":"https:\/\/lafuente.mx\/?p=1170#breadcrumb"},"inLanguage":"es-MX","potentialAction":[{"@type":"ReadAction","target":["https:\/\/lafuente.mx\/?p=1170"]}]},{"@type":"BreadcrumbList","@id":"https:\/\/lafuente.mx\/?p=1170#breadcrumb","itemListElement":[{"@type":"ListItem","position":1,"name":"Inicio","item":"https:\/\/lafuente.mx\/"},{"@type":"ListItem","position":2,"name":"D\u00cdA MUNDIAL DE LA SALUD MENTAL MATERNA\u00a0"}]},{"@type":"Person","@id":"https:\/\/lafuente.mx\/#\/schema\/person\/603f3aa8e2f6f7879021ab722d39d6b0","name":"Claudia Gallardo","image":{"@type":"ImageObject","inLanguage":"es-MX","@id":"https:\/\/lafuente.mx\/#\/schema\/person\/image\/","url":"https:\/\/secure.gravatar.com\/avatar\/bfe9c966af1ccfb9d17bcdb9d04e8815?s=96&d=mm&r=g","contentUrl":"https:\/\/secure.gravatar.com\/avatar\/bfe9c966af1ccfb9d17bcdb9d04e8815?s=96&d=mm&r=g","caption":"Claudia Gallardo"},"url":"https:\/\/lafuente.mx\/?author=3"}]}},"jetpack_featured_media_url":"https:\/\/i0.wp.com\/lafuente.mx\/wp-content\/uploads\/2023\/04\/10-mayo-23.jpg?fit=1567%2C1286&ssl=1","jetpack-related-posts":[{"id":3257,"url":"https:\/\/lafuente.mx\/?p=3257","url_meta":{"origin":1170,"position":0},"title":"Tema del mes: Salud Mental Materna","date":"septiembre 12, 2025","format":false,"excerpt":"MAYO En el INPRFM trabajamos cada d\u00eda para generar conocimiento, brindar atenci\u00f3n especializada y promover la salud mental de la poblaci\u00f3n. En esta secci\u00f3n hablaremos de la depresi\u00f3n posparto la cu\u00e1l es com\u00fan, y una de cada cinco mam\u00e1s y uno de cada 10 pap\u00e1s, la padecen.","rel":"","context":"En &quot;T\u00f3picos de salud mental&quot;","img":{"alt_text":"","src":"https:\/\/i0.wp.com\/lafuente.mx\/wp-content\/uploads\/2025\/09\/Captura-de-pantalla-2025-09-11-a-las-13.05.34.png?fit=1200%2C550&ssl=1&resize=350%2C200","width":350,"height":200},"classes":[]},{"id":2270,"url":"https:\/\/lafuente.mx\/?p=2270","url_meta":{"origin":1170,"position":1},"title":"D\u00eda Mundial de la Salud Mental Materna","date":"mayo 1, 2024","format":false,"excerpt":"El D\u00eda Mundial de la Salud Mental Materna se lanz\u00f3 para\u00a0aumentar la conciencia acerca de los problemas de salud mental materna, con la finalidad\u00a0de que m\u00e1s mujeres busquen ayuda, reciban tratamiento adecuado y menos sufran.\u00a0 El objetivo com\u00fan es\u00a0sensibilizar\u00a0a la poblaci\u00f3n mundial acerca de la importancia de la salud mental\u2026","rel":"","context":"En &quot;Efem\u00e9rides de Salud Mental&quot;","img":{"alt_text":"pregnant, mom, child-775036.jpg","src":"https:\/\/i0.wp.com\/lafuente.mx\/wp-content\/uploads\/2024\/04\/pregnant-mom-child-775036.jpg?fit=1200%2C797&ssl=1&resize=350%2C200","width":350,"height":200},"classes":[]},{"id":2879,"url":"https:\/\/lafuente.mx\/?p=2879","url_meta":{"origin":1170,"position":2},"title":"Mentalizarte","date":"mayo 8, 2025","format":false,"excerpt":"Durante mayo hablaremos sobre Salud mental perinatal MENTALIZARTE es el proyecto de difusi\u00f3n en temas de salud mental del Instituto Nacional de Psiquiatr\u00eda Ram\u00f3n de la Fuente Mu\u00f1iz (INPRFM). Tiene el objetivo de informar sobre los s\u00edntomas de los diferentes trastornos mentales, difundir que pedir ayuda no es signo de\u2026","rel":"","context":"En &quot;Informaci\u00f3n de inter\u00e9s&quot;","img":{"alt_text":"","src":"https:\/\/i0.wp.com\/lafuente.mx\/wp-content\/uploads\/2025\/05\/WhatsApp-Image-2025-04-29-at-11.41.44-AM-1.jpeg?fit=1200%2C692&ssl=1&resize=350%2C200","width":350,"height":200},"classes":[]},{"id":2213,"url":"https:\/\/lafuente.mx\/?p=2213","url_meta":{"origin":1170,"position":3},"title":"T\u00e9 de mente","date":"abril 15, 2024","format":false,"excerpt":"Cuarto episodio Embarazo (parte 2) Ac\u00e9rcate un tecito\u00a0y continuemos\u00a0platicando\u00a0sobre\u00a0el embarazo. Hablemos de\u00a0la preeclampsia, la diabetes gestacional y la obesidad, sus implicaciones para la salud mental y las alternativas nutricionales para abordarlas. Segunda temporada Acomp\u00e1\u00f1anos en este viaje a trav\u00e9s de las etapas en la vida de la mujer, donde descubriremos\u2026","rel":"","context":"En &quot;Podcasts&quot;","img":{"alt_text":"pregnant, baby, love-2720434.jpg","src":"https:\/\/i0.wp.com\/lafuente.mx\/wp-content\/uploads\/2024\/04\/pregnant-baby-love-2720434.jpg?fit=1200%2C800&ssl=1&resize=350%2C200","width":350,"height":200},"classes":[]},{"id":2874,"url":"https:\/\/lafuente.mx\/?p=2874","url_meta":{"origin":1170,"position":4},"title":"7 de mayo, D\u00eda Mundial de la Salud Mental Materna","date":"mayo 7, 2025","format":false,"excerpt":"1 de cada 5 mujeres experimentan un trastorno perinatal del estado de \u00e1nimo y la ansiedad\u00a0\u00a0 Las estad\u00edsticas var\u00edan seg\u00fan el pa\u00eds, pero esta es una preocupaci\u00f3n mundial. Incluyen depresi\u00f3n posparto, ansiedad posparto, trastorno obsesivo compulsivo posparto, trastorno bipolar posparto y psicosis posparto.\u00a0 7 de cada 10\u00a0mujeres ocultan o minimizan\u2026","rel":"","context":"En &quot;Efem\u00e9rides de Salud Mental&quot;","img":{"alt_text":"","src":"https:\/\/i0.wp.com\/lafuente.mx\/wp-content\/uploads\/2025\/05\/Dia-Mundial-de-la-Salud-Mental-Materna.jpg?fit=1200%2C613&ssl=1&resize=350%2C200","width":350,"height":200},"classes":[]},{"id":1225,"url":"https:\/\/lafuente.mx\/?p=1225","url_meta":{"origin":1170,"position":5},"title":"Embarazo y posparto\u00a0","date":"mayo 17, 2023","format":false,"excerpt":"La p\u00e1gina brinda informaci\u00f3n veraz y herramientas para cuidar la salud mental de mujeres embarazadas o que en los \u00faltimos seis meses hayan tenido un beb\u00e9.\u00a0 La transici\u00f3n a la maternidad actualmente est\u00e1 rodeada de:\u00a0 \u2022 P\u00e9rdidas\u00a0 \u2022 Faltas\u00a0 \u2022 Carencias\u00a0 \u2022 Ausencias\u00a0 \u2022 Cambios\u00a0 \u2022 Reajustes\u00a0 \u2022 Falta de\u2026","rel":"","context":"En &quot;Informaci\u00f3n de inter\u00e9s&quot;","img":{"alt_text":"","src":"https:\/\/i0.wp.com\/lafuente.mx\/wp-content\/uploads\/2023\/05\/embarazo-scaled.webp?fit=1200%2C675&ssl=1&resize=350%2C200","width":350,"height":200},"classes":[]}],"jetpack_sharing_enabled":true,"jetpack_shortlink":"https:\/\/wp.me\/pe9WUx-iS","_links":{"self":[{"href":"https:\/\/lafuente.mx\/index.php?rest_route=\/wp\/v2\/posts\/1170"}],"collection":[{"href":"https:\/\/lafuente.mx\/index.php?rest_route=\/wp\/v2\/posts"}],"about":[{"href":"https:\/\/lafuente.mx\/index.php?rest_route=\/wp\/v2\/types\/post"}],"author":[{"embeddable":true,"href":"https:\/\/lafuente.mx\/index.php?rest_route=\/wp\/v2\/users\/3"}],"replies":[{"embeddable":true,"href":"https:\/\/lafuente.mx\/index.php?rest_route=%2Fwp%2Fv2%2Fcomments&post=1170"}],"version-history":[{"count":3,"href":"https:\/\/lafuente.mx\/index.php?rest_route=\/wp\/v2\/posts\/1170\/revisions"}],"predecessor-version":[{"id":1200,"href":"https:\/\/lafuente.mx\/index.php?rest_route=\/wp\/v2\/posts\/1170\/revisions\/1200"}],"wp:featuredmedia":[{"embeddable":true,"href":"https:\/\/lafuente.mx\/index.php?rest_route=\/wp\/v2\/media\/1198"}],"wp:attachment":[{"href":"https:\/\/lafuente.mx\/index.php?rest_route=%2Fwp%2Fv2%2Fmedia&parent=1170"}],"wp:term":[{"taxonomy":"category","embeddable":true,"href":"https:\/\/lafuente.mx\/index.php?rest_route=%2Fwp%2Fv2%2Fcategories&post=1170"},{"taxonomy":"post_tag","embeddable":true,"href":"https:\/\/lafuente.mx\/index.php?rest_route=%2Fwp%2Fv2%2Ftags&post=1170"}],"curies":[{"name":"wp","href":"https:\/\/api.w.org\/{rel}","templated":true}]}}