{"id":1127,"date":"2023-04-17T20:31:14","date_gmt":"2023-04-17T20:31:14","guid":{"rendered":"https:\/\/lafuente.mx\/?p=1127"},"modified":"2023-04-18T20:47:24","modified_gmt":"2023-04-18T20:47:24","slug":"por-cuestiones-socioculturales-el-acceso-a-tratamiento-contra-las-adicciones-es-menor-para-las-mujeres-maria-elena-medina-mora","status":"publish","type":"post","link":"https:\/\/lafuente.mx\/?p=1127","title":{"rendered":"Por cuestiones socioculturales, el acceso a tratamiento contra las adicciones es menor para las mujeres: Mar\u00eda Elena Medina-Mora"},"content":{"rendered":"\n<hr class=\"wp-block-separator aligncenter has-alpha-channel-opacity is-style-wide\"\/>\n\n\n<div class=\"wp-block-image\">\n<figure class=\"aligncenter size-large\"><img decoding=\"async\" loading=\"lazy\" width=\"640\" height=\"397\" src=\"https:\/\/i0.wp.com\/lafuente.mx\/wp-content\/uploads\/2023\/04\/epidemic-disease-coronavirus-5082507-edited.jpg?resize=640%2C397&#038;ssl=1\" alt=\"epidemic, disease, coronavirus-5082507.jpg\" class=\"wp-image-1131\" srcset=\"https:\/\/i0.wp.com\/lafuente.mx\/wp-content\/uploads\/2023\/04\/epidemic-disease-coronavirus-5082507-edited.jpg?w=853&amp;ssl=1 853w, https:\/\/i0.wp.com\/lafuente.mx\/wp-content\/uploads\/2023\/04\/epidemic-disease-coronavirus-5082507-edited.jpg?resize=300%2C186&amp;ssl=1 300w, https:\/\/i0.wp.com\/lafuente.mx\/wp-content\/uploads\/2023\/04\/epidemic-disease-coronavirus-5082507-edited.jpg?resize=768%2C476&amp;ssl=1 768w\" sizes=\"(max-width: 640px) 100vw, 640px\" data-recalc-dims=\"1\" \/><\/figure><\/div>\n\n\n<hr class=\"wp-block-separator has-alpha-channel-opacity is-style-wide\"\/>\n\n\n\n<p class=\"has-text-color\" style=\"color:#2a2626\">La vulnerabilidad de la mujer frente a los efectos del consumo de sustancias nocivas fue el tema de una nueva sesi\u00f3n del Seminario de Estudios sobre la Globalidad-UNAM. Grupo de trabajo de opioides. Facultad de Medicina-UNAM-INPRFM, coordinado por la colegiada Mar\u00eda Elena Medina-Mora.&nbsp;<\/p>\n\n\n\n<p class=\"has-text-color\" style=\"color:#2a2626\">Retos para las pol\u00edticas p\u00fablicas en la atenci\u00f3n y reducci\u00f3n de da\u00f1os en el uso de drogas en mujeres fue el t\u00edtulo de la mesa, en la que participaron los especialistas Silvia L. Cruz, Clara Fleiz, Jorge Villatoro, Carmen Fern\u00e1ndez C\u00e1ceres y Ra\u00fal Martin del Campo.&nbsp;<\/p>\n\n\n\n<p class=\"has-text-color\" style=\"color:#2a2626\">Las mujeres presentan una mayor avidez por reanudar el consumo de drogas frente a situaciones de estr\u00e9s, sostuvo Silvia L. Cruz.&nbsp;<\/p>\n\n\n\n<p class=\"has-text-color\" style=\"color:#2a2626\">El tema de la atenci\u00f3n de las mujeres es importante para todos, porque sabemos que, si bien consumen menos, tienen mayores consecuencias y m\u00e1s problemas. Por eso es muy importante que las pol\u00edticas sobre drogas se basen en las diferencias entre hombres y mujeres, afirm\u00f3 Mar\u00eda Elena Medina-Mora, miembro de El Colegio Nacional y coordinadora del ciclo Seminario de Estudios sobre la Globalidad-UNAM. Grupo de trabajo de opioides. Facultad de Medicina-UNAM-INPRFM.&nbsp;<\/p>\n\n\n\n<p class=\"has-text-color\" style=\"color:#2a2626\">En una nueva sesi\u00f3n del seminario, titulada Retos para las pol\u00edticas p\u00fablicas en la atenci\u00f3n y reducci\u00f3n de da\u00f1os en el uso de drogas en mujeres y transmitida en vivo el 31 de marzo por las plataformas digitales de la dependencia, la colegiada expuso que, de acuerdo con las tendencias de consumo del \u00faltimo a\u00f1o, en la poblaci\u00f3n masculina, el consumo&nbsp; de 18 a 34 a\u00f1os es mayor que el consumo de 12 a 17 a\u00f1os; mientras que en la femenina, es al rev\u00e9s, \u201clas mujeres de 12 a 17 a\u00f1os consumen m\u00e1s que las de 18 a 34 a\u00f1os\u201d.&nbsp;<\/p>\n\n\n\n<p class=\"has-text-color\" style=\"color:#2a2626\">Explic\u00f3 que los hombres y las mujeres enferman en la misma proporci\u00f3n. \u201c30% de ellos, y 27% de ellas, han padecido alg\u00fan trastorno mental en alg\u00fan momento de su vida\u201d.&nbsp; La mujer es, en general, m\u00e1s vulnerable a los efectos de la sustancia y se estima que tarda cuatro a\u00f1os menos que los hombres en desarrollar dependencia a las drogas y siete a\u00f1os menos al alcohol. \u201cPor razones socioculturales, por ejemplo, el acceso a tratamiento es menor para ellas y la respuesta social es de mayor rechazo, llegan a tratamiento abandonadas por su pareja\u201d.&nbsp;<\/p>\n\n\n\n<p class=\"has-text-color\" style=\"color:#2a2626\">En palabras de la doctora, las expectativas de roles de g\u00e9nero se han caracterizado por las ideas culturales polarizadas del machismo y el marianismo. \u201cEl consumo masculino de sustancias en la adolescencia temprana sigue siendo estrechamente asociado con el machismo y sus expectativas de involucrarse en el abuso de drogas. Y las ideas sobre la feminidad pueden seguir estando fuertemente asociadas con el matrimonio y la procreaci\u00f3n, roles muy valorados dentro de la cultura mexicana que desalientan el consumo de sustancias\u201d.&nbsp;<\/p>\n\n\n\n<p class=\"has-text-color\" style=\"color:#2a2626\">En la mesa tambi\u00e9n participaron los especialistas Silvia L. Cruz, Clara Fleiz, Jorge Villatoro, Carmen Fern\u00e1ndez C\u00e1ceres y Ra\u00fal Martin Del Campo. Al tomar la palabra Silvia L. Cruz, del Departamento de Farmacobiolog\u00eda del Cinvestav, explic\u00f3 que, para hablar de los efectos de las drogas en las mujeres, primero es importante determinar que cuando los expertos se refieren al sexo, se\u00f1alan las caracter\u00edsticas gen\u00e9ticas, hormonales, anat\u00f3micas y fisiol\u00f3gicas, a partir de las cuales las personas son clasificadas como hombre o mujer. Pero el g\u00e9nero es el concepto que alude a las formas hist\u00f3ricas y socioculturales ambos construyen su identidad, interact\u00faan y organizan su participaci\u00f3n en la sociedad.&nbsp;<\/p>\n\n\n\n<div class=\"wp-block-buttons is-layout-flex wp-block-buttons-is-layout-flex\">\n<div class=\"wp-block-button\"><a class=\"wp-block-button__link has-background\" href=\"https:\/\/colnal.mx\/noticias\/por-cuestiones-socioculturales-el-acceso-a-tratamiento-contra-las-adicciones-es-menor-para-las-mujeres-maria-elena-medina-mora\/\" style=\"background-color:#425a69\" target=\"_blank\" rel=\"noreferrer noopener\">M\u00e1s informaci\u00f3n<\/a><\/div>\n<\/div>\n","protected":false},"excerpt":{"rendered":"<p>La vulnerabilidad de la mujer frente a los efectos del consumo de sustancias nocivas fue el tema de una nueva sesi\u00f3n del Seminario de Estudios<\/p>\n","protected":false},"author":5,"featured_media":1131,"comment_status":"closed","ping_status":"closed","sticky":false,"template":"","format":"standard","meta":{"footnotes":"","jetpack_publicize_message":"","jetpack_is_tweetstorm":false,"jetpack_publicize_feature_enabled":true},"categories":[3],"tags":[135,211,209,206,21,210,203,204,212,208,205,172,207],"jetpack_publicize_connections":[],"yoast_head":"<!-- This site is optimized with the Yoast SEO plugin v19.4 - https:\/\/yoast.com\/wordpress\/plugins\/seo\/ -->\n<title>Por cuestiones socioculturales, el acceso a tratamiento contra las adicciones es menor para las mujeres: Mar\u00eda Elena Medina-Mora -<\/title>\n<meta name=\"description\" content=\"Por cuestiones socioculturales, el acceso a tratamiento contra las adicciones es menor para las mujeres: Mar\u00eda Elena Medina-Mora\" \/>\n<meta name=\"robots\" content=\"index, follow, max-snippet:-1, max-image-preview:large, max-video-preview:-1\" \/>\n<link rel=\"canonical\" href=\"https:\/\/lafuente.mx\/?p=1127\" \/>\n<meta property=\"og:locale\" content=\"es_MX\" \/>\n<meta property=\"og:type\" content=\"article\" \/>\n<meta property=\"og:title\" content=\"Por cuestiones socioculturales, el acceso a tratamiento contra las adicciones es menor para las mujeres: Mar\u00eda Elena Medina-Mora\" \/>\n<meta property=\"og:description\" content=\"Por cuestiones socioculturales, el acceso a tratamiento contra las adicciones es menor para las mujeres: Mar\u00eda Elena Medina-Mora\" \/>\n<meta property=\"og:url\" content=\"https:\/\/lafuente.mx\/?p=1127\" \/>\n<meta property=\"article:published_time\" content=\"2023-04-17T20:31:14+00:00\" \/>\n<meta property=\"article:modified_time\" content=\"2023-04-18T20:47:24+00:00\" \/>\n<meta property=\"og:image\" content=\"http:\/\/lafuente.mx\/wp-content\/uploads\/2023\/04\/epidemic-disease-coronavirus-5082507-edited.jpg\" \/>\n\t<meta property=\"og:image:width\" content=\"853\" \/>\n\t<meta property=\"og:image:height\" content=\"529\" \/>\n\t<meta property=\"og:image:type\" content=\"image\/jpeg\" \/>\n<meta name=\"author\" content=\"Dar\u00edo Ram\u00edrez\" \/>\n<meta name=\"twitter:card\" content=\"summary_large_image\" \/>\n<meta name=\"twitter:title\" content=\"Por cuestiones socioculturales, el acceso a tratamiento contra las adicciones es menor para las mujeres: Mar\u00eda Elena Medina-Mora\" \/>\n<meta name=\"twitter:description\" content=\"Por cuestiones socioculturales, el acceso a tratamiento contra las adicciones es menor para las mujeres: Mar\u00eda Elena Medina-Mora\" \/>\n<meta name=\"twitter:image\" content=\"https:\/\/i0.wp.com\/lafuente.mx\/wp-content\/uploads\/2023\/04\/epidemic-disease-coronavirus-5082507-edited.jpg?fit=853%2C529&ssl=1\" \/>\n<meta name=\"twitter:label1\" content=\"Escrito por\" \/>\n\t<meta name=\"twitter:data1\" content=\"Dar\u00edo Ram\u00edrez\" \/>\n\t<meta name=\"twitter:label2\" content=\"Tiempo de lectura\" \/>\n\t<meta name=\"twitter:data2\" content=\"3 minutos\" \/>\n<script type=\"application\/ld+json\" class=\"yoast-schema-graph\">{\"@context\":\"https:\/\/schema.org\",\"@graph\":[{\"@type\":\"WebSite\",\"@id\":\"https:\/\/lafuente.mx\/#website\",\"url\":\"https:\/\/lafuente.mx\/\",\"name\":\"\",\"description\":\"Informaci\u00f3n confiable sobre salud mental\",\"potentialAction\":[{\"@type\":\"SearchAction\",\"target\":{\"@type\":\"EntryPoint\",\"urlTemplate\":\"https:\/\/lafuente.mx\/?s={search_term_string}\"},\"query-input\":\"required name=search_term_string\"}],\"inLanguage\":\"es-MX\"},{\"@type\":\"WebPage\",\"@id\":\"https:\/\/lafuente.mx\/?p=1127\",\"url\":\"https:\/\/lafuente.mx\/?p=1127\",\"name\":\"Por cuestiones socioculturales, el acceso a tratamiento contra las adicciones es menor para las mujeres: Mar\u00eda Elena Medina-Mora -\",\"isPartOf\":{\"@id\":\"https:\/\/lafuente.mx\/#website\"},\"datePublished\":\"2023-04-17T20:31:14+00:00\",\"dateModified\":\"2023-04-18T20:47:24+00:00\",\"author\":{\"@id\":\"https:\/\/lafuente.mx\/#\/schema\/person\/b9cc1ac3941245ec61c80638a92abfb6\"},\"description\":\"Por cuestiones socioculturales, el acceso a tratamiento contra las adicciones es menor para las mujeres: Mar\u00eda Elena Medina-Mora\",\"breadcrumb\":{\"@id\":\"https:\/\/lafuente.mx\/?p=1127#breadcrumb\"},\"inLanguage\":\"es-MX\",\"potentialAction\":[{\"@type\":\"ReadAction\",\"target\":[\"https:\/\/lafuente.mx\/?p=1127\"]}]},{\"@type\":\"BreadcrumbList\",\"@id\":\"https:\/\/lafuente.mx\/?p=1127#breadcrumb\",\"itemListElement\":[{\"@type\":\"ListItem\",\"position\":1,\"name\":\"Inicio\",\"item\":\"https:\/\/lafuente.mx\/\"},{\"@type\":\"ListItem\",\"position\":2,\"name\":\"Por cuestiones socioculturales, el acceso a tratamiento contra las adicciones es menor para las mujeres: Mar\u00eda Elena Medina-Mora\"}]},{\"@type\":\"Person\",\"@id\":\"https:\/\/lafuente.mx\/#\/schema\/person\/b9cc1ac3941245ec61c80638a92abfb6\",\"name\":\"Dar\u00edo Ram\u00edrez\",\"image\":{\"@type\":\"ImageObject\",\"inLanguage\":\"es-MX\",\"@id\":\"https:\/\/lafuente.mx\/#\/schema\/person\/image\/\",\"url\":\"https:\/\/secure.gravatar.com\/avatar\/bd5441528d8085d08a897e5789079259?s=96&d=mm&r=g\",\"contentUrl\":\"https:\/\/secure.gravatar.com\/avatar\/bd5441528d8085d08a897e5789079259?s=96&d=mm&r=g\",\"caption\":\"Dar\u00edo Ram\u00edrez\"},\"url\":\"https:\/\/lafuente.mx\/?author=5\"}]}<\/script>\n<!-- \/ Yoast SEO plugin. -->","yoast_head_json":{"title":"Por cuestiones socioculturales, el acceso a tratamiento contra las adicciones es menor para las mujeres: Mar\u00eda Elena Medina-Mora -","description":"Por cuestiones socioculturales, el acceso a tratamiento contra las adicciones es menor para las mujeres: Mar\u00eda Elena Medina-Mora","robots":{"index":"index","follow":"follow","max-snippet":"max-snippet:-1","max-image-preview":"max-image-preview:large","max-video-preview":"max-video-preview:-1"},"canonical":"https:\/\/lafuente.mx\/?p=1127","og_locale":"es_MX","og_type":"article","og_title":"Por cuestiones socioculturales, el acceso a tratamiento contra las adicciones es menor para las mujeres: Mar\u00eda Elena Medina-Mora","og_description":"Por cuestiones socioculturales, el acceso a tratamiento contra las adicciones es menor para las mujeres: Mar\u00eda Elena Medina-Mora","og_url":"https:\/\/lafuente.mx\/?p=1127","article_published_time":"2023-04-17T20:31:14+00:00","article_modified_time":"2023-04-18T20:47:24+00:00","og_image":[{"width":853,"height":529,"url":"http:\/\/lafuente.mx\/wp-content\/uploads\/2023\/04\/epidemic-disease-coronavirus-5082507-edited.jpg","type":"image\/jpeg"}],"author":"Dar\u00edo Ram\u00edrez","twitter_card":"summary_large_image","twitter_title":"Por cuestiones socioculturales, el acceso a tratamiento contra las adicciones es menor para las mujeres: Mar\u00eda Elena Medina-Mora","twitter_description":"Por cuestiones socioculturales, el acceso a tratamiento contra las adicciones es menor para las mujeres: Mar\u00eda Elena Medina-Mora","twitter_image":"https:\/\/i0.wp.com\/lafuente.mx\/wp-content\/uploads\/2023\/04\/epidemic-disease-coronavirus-5082507-edited.jpg?fit=853%2C529&ssl=1","twitter_misc":{"Escrito por":"Dar\u00edo Ram\u00edrez","Tiempo de lectura":"3 minutos"},"schema":{"@context":"https:\/\/schema.org","@graph":[{"@type":"WebSite","@id":"https:\/\/lafuente.mx\/#website","url":"https:\/\/lafuente.mx\/","name":"","description":"Informaci\u00f3n confiable sobre salud mental","potentialAction":[{"@type":"SearchAction","target":{"@type":"EntryPoint","urlTemplate":"https:\/\/lafuente.mx\/?s={search_term_string}"},"query-input":"required name=search_term_string"}],"inLanguage":"es-MX"},{"@type":"WebPage","@id":"https:\/\/lafuente.mx\/?p=1127","url":"https:\/\/lafuente.mx\/?p=1127","name":"Por cuestiones socioculturales, el acceso a tratamiento contra las adicciones es menor para las mujeres: Mar\u00eda Elena Medina-Mora -","isPartOf":{"@id":"https:\/\/lafuente.mx\/#website"},"datePublished":"2023-04-17T20:31:14+00:00","dateModified":"2023-04-18T20:47:24+00:00","author":{"@id":"https:\/\/lafuente.mx\/#\/schema\/person\/b9cc1ac3941245ec61c80638a92abfb6"},"description":"Por cuestiones socioculturales, el acceso a tratamiento contra las adicciones es menor para las mujeres: Mar\u00eda Elena Medina-Mora","breadcrumb":{"@id":"https:\/\/lafuente.mx\/?p=1127#breadcrumb"},"inLanguage":"es-MX","potentialAction":[{"@type":"ReadAction","target":["https:\/\/lafuente.mx\/?p=1127"]}]},{"@type":"BreadcrumbList","@id":"https:\/\/lafuente.mx\/?p=1127#breadcrumb","itemListElement":[{"@type":"ListItem","position":1,"name":"Inicio","item":"https:\/\/lafuente.mx\/"},{"@type":"ListItem","position":2,"name":"Por cuestiones socioculturales, el acceso a tratamiento contra las adicciones es menor para las mujeres: Mar\u00eda Elena Medina-Mora"}]},{"@type":"Person","@id":"https:\/\/lafuente.mx\/#\/schema\/person\/b9cc1ac3941245ec61c80638a92abfb6","name":"Dar\u00edo Ram\u00edrez","image":{"@type":"ImageObject","inLanguage":"es-MX","@id":"https:\/\/lafuente.mx\/#\/schema\/person\/image\/","url":"https:\/\/secure.gravatar.com\/avatar\/bd5441528d8085d08a897e5789079259?s=96&d=mm&r=g","contentUrl":"https:\/\/secure.gravatar.com\/avatar\/bd5441528d8085d08a897e5789079259?s=96&d=mm&r=g","caption":"Dar\u00edo Ram\u00edrez"},"url":"https:\/\/lafuente.mx\/?author=5"}]}},"jetpack_featured_media_url":"https:\/\/i0.wp.com\/lafuente.mx\/wp-content\/uploads\/2023\/04\/epidemic-disease-coronavirus-5082507-edited.jpg?fit=853%2C529&ssl=1","jetpack-related-posts":[{"id":1306,"url":"https:\/\/lafuente.mx\/?p=1306","url_meta":{"origin":1127,"position":0},"title":"El consumo de sustancias psicoactivas y su impacto en la pandemia\u00a0","date":"junio 14, 2023","format":false,"excerpt":"Mar\u00eda Elena Medina Mora, Martha Cordero, Claudia Rafful, Alejandra L\u00f3pez, Arturo Ruiz-Ruis\u00e1nchez, Jorge Villatoro Se abordan estudios realizados en M\u00e9xico con respecto al consumo de sustancias psicoactivas en distintos grupos. A pesar de que a\u00fan no se cuenta con una encuesta nacional representativa de la poblaci\u00f3n, presentamos la informaci\u00f3n cient\u00edfica\u2026","rel":"","context":"En &quot;Publicaciones&quot;","img":{"alt_text":"","src":"https:\/\/i0.wp.com\/lafuente.mx\/wp-content\/uploads\/2023\/06\/DCM.jpg?resize=350%2C200&ssl=1","width":350,"height":200},"classes":[]},{"id":1357,"url":"https:\/\/lafuente.mx\/?p=1357","url_meta":{"origin":1127,"position":1},"title":"Implicaciones del Informe Mundial de Drogas 2023: RETOS Y DESAF\u00cdOS PARA NUESTRO CONTINENTE\u00a0","date":"junio 28, 2023","format":false,"excerpt":"Grupo de Trabajo de Opioides del Seminario de Estudios sobre la Globalidad de la UNAM invita:\u00a0 Implicaciones del Informe Mundial de Drogas 2023: RETOS Y DESAF\u00cdOS PARA NUESTRO CONTINENTE\u00a0 29 de junio, 2023\u00a0 9:00 a 11:00 horas Transmisi\u00f3n en vivo @INPRFM\u00a0 Palabras de bienvenida\u00a0 Mar\u00eda Elena Medina Mora\u00a0 Presentaci\u00f3n de\u2026","rel":"","context":"En &quot;Eventos Acad\u00e9micos del INPRFM&quot;","img":{"alt_text":"","src":"https:\/\/i0.wp.com\/lafuente.mx\/wp-content\/uploads\/2023\/06\/Captura-de-Pantalla-2023-06-27-a-las-10.41.11-1.png?fit=420%2C420&ssl=1&resize=350%2C200","width":350,"height":200},"classes":[]},{"id":2950,"url":"https:\/\/lafuente.mx\/?p=2950","url_meta":{"origin":1127,"position":2},"title":"Las adicciones y la salud mental en M\u00e9xico\u00a0","date":"junio 9, 2025","format":false,"excerpt":"Junio, 2025\u00a0 \u201cLas adicciones est\u00e1n consideradas como una enfermedad mental y registran una mortalidad excesiva que tambi\u00e9n tenemos que atender y que no necesariamente se incluye cuando se hacen las evaluaciones de cu\u00e1l es la carga de la enfermedad mental\u201d, coment\u00f3 la doctora Mar\u00eda Elena Medina Mora Icaza, responsable del\u2026","rel":"","context":"En &quot;Noticias&quot;","img":{"alt_text":"","src":"https:\/\/i0.wp.com\/lafuente.mx\/wp-content\/uploads\/2025\/06\/Captura-de-pantalla-2025-06-06-a-las-11.57.12.png?fit=874%2C840&ssl=1&resize=350%2C200","width":350,"height":200},"classes":[]},{"id":1135,"url":"https:\/\/lafuente.mx\/?p=1135","url_meta":{"origin":1127,"position":3},"title":"Derechos de los migrantes","date":"abril 18, 2023","format":false,"excerpt":"Viernes 21 de abril 18:00 h Seminario permanente - El derecho y la salud mental Seminario de estudios sobre la globalidad UNAM \/ INPRFM Coordina:\u00a0Mar\u00eda Elena Medina-Mora Participan:\u00a0Hilda D\u00e1vila Ch\u00e1vez, Mario Luis Fuentes, et al. Imagen Colegio Nacional Transmisi\u00f3n en vivo El Colegio NacionalDonceles 104, Centro Hist\u00f3rico, 06020, CDMX M\u00e1s\u2026","rel":"","context":"En &quot;Eventos externos&quot;","img":{"alt_text":"","src":"https:\/\/i0.wp.com\/lafuente.mx\/wp-content\/uploads\/2023\/04\/Captura-de-Pantalla-2023-04-18-a-las-11.21.44.png?fit=690%2C752&ssl=1&resize=350%2C200","width":350,"height":200},"classes":[]},{"id":2615,"url":"https:\/\/lafuente.mx\/?p=2615","url_meta":{"origin":1127,"position":4},"title":"Opiniones sobre el uso m\u00e9dico, recreativo y legalizaci\u00f3n de la marihuana en M\u00e9xico: resultados de una encuesta nacional\u00a0","date":"octubre 25, 2024","format":false,"excerpt":"Shoshana Berenzon-Gorn,1, Nayelhi Saavedra-Solano,1, Marycarmen Bustos-Gami\u00f1o,1, Raquel Mondrag\u00f3n,5, Clara Fleiz-Bautista,1,2, Silvia Carre\u00f1o,1, Mar\u00eda Elena Medina-Mora,1-4, Jorge Villatoro-Vel\u00e1zquez1,2\u00a0 Direcci\u00f3n de Investigaciones Epidemiol\u00f3gicas y Psicosociales, Instituto Nacional de Psiquiatr\u00eda Ram\u00f3n de la Fuente Mu\u00f1iz (INPRFM), Ciudad de M\u00e9xico, M\u00e9xico.\u00a0 \u00a0Seminario de Estudios de la Globalidad. Facultad de Medicina, Universidad Nacional Aut\u00f3noma de\u2026","rel":"","context":"En &quot;Revista Salud Mental&quot;","img":{"alt_text":"leaf, nature, flora-3065626.jpg","src":"https:\/\/i0.wp.com\/lafuente.mx\/wp-content\/uploads\/2024\/10\/leaf-nature-flora-3065626.jpg?fit=1200%2C800&ssl=1&resize=350%2C200","width":350,"height":200},"classes":[]},{"id":3461,"url":"https:\/\/lafuente.mx\/?p=3461","url_meta":{"origin":1127,"position":5},"title":"La interrelaci\u00f3n del consumo de alcohol de los padres, las pr\u00e1cticas de los padres y el consumo excesivo de alcohol entre estudiantes de secundaria y preparatoria: an\u00e1lisis de una encuesta nacional\u00a0","date":"noviembre 20, 2025","format":false,"excerpt":"Raquel Mondrag\u00f3n G\u00f3mez 1, Jorge A. Villatoro Vel\u00e1zquez 2,\u00a0 *Maria Elena Medina-Mora Icaza1, 3, 4 Emilia Lucio y G\u00f3mez Maqueo 1\u00a0 1 Facultad de Psicolog\u00eda, Universidad Nacional Aut\u00f3noma de M\u00e9xico (UNAM), Ciudad de M\u00e9xico, M\u00e9xico\u00a0 2 Instituto Nacional de Psiquiatr\u00eda Ram\u00f3n de la Fuente Mu\u00f1iz (INPRFM), Ciudad de M\u00e9xico, M\u00e9xico\u00a0\u2026","rel":"","context":"En &quot;Publicaciones&quot;","img":{"alt_text":"","src":"https:\/\/i0.wp.com\/lafuente.mx\/wp-content\/uploads\/2025\/11\/ChatGPT-Image-20-nov-2025-02_33_11-p.m.png?fit=1200%2C800&ssl=1&resize=350%2C200","width":350,"height":200},"classes":[]}],"jetpack_sharing_enabled":true,"jetpack_shortlink":"https:\/\/wp.me\/pe9WUx-ib","_links":{"self":[{"href":"https:\/\/lafuente.mx\/index.php?rest_route=\/wp\/v2\/posts\/1127"}],"collection":[{"href":"https:\/\/lafuente.mx\/index.php?rest_route=\/wp\/v2\/posts"}],"about":[{"href":"https:\/\/lafuente.mx\/index.php?rest_route=\/wp\/v2\/types\/post"}],"author":[{"embeddable":true,"href":"https:\/\/lafuente.mx\/index.php?rest_route=\/wp\/v2\/users\/5"}],"replies":[{"embeddable":true,"href":"https:\/\/lafuente.mx\/index.php?rest_route=%2Fwp%2Fv2%2Fcomments&post=1127"}],"version-history":[{"count":5,"href":"https:\/\/lafuente.mx\/index.php?rest_route=\/wp\/v2\/posts\/1127\/revisions"}],"predecessor-version":[{"id":1148,"href":"https:\/\/lafuente.mx\/index.php?rest_route=\/wp\/v2\/posts\/1127\/revisions\/1148"}],"wp:featuredmedia":[{"embeddable":true,"href":"https:\/\/lafuente.mx\/index.php?rest_route=\/wp\/v2\/media\/1131"}],"wp:attachment":[{"href":"https:\/\/lafuente.mx\/index.php?rest_route=%2Fwp%2Fv2%2Fmedia&parent=1127"}],"wp:term":[{"taxonomy":"category","embeddable":true,"href":"https:\/\/lafuente.mx\/index.php?rest_route=%2Fwp%2Fv2%2Fcategories&post=1127"},{"taxonomy":"post_tag","embeddable":true,"href":"https:\/\/lafuente.mx\/index.php?rest_route=%2Fwp%2Fv2%2Ftags&post=1127"}],"curies":[{"name":"wp","href":"https:\/\/api.w.org\/{rel}","templated":true}]}}