{"id":1108,"date":"2023-04-13T18:27:06","date_gmt":"2023-04-13T18:27:06","guid":{"rendered":"https:\/\/lafuente.mx\/?p=1108"},"modified":"2023-04-18T20:21:29","modified_gmt":"2023-04-18T20:21:29","slug":"el-papel-de-la-educacion-de-los-padres-sobre-el-abuso-verbal-y-su-impacto-en-la-salud-mental-de-los-adultos-jovenes","status":"publish","type":"post","link":"https:\/\/lafuente.mx\/?p=1108","title":{"rendered":"El papel de la educaci\u00f3n de los padres sobre el abuso verbal y su impacto en la salud mental de los adultos j\u00f3venes\u00a0"},"content":{"rendered":"\n<p>MalidaTsani Fairuzza, Thoyyibatus Sarirah, Drina Intyaswati<\/p>\n\n\n\n<hr class=\"wp-block-separator aligncenter has-alpha-channel-opacity is-style-wide\"\/>\n\n\n<div class=\"wp-block-image\">\n<figure class=\"aligncenter size-large is-resized\"><img decoding=\"async\" loading=\"lazy\" src=\"https:\/\/i0.wp.com\/lafuente.mx\/wp-content\/uploads\/2023\/04\/image-1-edited.png?resize=640%2C360&#038;ssl=1\" alt=\"\" class=\"wp-image-1112\" width=\"640\" height=\"360\" srcset=\"https:\/\/i0.wp.com\/lafuente.mx\/wp-content\/uploads\/2023\/04\/image-1-edited.png?w=1380&amp;ssl=1 1380w, https:\/\/i0.wp.com\/lafuente.mx\/wp-content\/uploads\/2023\/04\/image-1-edited.png?resize=300%2C169&amp;ssl=1 300w, https:\/\/i0.wp.com\/lafuente.mx\/wp-content\/uploads\/2023\/04\/image-1-edited.png?resize=1024%2C577&amp;ssl=1 1024w, https:\/\/i0.wp.com\/lafuente.mx\/wp-content\/uploads\/2023\/04\/image-1-edited.png?resize=768%2C432&amp;ssl=1 768w, https:\/\/i0.wp.com\/lafuente.mx\/wp-content\/uploads\/2023\/04\/image-1-edited.png?w=1280 1280w\" sizes=\"(max-width: 640px) 100vw, 640px\" data-recalc-dims=\"1\" \/><\/figure><\/div>\n\n\n<hr class=\"wp-block-separator aligncenter has-alpha-channel-opacity is-style-wide\"\/>\n\n\n\n<p><\/p>\n\n\n\n<p style=\"font-size:18px\"><strong>Resumen:&nbsp;<\/strong><\/p>\n\n\n\n<p><strong>Introducci\u00f3n.<\/strong> El abuso verbal es una de las violencias dom\u00e9sticas que a\u00fan se subestima porque no tiene ning\u00fan efecto f\u00edsico directo; de hecho, tiene un impacto tremendo en la salud mental de los adultos j\u00f3venes.&nbsp;<br>&nbsp;<br><strong>Objetivo.<\/strong> Este estudio quer\u00eda confirmar el efecto negativo del abuso verbal en la salud mental. Adem\u00e1s, tambi\u00e9n se prev\u00e9 que la educaci\u00f3n de los padres desempe\u00f1e un papel en la salud mental de los adultos j\u00f3venes.&nbsp;<br>&nbsp;<br><strong>M\u00e9todo. <\/strong>Este estudio utiliza un enfoque cuantitativo con una muestra total de 160 encuestados que consta de 47 hombres y 113 mujeres. La recolecci\u00f3n de datos se llev\u00f3 a cabo mediante la distribuci\u00f3n de cuestionarios a trav\u00e9s de las redes sociales, con el criterio de que los encuestados se encontraran en el rango de 18 a 22 a\u00f1os y fueran cuidados por sus padres en la infancia.&nbsp;<br>&nbsp;<br><strong>Resultados.<\/strong> Los resultados mostraron un efecto negativo y significativo del abuso verbal de los padres en la infancia sobre la salud mental en el adulto joven. Adem\u00e1s, la educaci\u00f3n del padre tambi\u00e9n tiene un efecto positivo en la salud mental de los adultos j\u00f3venes, mientras que la educaci\u00f3n de la madre no influye en la salud mental.&nbsp;<br>&nbsp;<br><strong>Discusi\u00f3n y conclusi\u00f3n.<\/strong> El abuso verbal de los padres cuando era joven tendr\u00e1 un impacto en la salud mental de uno en el adulto joven. Se espera que la investigaci\u00f3n futura observe qui\u00e9n comete abuso verbal con m\u00e1s detalle y aumente el tama\u00f1o de la muestra para evaluar el efecto de la educaci\u00f3n materna.&nbsp;<\/p>\n\n\n\n<p><\/p>\n\n\n\n<div class=\"wp-block-buttons is-layout-flex wp-block-buttons-is-layout-flex\">\n<div class=\"wp-block-button\"><a class=\"wp-block-button__link has-background\" href=\"http:\/\/revistasaludmental.mx\/index.php\/salud_mental\/article\/view\/SM.0185-3325.2023.004\/4174\" style=\"background-color:#8c1a1a\" target=\"_blank\" rel=\"noreferrer noopener\">Leer el art\u00edculo completo<\/a><\/div>\n<\/div>\n\n\n\n<p><\/p>\n\n\n<div class=\"wp-block-image\">\n<figure class=\"aligncenter size-large\"><a href=\"http:\/\/www.revistasaludmental.mx\/index.php\/salud_mental\" target=\"_blank\" rel=\"noreferrer noopener\"><img decoding=\"async\" loading=\"lazy\" width=\"640\" height=\"143\" src=\"https:\/\/i0.wp.com\/lafuente.mx\/wp-content\/uploads\/2023\/02\/SM.jpg?resize=640%2C143\" alt=\"\" class=\"wp-image-735\" srcset=\"https:\/\/i0.wp.com\/lafuente.mx\/wp-content\/uploads\/2023\/02\/SM.jpg?resize=1024%2C228&amp;ssl=1 1024w, https:\/\/i0.wp.com\/lafuente.mx\/wp-content\/uploads\/2023\/02\/SM.jpg?resize=300%2C67&amp;ssl=1 300w, https:\/\/i0.wp.com\/lafuente.mx\/wp-content\/uploads\/2023\/02\/SM.jpg?resize=768%2C171&amp;ssl=1 768w, https:\/\/i0.wp.com\/lafuente.mx\/wp-content\/uploads\/2023\/02\/SM.jpg?w=1120&amp;ssl=1 1120w\" sizes=\"(max-width: 640px) 100vw, 640px\" data-recalc-dims=\"1\" \/><\/a><\/figure><\/div>","protected":false},"excerpt":{"rendered":"<p>MalidaTsani Fairuzza, Thoyyibatus Sarirah, Drina Intyaswati Resumen:&nbsp; Introducci\u00f3n. El abuso verbal es una de las violencias dom\u00e9sticas que a\u00fan se subestima porque no tiene ning\u00fan<\/p>\n","protected":false},"author":5,"featured_media":1112,"comment_status":"closed","ping_status":"closed","sticky":false,"template":"","format":"standard","meta":{"footnotes":"","jetpack_publicize_message":"","jetpack_is_tweetstorm":false,"jetpack_publicize_feature_enabled":true},"categories":[11],"tags":[196,197,201,195,199,198,202,32,200],"jetpack_publicize_connections":[],"yoast_head":"<!-- This site is optimized with the Yoast SEO plugin v19.4 - https:\/\/yoast.com\/wordpress\/plugins\/seo\/ -->\n<title>El papel de la educaci\u00f3n de los padres sobre el abuso verbal y su impacto en la salud mental de los adultos j\u00f3venes\u00a0 -<\/title>\n<meta name=\"description\" content=\"El papel de la educaci\u00f3n de los padres sobre el abuso verbal y su impacto en la salud mental de los adultos j\u00f3venes\" \/>\n<meta name=\"robots\" content=\"index, follow, max-snippet:-1, max-image-preview:large, max-video-preview:-1\" \/>\n<link rel=\"canonical\" href=\"https:\/\/lafuente.mx\/?p=1108\" \/>\n<meta property=\"og:locale\" content=\"es_MX\" \/>\n<meta property=\"og:type\" content=\"article\" \/>\n<meta property=\"og:title\" content=\"El papel de la educaci\u00f3n de los padres sobre el abuso verbal y su impacto en la salud mental de los adultos j\u00f3venes\" \/>\n<meta property=\"og:description\" content=\"El papel de la educaci\u00f3n de los padres sobre el abuso verbal y su impacto en la salud mental de los adultos j\u00f3venes\" \/>\n<meta property=\"og:url\" content=\"https:\/\/lafuente.mx\/?p=1108\" \/>\n<meta property=\"article:published_time\" content=\"2023-04-13T18:27:06+00:00\" \/>\n<meta property=\"article:modified_time\" content=\"2023-04-18T20:21:29+00:00\" \/>\n<meta property=\"og:image\" content=\"http:\/\/lafuente.mx\/wp-content\/uploads\/2023\/04\/image-1-edited.png\" \/>\n\t<meta property=\"og:image:width\" content=\"1380\" \/>\n\t<meta property=\"og:image:height\" content=\"777\" \/>\n\t<meta property=\"og:image:type\" content=\"image\/png\" \/>\n<meta name=\"author\" content=\"Dar\u00edo Ram\u00edrez\" \/>\n<meta name=\"twitter:card\" content=\"summary_large_image\" \/>\n<meta name=\"twitter:title\" content=\"El papel de la educaci\u00f3n de los padres sobre el abuso verbal y su impacto en la salud mental de los adultos j\u00f3venes\" \/>\n<meta name=\"twitter:description\" content=\"El papel de la educaci\u00f3n de los padres sobre el abuso verbal y su impacto en la salud mental de los adultos j\u00f3venes\" \/>\n<meta name=\"twitter:image\" content=\"https:\/\/i0.wp.com\/lafuente.mx\/wp-content\/uploads\/2023\/04\/image-1-edited.png?fit=1380%2C777&ssl=1\" \/>\n<meta name=\"twitter:label1\" content=\"Escrito por\" \/>\n\t<meta name=\"twitter:data1\" content=\"Dar\u00edo Ram\u00edrez\" \/>\n\t<meta name=\"twitter:label2\" content=\"Tiempo de lectura\" \/>\n\t<meta name=\"twitter:data2\" content=\"2 minutos\" \/>\n<script type=\"application\/ld+json\" class=\"yoast-schema-graph\">{\"@context\":\"https:\/\/schema.org\",\"@graph\":[{\"@type\":\"WebSite\",\"@id\":\"https:\/\/lafuente.mx\/#website\",\"url\":\"https:\/\/lafuente.mx\/\",\"name\":\"\",\"description\":\"Informaci\u00f3n confiable sobre salud mental\",\"potentialAction\":[{\"@type\":\"SearchAction\",\"target\":{\"@type\":\"EntryPoint\",\"urlTemplate\":\"https:\/\/lafuente.mx\/?s={search_term_string}\"},\"query-input\":\"required name=search_term_string\"}],\"inLanguage\":\"es-MX\"},{\"@type\":\"WebPage\",\"@id\":\"https:\/\/lafuente.mx\/?p=1108\",\"url\":\"https:\/\/lafuente.mx\/?p=1108\",\"name\":\"El papel de la educaci\u00f3n de los padres sobre el abuso verbal y su impacto en la salud mental de los adultos j\u00f3venes\u00a0 -\",\"isPartOf\":{\"@id\":\"https:\/\/lafuente.mx\/#website\"},\"datePublished\":\"2023-04-13T18:27:06+00:00\",\"dateModified\":\"2023-04-18T20:21:29+00:00\",\"author\":{\"@id\":\"https:\/\/lafuente.mx\/#\/schema\/person\/b9cc1ac3941245ec61c80638a92abfb6\"},\"description\":\"El papel de la educaci\u00f3n de los padres sobre el abuso verbal y su impacto en la salud mental de los adultos j\u00f3venes\",\"breadcrumb\":{\"@id\":\"https:\/\/lafuente.mx\/?p=1108#breadcrumb\"},\"inLanguage\":\"es-MX\",\"potentialAction\":[{\"@type\":\"ReadAction\",\"target\":[\"https:\/\/lafuente.mx\/?p=1108\"]}]},{\"@type\":\"BreadcrumbList\",\"@id\":\"https:\/\/lafuente.mx\/?p=1108#breadcrumb\",\"itemListElement\":[{\"@type\":\"ListItem\",\"position\":1,\"name\":\"Inicio\",\"item\":\"https:\/\/lafuente.mx\/\"},{\"@type\":\"ListItem\",\"position\":2,\"name\":\"El papel de la educaci\u00f3n de los padres sobre el abuso verbal y su impacto en la salud mental de los adultos j\u00f3venes\u00a0\"}]},{\"@type\":\"Person\",\"@id\":\"https:\/\/lafuente.mx\/#\/schema\/person\/b9cc1ac3941245ec61c80638a92abfb6\",\"name\":\"Dar\u00edo Ram\u00edrez\",\"image\":{\"@type\":\"ImageObject\",\"inLanguage\":\"es-MX\",\"@id\":\"https:\/\/lafuente.mx\/#\/schema\/person\/image\/\",\"url\":\"https:\/\/secure.gravatar.com\/avatar\/bd5441528d8085d08a897e5789079259?s=96&d=mm&r=g\",\"contentUrl\":\"https:\/\/secure.gravatar.com\/avatar\/bd5441528d8085d08a897e5789079259?s=96&d=mm&r=g\",\"caption\":\"Dar\u00edo Ram\u00edrez\"},\"url\":\"https:\/\/lafuente.mx\/?author=5\"}]}<\/script>\n<!-- \/ Yoast SEO plugin. -->","yoast_head_json":{"title":"El papel de la educaci\u00f3n de los padres sobre el abuso verbal y su impacto en la salud mental de los adultos j\u00f3venes\u00a0 -","description":"El papel de la educaci\u00f3n de los padres sobre el abuso verbal y su impacto en la salud mental de los adultos j\u00f3venes","robots":{"index":"index","follow":"follow","max-snippet":"max-snippet:-1","max-image-preview":"max-image-preview:large","max-video-preview":"max-video-preview:-1"},"canonical":"https:\/\/lafuente.mx\/?p=1108","og_locale":"es_MX","og_type":"article","og_title":"El papel de la educaci\u00f3n de los padres sobre el abuso verbal y su impacto en la salud mental de los adultos j\u00f3venes","og_description":"El papel de la educaci\u00f3n de los padres sobre el abuso verbal y su impacto en la salud mental de los adultos j\u00f3venes","og_url":"https:\/\/lafuente.mx\/?p=1108","article_published_time":"2023-04-13T18:27:06+00:00","article_modified_time":"2023-04-18T20:21:29+00:00","og_image":[{"width":1380,"height":777,"url":"http:\/\/lafuente.mx\/wp-content\/uploads\/2023\/04\/image-1-edited.png","type":"image\/png"}],"author":"Dar\u00edo Ram\u00edrez","twitter_card":"summary_large_image","twitter_title":"El papel de la educaci\u00f3n de los padres sobre el abuso verbal y su impacto en la salud mental de los adultos j\u00f3venes","twitter_description":"El papel de la educaci\u00f3n de los padres sobre el abuso verbal y su impacto en la salud mental de los adultos j\u00f3venes","twitter_image":"https:\/\/i0.wp.com\/lafuente.mx\/wp-content\/uploads\/2023\/04\/image-1-edited.png?fit=1380%2C777&ssl=1","twitter_misc":{"Escrito por":"Dar\u00edo Ram\u00edrez","Tiempo de lectura":"2 minutos"},"schema":{"@context":"https:\/\/schema.org","@graph":[{"@type":"WebSite","@id":"https:\/\/lafuente.mx\/#website","url":"https:\/\/lafuente.mx\/","name":"","description":"Informaci\u00f3n confiable sobre salud mental","potentialAction":[{"@type":"SearchAction","target":{"@type":"EntryPoint","urlTemplate":"https:\/\/lafuente.mx\/?s={search_term_string}"},"query-input":"required name=search_term_string"}],"inLanguage":"es-MX"},{"@type":"WebPage","@id":"https:\/\/lafuente.mx\/?p=1108","url":"https:\/\/lafuente.mx\/?p=1108","name":"El papel de la educaci\u00f3n de los padres sobre el abuso verbal y su impacto en la salud mental de los adultos j\u00f3venes\u00a0 -","isPartOf":{"@id":"https:\/\/lafuente.mx\/#website"},"datePublished":"2023-04-13T18:27:06+00:00","dateModified":"2023-04-18T20:21:29+00:00","author":{"@id":"https:\/\/lafuente.mx\/#\/schema\/person\/b9cc1ac3941245ec61c80638a92abfb6"},"description":"El papel de la educaci\u00f3n de los padres sobre el abuso verbal y su impacto en la salud mental de los adultos j\u00f3venes","breadcrumb":{"@id":"https:\/\/lafuente.mx\/?p=1108#breadcrumb"},"inLanguage":"es-MX","potentialAction":[{"@type":"ReadAction","target":["https:\/\/lafuente.mx\/?p=1108"]}]},{"@type":"BreadcrumbList","@id":"https:\/\/lafuente.mx\/?p=1108#breadcrumb","itemListElement":[{"@type":"ListItem","position":1,"name":"Inicio","item":"https:\/\/lafuente.mx\/"},{"@type":"ListItem","position":2,"name":"El papel de la educaci\u00f3n de los padres sobre el abuso verbal y su impacto en la salud mental de los adultos j\u00f3venes\u00a0"}]},{"@type":"Person","@id":"https:\/\/lafuente.mx\/#\/schema\/person\/b9cc1ac3941245ec61c80638a92abfb6","name":"Dar\u00edo Ram\u00edrez","image":{"@type":"ImageObject","inLanguage":"es-MX","@id":"https:\/\/lafuente.mx\/#\/schema\/person\/image\/","url":"https:\/\/secure.gravatar.com\/avatar\/bd5441528d8085d08a897e5789079259?s=96&d=mm&r=g","contentUrl":"https:\/\/secure.gravatar.com\/avatar\/bd5441528d8085d08a897e5789079259?s=96&d=mm&r=g","caption":"Dar\u00edo Ram\u00edrez"},"url":"https:\/\/lafuente.mx\/?author=5"}]}},"jetpack_featured_media_url":"https:\/\/i0.wp.com\/lafuente.mx\/wp-content\/uploads\/2023\/04\/image-1-edited.png?fit=1380%2C777&ssl=1","jetpack-related-posts":[{"id":2288,"url":"https:\/\/lafuente.mx\/?p=2288","url_meta":{"origin":1108,"position":0},"title":"Perfiles psicosociales de mujeres que interrumpieron legalmente un embarazo en la Ciudad de M\u00e9xico","date":"mayo 16, 2024","format":false,"excerpt":"Karla Flores-Celis,1, Martha Cordero Oropeza,2, Luciana Esther Ramos-Lira3\u00a0 Programa de Maestr\u00eda y Doctorado en Medicina, Odontolog\u00eda y Ciencias de la Salud, Universidad Nacional Aut\u00f3noma de M\u00e9xico, Ciudad de M\u00e9xico, M\u00e9xico.\u00a0 Direcci\u00f3n de Servicios Cl\u00ednicos, Instituto Nacional de Psiquiatr\u00eda Ram\u00f3n de la Fuente Mu\u00f1iz, Ciudad de M\u00e9xico, M\u00e9xico.\u00a0 Direcci\u00f3n de Investigaciones\u2026","rel":"","context":"En &quot;Revista Salud Mental&quot;","img":{"alt_text":"watercolor, portrait, character-1020509.jpg","src":"https:\/\/i0.wp.com\/lafuente.mx\/wp-content\/uploads\/2024\/05\/watercolor-portrait-character-1020509.jpg?fit=1200%2C881&ssl=1&resize=350%2C200","width":350,"height":200},"classes":[]},{"id":1860,"url":"https:\/\/lafuente.mx\/?p=1860","url_meta":{"origin":1108,"position":1},"title":"\u00bfQu\u00e9 tanto influye la obesidad en la salud mental?\u00a0","date":"noviembre 10, 2023","format":false,"excerpt":"Entre el 30 y el 60% de las personas con obesidad experimentan condiciones de salud mental, como depresi\u00f3n, ansiedad, baja autoestima o alteraciones en su comportamiento alimentario.\u00a0 Por\u00a0Redacci\u00f3n\/GH\u00a0 11 de Octubre de 2023\u00a0 Ciudad de M\u00e9xico Expertos alertan sobre la conexi\u00f3n entre\u00a0la obesidad y la salud mental,\u00a0una preocupaci\u00f3n cada vez\u2026","rel":"","context":"En &quot;Noticias&quot;","img":{"alt_text":"","src":"https:\/\/i0.wp.com\/lafuente.mx\/wp-content\/uploads\/2023\/11\/600x400_hambre-emocional-dreamstime.jpeg?fit=600%2C400&ssl=1&resize=350%2C200","width":350,"height":200},"classes":[]},{"id":3614,"url":"https:\/\/lafuente.mx\/?p=3614","url_meta":{"origin":1108,"position":2},"title":"Evaluaci\u00f3n de la salud del sue\u00f1o y la actividad f\u00edsica en adultos j\u00f3venes durante la pandemia\u00a0","date":"marzo 25, 2026","format":false,"excerpt":"\u00dclk\u00fc\u00a0Sayg\u0131l\u0131\u00a0D\u00fczova,1, Hatice\u00a0Serap\u00a0Ko\u00e7ak,2, Emine\u00a0Kaplan Serin,3, Sevim\u00a0S\u00fceda\u00a0Aladag\u00a0\u0306,4, Buket\u00a0Bostan4\u00a0 Assist. Prof., PhD., RN;\u00a0Sel\u00e7uk\u00a0University,\u00a0Faculty\u00a0of\u00a0Nursing,\u00a0Department\u00a0of\u00a0Internal\u00a0Medicine\u00a0Nursing, Konya,\u00a0Turkey.\u00a0 Assoc. Prof., PhD., RN; Gaziantep\u00a0University,\u00a0Faculty\u00a0of\u00a0Health\u00a0Sciences,\u00a0Department\u00a0of\u00a0Public\u00a0Health\u00a0Nursing, Gaziantep,\u00a0Turkey.\u00a0 Assoc. Prof., PhD., RN; Mersin\u00a0University,\u00a0Faculty\u00a0of\u00a0Nursing,\u00a0Department\u00a0of\u00a0Internal\u00a0Medicine\u00a0Nursing, Mersin,\u00a0Turkey.\u00a0 Sel\u00e7uk\u00a0University,\u00a0Vocational\u00a0School\u00a0of\u00a0Health\u00a0Services,\u00a0Department\u00a0of\u00a0Healthcare\u00a0Services, Konya,\u00a0Turkey\u00a0 Imagen creada con IA Introducci\u00f3n.\u00a0 Las restricciones, las medidas de aislamiento social, el aumento del estr\u00e9s y los cambios en las rutinas diarias durante la\u2026","rel":"","context":"En &quot;Revista Salud Mental&quot;","img":{"alt_text":"","src":"https:\/\/i0.wp.com\/lafuente.mx\/wp-content\/uploads\/2026\/03\/ChatGPT-Image-25-mar-2026-10_19_46-a.m.png?fit=1200%2C800&ssl=1&resize=350%2C200","width":350,"height":200},"classes":[]},{"id":3548,"url":"https:\/\/lafuente.mx\/?p=3548","url_meta":{"origin":1108,"position":3},"title":"La carga de cuidado entre los cuidadores de adultos mayores con enfermedad de Alzheimer perjudica su calidad de vida: un estudio transversal en Brasil\u00a0","date":"enero 20, 2026","format":false,"excerpt":"Chia\u00a0Chen Lin\u00a0 Departamento de Fisioterapia,\u00a0Universidade\u00a0Cesumar,\u00a0Maring\u00e1, Paran\u00e1, Brasil.\u00a0 Izabela\u00a0Vit\u00f3ria Pereira Marques\u00a0 Departamento de Fisioterapia,\u00a0Universidade\u00a0Cesumar,\u00a0Maring\u00e1, Paran\u00e1, Brasil.\u00a0 Jos\u00e9 Roberto Andrade do Nascimento\u00a0J\u00fanio\u00a0 Departamento de Educaci\u00f3n F\u00edsica,\u00a0Universidade\u00a0Federal do Vale do S\u00e3o Francisco,\u00a0Petrolina, Pernambuco, Brasil.\u00a0 Carolina\u00a0Rodrigues\u00a0Lyra\u00a0 Departamento de Fisioterapia,\u00a0Universidade\u00a0Cesumar,\u00a0Maring\u00e1, Paran\u00e1, Brasil.\u00a0 Eduardo\u00a0Quadros\u00a0da Silva\u00a0 Departamento de Educaci\u00f3n F\u00edsica,\u00a0Universidade\u00a0Federal do Vale do S\u00e3o Francisco,\u00a0Petrolina, Pernambuco, Brasil.\u00a0\u2026","rel":"","context":"En &quot;Revista Salud Mental&quot;","img":{"alt_text":"ai generated, man, masculine, face, beard, person, old, senior, thoughtful, think, grey-haired, charisma, expression, portrait-9416091.jpg","src":"https:\/\/i0.wp.com\/lafuente.mx\/wp-content\/uploads\/2026\/01\/ai-generated-man-masculine-face-beard-person-old-senior-thoughtful-think-grey-haired-charisma-expression-portrait-9416091.jpg?fit=1200%2C796&ssl=1&resize=350%2C200","width":350,"height":200},"classes":[]},{"id":2027,"url":"https:\/\/lafuente.mx\/?p=2027","url_meta":{"origin":1108,"position":4},"title":"\u00bfHay inter\u00e9s de los adultos mexicanos en estar preparados en caso de desarrollar Alzheimer u otra demencia?\u00a0","date":"enero 23, 2024","format":false,"excerpt":"Ma. Luisa Marv\u00e1n,1 Rosa Lilia Castillo-L\u00f3pez,2 Dennys Onofre-Corredor, 3 Ingrid Vargas-Huicochea,3 Asunci\u00f3n \u00c1lvarez-del-R\u00edo 3\u00a0 Instituto de Investigaciones Psicol\u00f3gicas, Universidad Veracruzana, Veracruz, M\u00e9xico.2 Departamento de Psicolog\u00eda, Centro Estatal de Cancerolog\u00eda Dr. Miguel Dorantes Mesa, Veracruz, M\u00e9xico.3 Departmento de Psiquiatr\u00eda y Salud Mental, Facultad de Medicina, Universidad Nacional Aut\u00f3noma de M\u00e9xico, Ciudad\u2026","rel":"","context":"En &quot;Revista Salud Mental&quot;","img":{"alt_text":"","src":"https:\/\/i0.wp.com\/lafuente.mx\/wp-content\/uploads\/2024\/01\/adulto-mayor.png?fit=1120%2C832&ssl=1&resize=350%2C200","width":350,"height":200},"classes":[]},{"id":2704,"url":"https:\/\/lafuente.mx\/?p=2704","url_meta":{"origin":1108,"position":5},"title":"Desregulaci\u00f3n emocional y preocupaci\u00f3n como mediadores entre eventos vitales estresantes y s\u00edntomas de estr\u00e9s postraum\u00e1tico en mujeres mexicanas adultas: un estudio transversal\u00a0","date":"diciembre 6, 2024","format":false,"excerpt":"Revista Salud Mental\u00a0\u00a0 Anabel de la Rosa G\u00f3mez,1, Alejandrina Hern\u00e1ndez Posadas,1, Pablo D. Valencia,1,Lorena A. Flores Plata,1, Alicia Flores Elvira1, 1 Facultad de Estudios Superiores Iztacala, Universidad Nacional Aut\u00f3noma de M\u00e9xico, Estado de M\u00e9xico, M\u00e9xico.\u00a0 Introducci\u00f3n.\u00a0\u00a0 Las mujeres experimentan numerosos episodios de eventos adversos, a menudo vinculados con la violencia,\u2026","rel":"","context":"En &quot;Revista Salud Mental&quot;","img":{"alt_text":"","src":"https:\/\/i0.wp.com\/lafuente.mx\/wp-content\/uploads\/2024\/12\/Captura-de-pantalla-2024-12-05-a-las-13.09.35.png?fit=1200%2C805&ssl=1&resize=350%2C200","width":350,"height":200},"classes":[]}],"jetpack_sharing_enabled":true,"jetpack_shortlink":"https:\/\/wp.me\/pe9WUx-hS","_links":{"self":[{"href":"https:\/\/lafuente.mx\/index.php?rest_route=\/wp\/v2\/posts\/1108"}],"collection":[{"href":"https:\/\/lafuente.mx\/index.php?rest_route=\/wp\/v2\/posts"}],"about":[{"href":"https:\/\/lafuente.mx\/index.php?rest_route=\/wp\/v2\/types\/post"}],"author":[{"embeddable":true,"href":"https:\/\/lafuente.mx\/index.php?rest_route=\/wp\/v2\/users\/5"}],"replies":[{"embeddable":true,"href":"https:\/\/lafuente.mx\/index.php?rest_route=%2Fwp%2Fv2%2Fcomments&post=1108"}],"version-history":[{"count":12,"href":"https:\/\/lafuente.mx\/index.php?rest_route=\/wp\/v2\/posts\/1108\/revisions"}],"predecessor-version":[{"id":1146,"href":"https:\/\/lafuente.mx\/index.php?rest_route=\/wp\/v2\/posts\/1108\/revisions\/1146"}],"wp:featuredmedia":[{"embeddable":true,"href":"https:\/\/lafuente.mx\/index.php?rest_route=\/wp\/v2\/media\/1112"}],"wp:attachment":[{"href":"https:\/\/lafuente.mx\/index.php?rest_route=%2Fwp%2Fv2%2Fmedia&parent=1108"}],"wp:term":[{"taxonomy":"category","embeddable":true,"href":"https:\/\/lafuente.mx\/index.php?rest_route=%2Fwp%2Fv2%2Fcategories&post=1108"},{"taxonomy":"post_tag","embeddable":true,"href":"https:\/\/lafuente.mx\/index.php?rest_route=%2Fwp%2Fv2%2Ftags&post=1108"}],"curies":[{"name":"wp","href":"https:\/\/api.w.org\/{rel}","templated":true}]}}