{"id":1100,"date":"2023-04-27T12:00:00","date_gmt":"2023-04-27T12:00:00","guid":{"rendered":"https:\/\/lafuente.mx\/?p=1100"},"modified":"2023-05-11T20:32:44","modified_gmt":"2023-05-11T20:32:44","slug":"dia-mundial-de-la-seguridad-y-salud-en-el-trabajo-2023","status":"publish","type":"post","link":"https:\/\/lafuente.mx\/?p=1100","title":{"rendered":"D\u00eda Mundial de la Seguridad y Salud en el Trabajo 2023\u00a0"},"content":{"rendered":"\n<p class=\"has-text-align-center has-luminous-vivid-orange-color has-text-color has-large-font-size\">28 de abril<\/p>\n\n\n\n<hr class=\"wp-block-separator has-text-color has-alpha-channel-opacity has-background is-style-wide\" style=\"background-color:#2b7fa9;color:#2b7fa9\"\/>\n\n\n\n<p class=\"has-text-color\" style=\"color:#1773a8\">El <strong>D\u00eda Mundial de la Seguridad y la Salud en el Trabajo de 2023<\/strong>, se conmemorar\u00e1 el 28 de abril y explorar\u00e1 el tema de un entorno de trabajo seguro y saludable como principio y derecho fundamental en el trabajo.&nbsp;<\/p>\n\n\n<div class=\"wp-block-image\">\n<figure class=\"aligncenter size-large\"><img decoding=\"async\" loading=\"lazy\" width=\"640\" height=\"427\" src=\"https:\/\/i0.wp.com\/lafuente.mx\/wp-content\/uploads\/2023\/04\/concepto-proteccion-trabajo-mesa-madera-vista-superior.jpg?resize=640%2C427\" alt=\"\" class=\"wp-image-1101\" srcset=\"https:\/\/i0.wp.com\/lafuente.mx\/wp-content\/uploads\/2023\/04\/concepto-proteccion-trabajo-mesa-madera-vista-superior-scaled.jpg?resize=1024%2C683&amp;ssl=1 1024w, https:\/\/i0.wp.com\/lafuente.mx\/wp-content\/uploads\/2023\/04\/concepto-proteccion-trabajo-mesa-madera-vista-superior-scaled.jpg?resize=300%2C200&amp;ssl=1 300w, https:\/\/i0.wp.com\/lafuente.mx\/wp-content\/uploads\/2023\/04\/concepto-proteccion-trabajo-mesa-madera-vista-superior-scaled.jpg?resize=768%2C512&amp;ssl=1 768w, https:\/\/i0.wp.com\/lafuente.mx\/wp-content\/uploads\/2023\/04\/concepto-proteccion-trabajo-mesa-madera-vista-superior-scaled.jpg?resize=1536%2C1024&amp;ssl=1 1536w, https:\/\/i0.wp.com\/lafuente.mx\/wp-content\/uploads\/2023\/04\/concepto-proteccion-trabajo-mesa-madera-vista-superior-scaled.jpg?resize=2048%2C1365&amp;ssl=1 2048w, https:\/\/i0.wp.com\/lafuente.mx\/wp-content\/uploads\/2023\/04\/concepto-proteccion-trabajo-mesa-madera-vista-superior-scaled.jpg?w=1280 1280w, https:\/\/i0.wp.com\/lafuente.mx\/wp-content\/uploads\/2023\/04\/concepto-proteccion-trabajo-mesa-madera-vista-superior-scaled.jpg?w=1920 1920w\" sizes=\"(max-width: 640px) 100vw, 640px\" data-recalc-dims=\"1\" \/><\/figure><\/div>\n\n\n<p class=\"has-text-color\" style=\"color:#1773a8\">En junio de 2022, la <strong>Conferencia Internacional del Trabajo<\/strong> (CIT), decidi\u00f3 incluir &#8220;un entorno de trabajo seguro y saludable&#8221; en el marco de principios y derechos fundamentales en el trabajo de la <strong>Organizaci\u00f3n Internacional del Trabajo<\/strong> (OIT).&nbsp;<\/p>\n\n\n\n<p class=\"has-text-color\" style=\"color:#1773a8\">En esta ocasi\u00f3n, el Convenio sobre seguridad y salud de los trabajadores, n.\u00ba 155 y el Convenio sobre el marco promocional para la seguridad y salud de los trabajadores, n.\u00ba 187, fueron declarados convenios fundamentales.&nbsp;<br>&nbsp;<br>A ra\u00edz de esta decisi\u00f3n, todos los Estados miembros, aunque no hayan ratificado los convenios en cuesti\u00f3n, tienen la obligaci\u00f3n, derivada del hecho mismo de su pertenencia a la Organizaci\u00f3n, de respetar, promover y realizar, de buena fe y de conformidad con la Constituci\u00f3n, los principios relativos a los derechos fundamentales que son objeto de dichos convenios.&nbsp;<\/p>\n\n\n\n<div class=\"wp-block-buttons is-layout-flex wp-block-buttons-is-layout-flex\">\n<div class=\"wp-block-button is-style-fill\"><a class=\"wp-block-button__link has-white-color has-text-color has-background\" href=\"https:\/\/www.ilo.org\/global\/topics\/safety-and-health-at-work\/events-training\/events-meetings\/safeday2023\/lang--es\/index.htm\" style=\"background-color:#e03c12\" target=\"_blank\" rel=\"noreferrer noopener\"><strong>M\u00e1s informaci\u00f3n<\/strong><\/a><\/div>\n<\/div>\n","protected":false},"excerpt":{"rendered":"<p>28 de abril El D\u00eda Mundial de la Seguridad y la Salud en el Trabajo de 2023, se conmemorar\u00e1 el 28 de abril y explorar\u00e1<\/p>\n","protected":false},"author":5,"featured_media":1101,"comment_status":"open","ping_status":"open","sticky":false,"template":"","format":"standard","meta":{"footnotes":"","jetpack_publicize_message":"","jetpack_is_tweetstorm":false,"jetpack_publicize_feature_enabled":true},"categories":[13],"tags":[190,191,193,192,189,194],"jetpack_publicize_connections":[],"yoast_head":"<!-- This site is optimized with the Yoast SEO plugin v19.4 - https:\/\/yoast.com\/wordpress\/plugins\/seo\/ -->\n<title>D\u00eda Mundial de la Seguridad y Salud en el Trabajo 2023\u00a0 -<\/title>\n<meta name=\"description\" content=\"D\u00eda Mundial de la Seguridad y Salud en el Trabajo 2023\u00a0\" \/>\n<meta name=\"robots\" content=\"index, follow, max-snippet:-1, max-image-preview:large, max-video-preview:-1\" \/>\n<link rel=\"canonical\" href=\"https:\/\/lafuente.mx\/?p=1100\" \/>\n<meta property=\"og:locale\" content=\"es_MX\" \/>\n<meta property=\"og:type\" content=\"article\" \/>\n<meta property=\"og:title\" content=\"D\u00eda Mundial de la Seguridad y Salud en el Trabajo 2023\u00a0\" \/>\n<meta property=\"og:description\" content=\"D\u00eda Mundial de la Seguridad y Salud en el Trabajo 2023\u00a0\" \/>\n<meta property=\"og:url\" content=\"https:\/\/lafuente.mx\/?p=1100\" \/>\n<meta property=\"article:published_time\" content=\"2023-04-27T12:00:00+00:00\" \/>\n<meta property=\"article:modified_time\" content=\"2023-05-11T20:32:44+00:00\" \/>\n<meta property=\"og:image\" content=\"http:\/\/lafuente.mx\/wp-content\/uploads\/2023\/04\/concepto-proteccion-trabajo-mesa-madera-vista-superior-scaled.jpg\" \/>\n\t<meta property=\"og:image:width\" content=\"2560\" \/>\n\t<meta property=\"og:image:height\" content=\"1707\" \/>\n\t<meta property=\"og:image:type\" content=\"image\/jpeg\" \/>\n<meta name=\"author\" content=\"Dar\u00edo Ram\u00edrez\" \/>\n<meta name=\"twitter:card\" content=\"summary_large_image\" \/>\n<meta name=\"twitter:title\" content=\"D\u00eda Mundial de la Seguridad y Salud en el Trabajo 2023\u00a0\" \/>\n<meta name=\"twitter:description\" content=\"D\u00eda Mundial de la Seguridad y Salud en el Trabajo 2023\u00a0\" \/>\n<meta name=\"twitter:image\" content=\"https:\/\/i0.wp.com\/lafuente.mx\/wp-content\/uploads\/2023\/04\/concepto-proteccion-trabajo-mesa-madera-vista-superior-scaled.jpg?fit=2560%2C1707&ssl=1\" \/>\n<meta name=\"twitter:label1\" content=\"Escrito por\" \/>\n\t<meta name=\"twitter:data1\" content=\"Dar\u00edo Ram\u00edrez\" \/>\n\t<meta name=\"twitter:label2\" content=\"Tiempo de lectura\" \/>\n\t<meta name=\"twitter:data2\" content=\"1 minuto\" \/>\n<script type=\"application\/ld+json\" class=\"yoast-schema-graph\">{\"@context\":\"https:\/\/schema.org\",\"@graph\":[{\"@type\":\"WebSite\",\"@id\":\"https:\/\/lafuente.mx\/#website\",\"url\":\"https:\/\/lafuente.mx\/\",\"name\":\"\",\"description\":\"Informaci\u00f3n confiable sobre salud mental\",\"potentialAction\":[{\"@type\":\"SearchAction\",\"target\":{\"@type\":\"EntryPoint\",\"urlTemplate\":\"https:\/\/lafuente.mx\/?s={search_term_string}\"},\"query-input\":\"required name=search_term_string\"}],\"inLanguage\":\"es-MX\"},{\"@type\":\"WebPage\",\"@id\":\"https:\/\/lafuente.mx\/?p=1100\",\"url\":\"https:\/\/lafuente.mx\/?p=1100\",\"name\":\"D\u00eda Mundial de la Seguridad y Salud en el Trabajo 2023\u00a0 -\",\"isPartOf\":{\"@id\":\"https:\/\/lafuente.mx\/#website\"},\"datePublished\":\"2023-04-27T12:00:00+00:00\",\"dateModified\":\"2023-05-11T20:32:44+00:00\",\"author\":{\"@id\":\"https:\/\/lafuente.mx\/#\/schema\/person\/b9cc1ac3941245ec61c80638a92abfb6\"},\"description\":\"D\u00eda Mundial de la Seguridad y Salud en el Trabajo 2023\u00a0\",\"breadcrumb\":{\"@id\":\"https:\/\/lafuente.mx\/?p=1100#breadcrumb\"},\"inLanguage\":\"es-MX\",\"potentialAction\":[{\"@type\":\"ReadAction\",\"target\":[\"https:\/\/lafuente.mx\/?p=1100\"]}]},{\"@type\":\"BreadcrumbList\",\"@id\":\"https:\/\/lafuente.mx\/?p=1100#breadcrumb\",\"itemListElement\":[{\"@type\":\"ListItem\",\"position\":1,\"name\":\"Inicio\",\"item\":\"https:\/\/lafuente.mx\/\"},{\"@type\":\"ListItem\",\"position\":2,\"name\":\"D\u00eda Mundial de la Seguridad y Salud en el Trabajo 2023\u00a0\"}]},{\"@type\":\"Person\",\"@id\":\"https:\/\/lafuente.mx\/#\/schema\/person\/b9cc1ac3941245ec61c80638a92abfb6\",\"name\":\"Dar\u00edo Ram\u00edrez\",\"image\":{\"@type\":\"ImageObject\",\"inLanguage\":\"es-MX\",\"@id\":\"https:\/\/lafuente.mx\/#\/schema\/person\/image\/\",\"url\":\"https:\/\/secure.gravatar.com\/avatar\/bd5441528d8085d08a897e5789079259?s=96&d=mm&r=g\",\"contentUrl\":\"https:\/\/secure.gravatar.com\/avatar\/bd5441528d8085d08a897e5789079259?s=96&d=mm&r=g\",\"caption\":\"Dar\u00edo Ram\u00edrez\"},\"url\":\"https:\/\/lafuente.mx\/?author=5\"}]}<\/script>\n<!-- \/ Yoast SEO plugin. -->","yoast_head_json":{"title":"D\u00eda Mundial de la Seguridad y Salud en el Trabajo 2023\u00a0 -","description":"D\u00eda Mundial de la Seguridad y Salud en el Trabajo 2023\u00a0","robots":{"index":"index","follow":"follow","max-snippet":"max-snippet:-1","max-image-preview":"max-image-preview:large","max-video-preview":"max-video-preview:-1"},"canonical":"https:\/\/lafuente.mx\/?p=1100","og_locale":"es_MX","og_type":"article","og_title":"D\u00eda Mundial de la Seguridad y Salud en el Trabajo 2023\u00a0","og_description":"D\u00eda Mundial de la Seguridad y Salud en el Trabajo 2023\u00a0","og_url":"https:\/\/lafuente.mx\/?p=1100","article_published_time":"2023-04-27T12:00:00+00:00","article_modified_time":"2023-05-11T20:32:44+00:00","og_image":[{"width":2560,"height":1707,"url":"http:\/\/lafuente.mx\/wp-content\/uploads\/2023\/04\/concepto-proteccion-trabajo-mesa-madera-vista-superior-scaled.jpg","type":"image\/jpeg"}],"author":"Dar\u00edo Ram\u00edrez","twitter_card":"summary_large_image","twitter_title":"D\u00eda Mundial de la Seguridad y Salud en el Trabajo 2023\u00a0","twitter_description":"D\u00eda Mundial de la Seguridad y Salud en el Trabajo 2023\u00a0","twitter_image":"https:\/\/i0.wp.com\/lafuente.mx\/wp-content\/uploads\/2023\/04\/concepto-proteccion-trabajo-mesa-madera-vista-superior-scaled.jpg?fit=2560%2C1707&ssl=1","twitter_misc":{"Escrito por":"Dar\u00edo Ram\u00edrez","Tiempo de lectura":"1 minuto"},"schema":{"@context":"https:\/\/schema.org","@graph":[{"@type":"WebSite","@id":"https:\/\/lafuente.mx\/#website","url":"https:\/\/lafuente.mx\/","name":"","description":"Informaci\u00f3n confiable sobre salud mental","potentialAction":[{"@type":"SearchAction","target":{"@type":"EntryPoint","urlTemplate":"https:\/\/lafuente.mx\/?s={search_term_string}"},"query-input":"required name=search_term_string"}],"inLanguage":"es-MX"},{"@type":"WebPage","@id":"https:\/\/lafuente.mx\/?p=1100","url":"https:\/\/lafuente.mx\/?p=1100","name":"D\u00eda Mundial de la Seguridad y Salud en el Trabajo 2023\u00a0 -","isPartOf":{"@id":"https:\/\/lafuente.mx\/#website"},"datePublished":"2023-04-27T12:00:00+00:00","dateModified":"2023-05-11T20:32:44+00:00","author":{"@id":"https:\/\/lafuente.mx\/#\/schema\/person\/b9cc1ac3941245ec61c80638a92abfb6"},"description":"D\u00eda Mundial de la Seguridad y Salud en el Trabajo 2023\u00a0","breadcrumb":{"@id":"https:\/\/lafuente.mx\/?p=1100#breadcrumb"},"inLanguage":"es-MX","potentialAction":[{"@type":"ReadAction","target":["https:\/\/lafuente.mx\/?p=1100"]}]},{"@type":"BreadcrumbList","@id":"https:\/\/lafuente.mx\/?p=1100#breadcrumb","itemListElement":[{"@type":"ListItem","position":1,"name":"Inicio","item":"https:\/\/lafuente.mx\/"},{"@type":"ListItem","position":2,"name":"D\u00eda Mundial de la Seguridad y Salud en el Trabajo 2023\u00a0"}]},{"@type":"Person","@id":"https:\/\/lafuente.mx\/#\/schema\/person\/b9cc1ac3941245ec61c80638a92abfb6","name":"Dar\u00edo Ram\u00edrez","image":{"@type":"ImageObject","inLanguage":"es-MX","@id":"https:\/\/lafuente.mx\/#\/schema\/person\/image\/","url":"https:\/\/secure.gravatar.com\/avatar\/bd5441528d8085d08a897e5789079259?s=96&d=mm&r=g","contentUrl":"https:\/\/secure.gravatar.com\/avatar\/bd5441528d8085d08a897e5789079259?s=96&d=mm&r=g","caption":"Dar\u00edo Ram\u00edrez"},"url":"https:\/\/lafuente.mx\/?author=5"}]}},"jetpack_featured_media_url":"https:\/\/i0.wp.com\/lafuente.mx\/wp-content\/uploads\/2023\/04\/concepto-proteccion-trabajo-mesa-madera-vista-superior-scaled.jpg?fit=2560%2C1707&ssl=1","jetpack-related-posts":[{"id":2944,"url":"https:\/\/lafuente.mx\/?p=2944","url_meta":{"origin":1100,"position":0},"title":"Foro sobre el D\u00eda Internacional de Acci\u00f3n por la Salud de las Mujeres\u00a0\u00a0","date":"junio 6, 2025","format":false,"excerpt":"Mayo 2025 El pasado 28 de mayo se conmemor\u00f3 el D\u00eda Internacional de\u00a0Acci\u00f3n por la Salud de las Mujeres en el auditorio \u201cDr. Alberto Guevara Rojas\u201d, en donde a trav\u00e9s de diversas ponencias se abordaron diferentes puntos de vista de la importancia que tiene la salud de las mujeres en\u2026","rel":"","context":"En &quot;Efem\u00e9rides de Salud Mental&quot;","img":{"alt_text":"","src":"https:\/\/i0.wp.com\/lafuente.mx\/wp-content\/uploads\/2025\/06\/image-1.png?fit=1200%2C600&ssl=1&resize=350%2C200","width":350,"height":200},"classes":[]},{"id":1190,"url":"https:\/\/lafuente.mx\/?p=1190","url_meta":{"origin":1100,"position":1},"title":"CONADIC, ISSSTE e IMSS emprenden acciones conjuntas a trav\u00e9s de la campa\u00f1a \u201cVive saludablemente\u201d\u00a0","date":"mayo 3, 2023","format":false,"excerpt":"El objetivo es normalizar el tema de las emociones en las conversaciones y promover la atenci\u00f3n a la salud mental\u00a0 Secretar\u00eda de Salud | 19 de abril de 2023 | Nacional\u00a0 Imagen INPRFM Como parte del Plan Sectorial de Salud Mental inici\u00f3 la campa\u00f1a \u201cVive saludablemente\u201d, que tiene el prop\u00f3sito\u2026","rel":"","context":"En &quot;Noticias&quot;","img":{"alt_text":"","src":"https:\/\/i0.wp.com\/lafuente.mx\/wp-content\/uploads\/2023\/04\/Captura-de-Pantalla-2023-04-28-a-las-14.25.48-1.png?fit=1200%2C938&ssl=1&resize=350%2C200","width":350,"height":200},"classes":[]},{"id":3221,"url":"https:\/\/lafuente.mx\/?p=3221","url_meta":{"origin":1100,"position":2},"title":"D\u00eda Nacional de las y los Trabajadores Sociales\u00a0","date":"agosto 21, 2025","format":false,"excerpt":"21 de agosto El 29 de abril de 2021, la C\u00e1mara de Diputados, LXIV Legislatura del H. Congreso de la Uni\u00f3n aprob\u00f3 el decreto por el que se declar\u00f3 el 21 de agosto de cada a\u00f1o como D\u00eda Nacional de las y los Trabajadores Sociales.\u00a0 Esta conmemoraci\u00f3n es un reconocimiento\u2026","rel":"","context":"En &quot;Efem\u00e9rides de Salud Mental&quot;","img":{"alt_text":"","src":"https:\/\/i0.wp.com\/lafuente.mx\/wp-content\/uploads\/2025\/08\/miembros-de-los-sindicatos-trabajando-juntos-scaled.jpg?fit=1200%2C675&ssl=1&resize=350%2C200","width":350,"height":200},"classes":[]},{"id":1254,"url":"https:\/\/lafuente.mx\/?p=1254","url_meta":{"origin":1100,"position":3},"title":"El D\u00eda Mundial Sin Tabaco se celebra anualmente el 31 de mayo en todo el mundo","date":"mayo 31, 2023","format":false,"excerpt":"Cultivemos alimentos, no tabaco 31 de mayo\u00a0 Imagen CONADIC El cultivo de tabaco es perjudicial para nuestra salud, la de los agricultores y la del planeta. La industria tabacalera interfiere en los intentos de sustituir el cultivo de tabaco, con lo que contribuye a la crisis alimentaria mundial.\u00a0 Esta campa\u00f1a\u2026","rel":"","context":"En &quot;Efem\u00e9rides de Salud Mental&quot;","img":{"alt_text":"","src":"https:\/\/i0.wp.com\/lafuente.mx\/wp-content\/uploads\/2023\/05\/Captura-de-Pantalla-2023-05-31-a-las-8.31.19.png?fit=1143%2C1200&ssl=1&resize=350%2C200","width":350,"height":200},"classes":[]},{"id":2966,"url":"https:\/\/lafuente.mx\/?p=2966","url_meta":{"origin":1100,"position":4},"title":"4\u00aa\u00a0Encuentro Binacional de Neurociencias y Salud Mental","date":"julio 2, 2025","format":false,"excerpt":"Durante los d\u00edas\u00a011 y 12 de abril de este a\u00f1o 2025, se llev\u00f3 a cabo en el auditorio de nuestro Instituto\u00a0Nacional de Psiquiatr\u00eda Ram\u00f3n de la Fuente Mu\u00f1iz\u00a0el\u00a04\u00aa\u00a0Encuentro Binacional de Neurociencias y Salud Mental, con la participaci\u00f3n de destacados profesores-investigadores de la Universidad del Rosario, la Universidad Externado de Colombia,\u2026","rel":"","context":"En &quot;Eventos Acad\u00e9micos del INPRFM&quot;","img":{"alt_text":"","src":"https:\/\/i0.wp.com\/lafuente.mx\/wp-content\/uploads\/2025\/06\/IMG_4138-scaled.jpg?resize=350%2C200&ssl=1","width":350,"height":200},"classes":[]},{"id":862,"url":"https:\/\/lafuente.mx\/?p=862","url_meta":{"origin":1100,"position":5},"title":"Por la reducci\u00f3n del estigma y la discriminaci\u00f3n en la salud mental","date":"marzo 6, 2023","format":false,"excerpt":"4 de marzo 2023 En el marco del D\u00eda Internacional de la Cero Discriminaci\u00f3n se llev\u00f3 a cabo, los d\u00edas 2 y 3 de marzo del 2023, el Seminario-Taller \u201c\"Complejo Estigma-Discriminaci\u00f3n (CED) e implicaciones \u00e9ticas del lenguaje utilizado en la investigaci\u00f3n sobre los trastornos mentales: Oportunidades y Desaf\u00edos\"\u00a0en las instalaciones\u2026","rel":"","context":"En &quot;Noticias&quot;","img":{"alt_text":"","src":"https:\/\/i0.wp.com\/lafuente.mx\/wp-content\/uploads\/2023\/03\/Seminario-taller-Estigma_0003_DSC_0039.jpg?fit=1181%2C784&ssl=1&resize=350%2C200","width":350,"height":200},"classes":[]}],"jetpack_sharing_enabled":true,"jetpack_shortlink":"https:\/\/wp.me\/pe9WUx-hK","_links":{"self":[{"href":"https:\/\/lafuente.mx\/index.php?rest_route=\/wp\/v2\/posts\/1100"}],"collection":[{"href":"https:\/\/lafuente.mx\/index.php?rest_route=\/wp\/v2\/posts"}],"about":[{"href":"https:\/\/lafuente.mx\/index.php?rest_route=\/wp\/v2\/types\/post"}],"author":[{"embeddable":true,"href":"https:\/\/lafuente.mx\/index.php?rest_route=\/wp\/v2\/users\/5"}],"replies":[{"embeddable":true,"href":"https:\/\/lafuente.mx\/index.php?rest_route=%2Fwp%2Fv2%2Fcomments&post=1100"}],"version-history":[{"count":9,"href":"https:\/\/lafuente.mx\/index.php?rest_route=\/wp\/v2\/posts\/1100\/revisions"}],"predecessor-version":[{"id":1177,"href":"https:\/\/lafuente.mx\/index.php?rest_route=\/wp\/v2\/posts\/1100\/revisions\/1177"}],"wp:featuredmedia":[{"embeddable":true,"href":"https:\/\/lafuente.mx\/index.php?rest_route=\/wp\/v2\/media\/1101"}],"wp:attachment":[{"href":"https:\/\/lafuente.mx\/index.php?rest_route=%2Fwp%2Fv2%2Fmedia&parent=1100"}],"wp:term":[{"taxonomy":"category","embeddable":true,"href":"https:\/\/lafuente.mx\/index.php?rest_route=%2Fwp%2Fv2%2Fcategories&post=1100"},{"taxonomy":"post_tag","embeddable":true,"href":"https:\/\/lafuente.mx\/index.php?rest_route=%2Fwp%2Fv2%2Ftags&post=1100"}],"curies":[{"name":"wp","href":"https:\/\/api.w.org\/{rel}","templated":true}]}}