{"id":13,"count":64,"description":"<p data-start=\"149\" data-end=\"531\">Un recorrido por las <strong data-start=\"170\" data-end=\"238\">fechas conmemorativas m\u00e1s importantes en torno a la salud mental<\/strong>, que buscan generar conciencia, sensibilizar a la comunidad y reconocer los esfuerzos globales y nacionales en la promoci\u00f3n del bienestar psicol\u00f3gico.<\/p>\r\n<p data-start=\"149\" data-end=\"531\">En esta secci\u00f3n encontrar\u00e1s materiales informativos y gr\u00e1ficos que recuerdan la relevancia de cada fecha y su impacto en la vida cotidiana.<\/p>","link":"https:\/\/lafuente.mx\/?cat=13","name":"Efem\u00e9rides de Salud Mental","slug":"efemerides","taxonomy":"category","parent":0,"meta":[],"yoast_head":"<!-- This site is optimized with the Yoast SEO plugin v19.4 - https:\/\/yoast.com\/wordpress\/plugins\/seo\/ -->\n<title>Efem\u00e9rides de Salud Mental Archivos -<\/title>\n<meta name=\"robots\" content=\"index, follow, max-snippet:-1, max-image-preview:large, max-video-preview:-1\" \/>\n<link rel=\"canonical\" href=\"https:\/\/lafuente.mx\/?cat=13\" \/>\n<meta property=\"og:locale\" content=\"es_MX\" \/>\n<meta property=\"og:type\" content=\"article\" \/>\n<meta property=\"og:title\" content=\"Efem\u00e9rides de Salud Mental Archivos -\" \/>\n<meta property=\"og:description\" content=\"Un recorrido por las fechas conmemorativas m\u00e1s importantes en torno a la salud mental, que buscan generar conciencia, sensibilizar a la comunidad y reconocer los esfuerzos globales y nacionales en la promoci\u00f3n del bienestar psicol\u00f3gico. En esta secci\u00f3n encontrar\u00e1s materiales informativos y gr\u00e1ficos que recuerdan la relevancia de cada fecha y su impacto en la vida cotidiana.\" \/>\n<meta property=\"og:url\" content=\"https:\/\/lafuente.mx\/?cat=13\" \/>\n<meta name=\"twitter:card\" content=\"summary_large_image\" \/>\n<script type=\"application\/ld+json\" class=\"yoast-schema-graph\">{\"@context\":\"https:\/\/schema.org\",\"@graph\":[{\"@type\":\"WebSite\",\"@id\":\"https:\/\/lafuente.mx\/#website\",\"url\":\"https:\/\/lafuente.mx\/\",\"name\":\"\",\"description\":\"Informaci\u00f3n confiable sobre salud mental\",\"potentialAction\":[{\"@type\":\"SearchAction\",\"target\":{\"@type\":\"EntryPoint\",\"urlTemplate\":\"https:\/\/lafuente.mx\/?s={search_term_string}\"},\"query-input\":\"required name=search_term_string\"}],\"inLanguage\":\"es-MX\"},{\"@type\":\"CollectionPage\",\"@id\":\"https:\/\/lafuente.mx\/?cat=13\",\"url\":\"https:\/\/lafuente.mx\/?cat=13\",\"name\":\"Efem\u00e9rides de Salud Mental Archivos -\",\"isPartOf\":{\"@id\":\"https:\/\/lafuente.mx\/#website\"},\"breadcrumb\":{\"@id\":\"https:\/\/lafuente.mx\/?cat=13#breadcrumb\"},\"inLanguage\":\"es-MX\"},{\"@type\":\"BreadcrumbList\",\"@id\":\"https:\/\/lafuente.mx\/?cat=13#breadcrumb\",\"itemListElement\":[{\"@type\":\"ListItem\",\"position\":1,\"name\":\"Inicio\",\"item\":\"https:\/\/lafuente.mx\/\"},{\"@type\":\"ListItem\",\"position\":2,\"name\":\"Efem\u00e9rides de Salud Mental\"}]}]}<\/script>\n<!-- \/ Yoast SEO plugin. -->","yoast_head_json":{"title":"Efem\u00e9rides de Salud Mental Archivos -","robots":{"index":"index","follow":"follow","max-snippet":"max-snippet:-1","max-image-preview":"max-image-preview:large","max-video-preview":"max-video-preview:-1"},"canonical":"https:\/\/lafuente.mx\/?cat=13","og_locale":"es_MX","og_type":"article","og_title":"Efem\u00e9rides de Salud Mental Archivos -","og_description":"Un recorrido por las fechas conmemorativas m\u00e1s importantes en torno a la salud mental, que buscan generar conciencia, sensibilizar a la comunidad y reconocer los esfuerzos globales y nacionales en la promoci\u00f3n del bienestar psicol\u00f3gico. En esta secci\u00f3n encontrar\u00e1s materiales informativos y gr\u00e1ficos que recuerdan la relevancia de cada fecha y su impacto en la vida cotidiana.","og_url":"https:\/\/lafuente.mx\/?cat=13","twitter_card":"summary_large_image","schema":{"@context":"https:\/\/schema.org","@graph":[{"@type":"WebSite","@id":"https:\/\/lafuente.mx\/#website","url":"https:\/\/lafuente.mx\/","name":"","description":"Informaci\u00f3n confiable sobre salud mental","potentialAction":[{"@type":"SearchAction","target":{"@type":"EntryPoint","urlTemplate":"https:\/\/lafuente.mx\/?s={search_term_string}"},"query-input":"required name=search_term_string"}],"inLanguage":"es-MX"},{"@type":"CollectionPage","@id":"https:\/\/lafuente.mx\/?cat=13","url":"https:\/\/lafuente.mx\/?cat=13","name":"Efem\u00e9rides de Salud Mental Archivos -","isPartOf":{"@id":"https:\/\/lafuente.mx\/#website"},"breadcrumb":{"@id":"https:\/\/lafuente.mx\/?cat=13#breadcrumb"},"inLanguage":"es-MX"},{"@type":"BreadcrumbList","@id":"https:\/\/lafuente.mx\/?cat=13#breadcrumb","itemListElement":[{"@type":"ListItem","position":1,"name":"Inicio","item":"https:\/\/lafuente.mx\/"},{"@type":"ListItem","position":2,"name":"Efem\u00e9rides de Salud Mental"}]}]}},"_links":{"self":[{"href":"https:\/\/lafuente.mx\/index.php?rest_route=\/wp\/v2\/categories\/13"}],"collection":[{"href":"https:\/\/lafuente.mx\/index.php?rest_route=\/wp\/v2\/categories"}],"about":[{"href":"https:\/\/lafuente.mx\/index.php?rest_route=\/wp\/v2\/taxonomies\/category"}],"wp:post_type":[{"href":"https:\/\/lafuente.mx\/index.php?rest_route=%2Fwp%2Fv2%2Fposts&categories=13"}],"curies":[{"name":"wp","href":"https:\/\/api.w.org\/{rel}","templated":true}]}}